{"id":2520,"date":"2022-07-28T21:02:55","date_gmt":"2022-07-28T19:02:55","guid":{"rendered":"https:\/\/us.edu.pl\/instytut\/isp\/?p=2520"},"modified":"2022-07-28T21:18:21","modified_gmt":"2022-07-28T19:18:21","slug":"prof-witold-jacykow-nagrodzony-na-5-bielskim-festiwalu-sztuk-wizualnych-2022","status":"publish","type":"post","link":"https:\/\/us.edu.pl\/instytut\/isp\/2022\/07\/28\/prof-witold-jacykow-nagrodzony-na-5-bielskim-festiwalu-sztuk-wizualnych-2022\/","title":{"rendered":"Prof. Witold Jacyk\u00f3w nagrodzony na 5. Bielskim Festiwalu Sztuk Wizualnych 2022"},"content":{"rendered":"<p><span style=\"font-size: 12pt;\">Z przyjemno\u015bci\u0105 informujemy, \u017ce Nagrod\u0119 Prezesa Fundacji Centrum Fotografii podczas tegorocznego 5. Bielskiego Festiwalu Sztuk Wizualnych 2022 otrzyma\u0142 prof. dr hab. Witold Jacyk\u00f3w za prac\u0119 \u201ePod powiekami\u201d.<\/span><\/p>\n<p><span style=\"font-size: 12pt;\">Serdecznie gratulujemy!<\/span><\/p>","protected":false},"excerpt":{"rendered":"<p>Z przyjemno\u015bci\u0105 informujemy, \u017ce Nagrod\u0119 Prezesa Fundacji Centrum Fotografii podczas tegorocznego 5. Bielskiego Festiwalu Sztuk Wizualnych 2022 otrzyma\u0142 prof. dr hab. Witold Jacyk\u00f3w za prac\u0119 \u201ePod powiekami\u201d. Serdecznie gratulujemy! [&#8230;]<\/p>\n<p><a class=\"btn btn-secondary understrap-read-more-link\" href=\"https:\/\/us.edu.pl\/instytut\/isp\/2022\/07\/28\/prof-witold-jacykow-nagrodzony-na-5-bielskim-festiwalu-sztuk-wizualnych-2022\/\">Read More&#8230;<\/a><\/p>\n","protected":false},"author":111,"featured_media":2521,"comment_status":"open","ping_status":"open","sticky":false,"template":"","format":"standard","meta":{"_expiration-date-status":"","_expiration-date":0,"_expiration-date-type":"","_expiration-date-categories":[],"_expiration-date-options":[]},"categories":[8],"tags":[],"acf":[],"_links":{"self":[{"href":"https:\/\/us.edu.pl\/instytut\/isp\/wp-json\/wp\/v2\/posts\/2520"}],"collection":[{"href":"https:\/\/us.edu.pl\/instytut\/isp\/wp-json\/wp\/v2\/posts"}],"about":[{"href":"https:\/\/us.edu.pl\/instytut\/isp\/wp-json\/wp\/v2\/types\/post"}],"author":[{"embeddable":true,"href":"https:\/\/us.edu.pl\/instytut\/isp\/wp-json\/wp\/v2\/users\/111"}],"replies":[{"embeddable":true,"href":"https:\/\/us.edu.pl\/instytut\/isp\/wp-json\/wp\/v2\/comments?post=2520"}],"version-history":[{"count":1,"href":"https:\/\/us.edu.pl\/instytut\/isp\/wp-json\/wp\/v2\/posts\/2520\/revisions"}],"predecessor-version":[{"id":2522,"href":"https:\/\/us.edu.pl\/instytut\/isp\/wp-json\/wp\/v2\/posts\/2520\/revisions\/2522"}],"wp:featuredmedia":[{"embeddable":true,"href":"https:\/\/us.edu.pl\/instytut\/isp\/wp-json\/wp\/v2\/media\/2521"}],"wp:attachment":[{"href":"https:\/\/us.edu.pl\/instytut\/isp\/wp-json\/wp\/v2\/media?parent=2520"}],"wp:term":[{"taxonomy":"category","embeddable":true,"href":"https:\/\/us.edu.pl\/instytut\/isp\/wp-json\/wp\/v2\/categories?post=2520"},{"taxonomy":"post_tag","embeddable":true,"href":"https:\/\/us.edu.pl\/instytut\/isp\/wp-json\/wp\/v2\/tags?post=2520"}],"curies":[{"name":"wp","href":"https:\/\/api.w.org\/{rel}","templated":true}]}}