{"id":2945,"date":"2023-01-12T12:15:00","date_gmt":"2023-01-12T11:15:00","guid":{"rendered":"https:\/\/us.edu.pl\/instytut\/isp\/?p=2945"},"modified":"2023-01-12T12:15:00","modified_gmt":"2023-01-12T11:15:00","slug":"7-wernisaz-7-miedzynarodowe-triennale-grafiki-od-gutenberga-do-cyfrowej-rzeczywistosci","status":"publish","type":"post","link":"https:\/\/us.edu.pl\/instytut\/isp\/2023\/01\/12\/7-wernisaz-7-miedzynarodowe-triennale-grafiki-od-gutenberga-do-cyfrowej-rzeczywistosci\/","title":{"rendered":"7 wernisa\u017c 7 Mi\u0119dzynarodowe Triennale Grafiki &#8222;Od Gutenberga do cyfrowej rzeczywisto\u015bci&#8221;"},"content":{"rendered":"<p>[vc_row][vc_column][vc_column_text]<span style=\"font-size: 12pt;\">Instytut Sztuk Plastycznych oraz Stowarzyszenie Promocji Artyst\u00f3w Wybrze\u017ca ERA ART Gdynia zapraszaj\u0105\u00a0na wernisa\u017c\u00a0wystawy\u00a0pokonkursowej 7 Mi\u0119dzynarodowego Triennale Grafiki &#8222;Od Gutenberga do cyfrowej rzeczywisto\u015bci&#8221;, kt\u00f3ry odb\u0119dzie si\u0119 18 stycznia 2023 r. \/\u015broda\/ o godz. 13.00 w Galerii Uniwersyteckiej Wydzia\u0142u Sztuki i Nauk o Edukacji w Cieszynie, ul. Bielska 62.<\/span><\/p>\n<p><span style=\"font-size: 12pt;\">Wystaw\u0119 b\u0119dzie mo\u017cna ogl\u0105da\u0107 do 15 lutego 2023 roku.<\/span><\/p>\n<p style=\"text-align: center;\"><img class=\"alignnone size-medium wp-image-2946\" src=\"https:\/\/us.edu.pl\/instytut\/isp\/wp-content\/uploads\/sites\/46\/Bez-kategorii\/plakat-560x800.jpg\" alt=\"Plakat - 7 Mi\u0119dzynarodowego Triennale Grafiki &quot;Od Gutenberga do cyfrowej rzeczywisto\u015bci&quot;\" width=\"560\" height=\"800\" srcset=\"https:\/\/us.edu.pl\/instytut\/isp\/wp-content\/uploads\/sites\/46\/Bez-kategorii\/plakat-560x800.jpg 560w, https:\/\/us.edu.pl\/instytut\/isp\/wp-content\/uploads\/sites\/46\/Bez-kategorii\/plakat-717x1024.jpg 717w, https:\/\/us.edu.pl\/instytut\/isp\/wp-content\/uploads\/sites\/46\/Bez-kategorii\/plakat-768x1097.jpg 768w, https:\/\/us.edu.pl\/instytut\/isp\/wp-content\/uploads\/sites\/46\/Bez-kategorii\/plakat-1076x1536.jpg 1076w, https:\/\/us.edu.pl\/instytut\/isp\/wp-content\/uploads\/sites\/46\/Bez-kategorii\/plakat-403x575.jpg 403w, https:\/\/us.edu.pl\/instytut\/isp\/wp-content\/uploads\/sites\/46\/Bez-kategorii\/plakat.jpg 1434w\" sizes=\"(max-width: 560px) 100vw, 560px\" \/><\/p>\n<p>[\/vc_column_text][\/vc_column][\/vc_row]<\/p>","protected":false},"excerpt":{"rendered":"<p>[vc_row][vc_column][vc_column_text]Instytut Sztuk Plastycznych oraz Stowarzyszenie Promocji Artyst\u00f3w Wybrze\u017ca ERA ART Gdynia zapraszaj\u0105\u00a0na wernisa\u017c\u00a0wystawy\u00a0pokonkursowej 7 Mi\u0119dzynarodowego Triennale Grafiki &#8222;Od Gutenberga do cyfrowej rzeczywisto\u015bci&#8221;, kt\u00f3ry odb\u0119dzie si\u0119 18 stycznia 2023 r. \/\u015broda\/ o godz. 13.00 w Galerii Uniwersyteckiej Wydzia\u0142u Sztuki i Nauk o Edukacji w Cieszynie, ul. Bielska 62. Wystaw\u0119 b\u0119dzie mo\u017cna ogl\u0105da\u0107 do 15 lutego 2023 [&#8230;]<\/p>\n<p><a class=\"btn btn-secondary understrap-read-more-link\" href=\"https:\/\/us.edu.pl\/instytut\/isp\/2023\/01\/12\/7-wernisaz-7-miedzynarodowe-triennale-grafiki-od-gutenberga-do-cyfrowej-rzeczywistosci\/\">Read More&#8230;<\/a><\/p>\n","protected":false},"author":110,"featured_media":2946,"comment_status":"open","ping_status":"open","sticky":false,"template":"","format":"standard","meta":{"_expiration-date-status":"","_expiration-date":0,"_expiration-date-type":"","_expiration-date-categories":[],"_expiration-date-options":[]},"categories":[8],"tags":[],"acf":[],"_links":{"self":[{"href":"https:\/\/us.edu.pl\/instytut\/isp\/wp-json\/wp\/v2\/posts\/2945"}],"collection":[{"href":"https:\/\/us.edu.pl\/instytut\/isp\/wp-json\/wp\/v2\/posts"}],"about":[{"href":"https:\/\/us.edu.pl\/instytut\/isp\/wp-json\/wp\/v2\/types\/post"}],"author":[{"embeddable":true,"href":"https:\/\/us.edu.pl\/instytut\/isp\/wp-json\/wp\/v2\/users\/110"}],"replies":[{"embeddable":true,"href":"https:\/\/us.edu.pl\/instytut\/isp\/wp-json\/wp\/v2\/comments?post=2945"}],"version-history":[{"count":1,"href":"https:\/\/us.edu.pl\/instytut\/isp\/wp-json\/wp\/v2\/posts\/2945\/revisions"}],"predecessor-version":[{"id":2947,"href":"https:\/\/us.edu.pl\/instytut\/isp\/wp-json\/wp\/v2\/posts\/2945\/revisions\/2947"}],"wp:featuredmedia":[{"embeddable":true,"href":"https:\/\/us.edu.pl\/instytut\/isp\/wp-json\/wp\/v2\/media\/2946"}],"wp:attachment":[{"href":"https:\/\/us.edu.pl\/instytut\/isp\/wp-json\/wp\/v2\/media?parent=2945"}],"wp:term":[{"taxonomy":"category","embeddable":true,"href":"https:\/\/us.edu.pl\/instytut\/isp\/wp-json\/wp\/v2\/categories?post=2945"},{"taxonomy":"post_tag","embeddable":true,"href":"https:\/\/us.edu.pl\/instytut\/isp\/wp-json\/wp\/v2\/tags?post=2945"}],"curies":[{"name":"wp","href":"https:\/\/api.w.org\/{rel}","templated":true}]}}