{"id":2995,"date":"2023-02-23T14:58:52","date_gmt":"2023-02-23T13:58:52","guid":{"rendered":"https:\/\/us.edu.pl\/instytut\/isp\/?p=2995"},"modified":"2023-02-23T15:05:46","modified_gmt":"2023-02-23T14:05:46","slug":"grand-prix-w-xv-miedzynarodowym-konkursie-graficznym-im-jozefa-gielniaka-dla-ewy-jaworskiej","status":"publish","type":"post","link":"https:\/\/us.edu.pl\/instytut\/isp\/2023\/02\/23\/grand-prix-w-xv-miedzynarodowym-konkursie-graficznym-im-jozefa-gielniaka-dla-ewy-jaworskiej\/","title":{"rendered":"Grand Prix w XV Mi\u0119dzynarodowym Konkursie Graficznym im. J\u00f3zefa Gielniaka dla Ewy Jaworskiej!"},"content":{"rendered":"<p>[vc_row][vc_column][vc_column_text]<\/p>\n<div><strong style=\"font-size: 12pt;\">&#8222;Grand Prix w XV Mi\u0119dzynarodowym Konkursie Graficznym im. J\u00f3zefa Gielniaka dla Ewy Jaworskiej!&#8221;<\/strong><\/div>\n<div>\n<p><span style=\"font-size: 12pt;\">Ewa Jaworska zdoby\u0142a nagrod\u0119 Grand Prix w XV Mi\u0119dzynarodowym Konkursie Graficznym im. J\u00f3zefa Gielniaka. Konkurs ten jest coroczn\u0105 inicjatyw\u0105 Muzeum Karkonoskiego w Jeleniej G\u00f3rze, kt\u00f3ry ma na celu promowanie sztuki graficznej oraz popularyzacj\u0119 tw\u00f3rczo\u015bci J\u00f3zefa Gielniaka \u2013 wybitnego polskiego grafika i pedagoga. Dodatkowo, artystka zosta\u0142a <strong>uhonorowana Nagrod\u0105 Marsza\u0142ka Wojew\u00f3dztwa Dolno\u015bl\u0105skiego za wybitne osi\u0105gni\u0119cia w dziedzinie kultury! <\/strong><\/span><\/p>\n<p><span style=\"font-size: 12pt;\">Ewa Jaworska zosta\u0142a wyr\u00f3\u017cniona za swoj\u0105 prac\u0119 graficzn\u0105, kt\u00f3ra zosta\u0142a doceniona przez jury konkursowe. Grand Prix to najwy\u017csza nagroda przyznawana w ramach tego konkursu, co czyni t\u0119 nagrod\u0119 szczeg\u00f3lnie presti\u017cow\u0105. Praca Ewy Jaworskiej zostanie zaprezentowana na wystawie pokonkursowej. Wernisa\u017c odb\u0119dzie si\u0119 17 marca o godzinie 16.00 w salach Muzeum Karkonoskiego w Jeleniej G\u00f3rze przy ul. Jana Matejki 28.<\/span><\/p>\n<\/div>\n<div style=\"text-align: center;\"><img class=\"alignnone size-medium wp-image-2996\" src=\"https:\/\/us.edu.pl\/instytut\/isp\/wp-content\/uploads\/sites\/46\/Bez-kategorii\/Gielniak_Ewa_Jaworska_Grand_Prix-565x800.jpg\" alt=\"Grafika-Gielniak-autor-Ewa Jaworska, Grand Prix\" width=\"565\" height=\"800\" srcset=\"https:\/\/us.edu.pl\/instytut\/isp\/wp-content\/uploads\/sites\/46\/Bez-kategorii\/Gielniak_Ewa_Jaworska_Grand_Prix-565x800.jpg 565w, https:\/\/us.edu.pl\/instytut\/isp\/wp-content\/uploads\/sites\/46\/Bez-kategorii\/Gielniak_Ewa_Jaworska_Grand_Prix-724x1024.jpg 724w, https:\/\/us.edu.pl\/instytut\/isp\/wp-content\/uploads\/sites\/46\/Bez-kategorii\/Gielniak_Ewa_Jaworska_Grand_Prix-768x1087.jpg 768w, https:\/\/us.edu.pl\/instytut\/isp\/wp-content\/uploads\/sites\/46\/Bez-kategorii\/Gielniak_Ewa_Jaworska_Grand_Prix-1086x1536.jpg 1086w, https:\/\/us.edu.pl\/instytut\/isp\/wp-content\/uploads\/sites\/46\/Bez-kategorii\/Gielniak_Ewa_Jaworska_Grand_Prix-406x575.jpg 406w, https:\/\/us.edu.pl\/instytut\/isp\/wp-content\/uploads\/sites\/46\/Bez-kategorii\/Gielniak_Ewa_Jaworska_Grand_Prix.jpg 1169w\" sizes=\"(max-width: 565px) 100vw, 565px\" \/><\/div>\n<p>[\/vc_column_text][\/vc_column][\/vc_row]<\/p>","protected":false},"excerpt":{"rendered":"<p>[vc_row][vc_column][vc_column_text] &#8222;Grand Prix w XV Mi\u0119dzynarodowym Konkursie Graficznym im. J\u00f3zefa Gielniaka dla Ewy Jaworskiej!&#8221; Ewa Jaworska zdoby\u0142a nagrod\u0119 Grand Prix w XV Mi\u0119dzynarodowym Konkursie Graficznym im. J\u00f3zefa Gielniaka. Konkurs ten jest coroczn\u0105 inicjatyw\u0105 Muzeum Karkonoskiego w Jeleniej G\u00f3rze, kt\u00f3ry ma na celu promowanie sztuki graficznej oraz popularyzacj\u0119 tw\u00f3rczo\u015bci J\u00f3zefa Gielniaka \u2013 wybitnego polskiego grafika i [&#8230;]<\/p>\n<p><a class=\"btn btn-secondary understrap-read-more-link\" href=\"https:\/\/us.edu.pl\/instytut\/isp\/2023\/02\/23\/grand-prix-w-xv-miedzynarodowym-konkursie-graficznym-im-jozefa-gielniaka-dla-ewy-jaworskiej\/\">Read More&#8230;<\/a><\/p>\n","protected":false},"author":110,"featured_media":2996,"comment_status":"open","ping_status":"open","sticky":false,"template":"","format":"standard","meta":{"_expiration-date-status":"","_expiration-date":0,"_expiration-date-type":"","_expiration-date-categories":[],"_expiration-date-options":[]},"categories":[8],"tags":[],"acf":[],"_links":{"self":[{"href":"https:\/\/us.edu.pl\/instytut\/isp\/wp-json\/wp\/v2\/posts\/2995"}],"collection":[{"href":"https:\/\/us.edu.pl\/instytut\/isp\/wp-json\/wp\/v2\/posts"}],"about":[{"href":"https:\/\/us.edu.pl\/instytut\/isp\/wp-json\/wp\/v2\/types\/post"}],"author":[{"embeddable":true,"href":"https:\/\/us.edu.pl\/instytut\/isp\/wp-json\/wp\/v2\/users\/110"}],"replies":[{"embeddable":true,"href":"https:\/\/us.edu.pl\/instytut\/isp\/wp-json\/wp\/v2\/comments?post=2995"}],"version-history":[{"count":4,"href":"https:\/\/us.edu.pl\/instytut\/isp\/wp-json\/wp\/v2\/posts\/2995\/revisions"}],"predecessor-version":[{"id":3000,"href":"https:\/\/us.edu.pl\/instytut\/isp\/wp-json\/wp\/v2\/posts\/2995\/revisions\/3000"}],"wp:featuredmedia":[{"embeddable":true,"href":"https:\/\/us.edu.pl\/instytut\/isp\/wp-json\/wp\/v2\/media\/2996"}],"wp:attachment":[{"href":"https:\/\/us.edu.pl\/instytut\/isp\/wp-json\/wp\/v2\/media?parent=2995"}],"wp:term":[{"taxonomy":"category","embeddable":true,"href":"https:\/\/us.edu.pl\/instytut\/isp\/wp-json\/wp\/v2\/categories?post=2995"},{"taxonomy":"post_tag","embeddable":true,"href":"https:\/\/us.edu.pl\/instytut\/isp\/wp-json\/wp\/v2\/tags?post=2995"}],"curies":[{"name":"wp","href":"https:\/\/api.w.org\/{rel}","templated":true}]}}