{"id":3125,"date":"2023-04-26T08:57:41","date_gmt":"2023-04-26T06:57:41","guid":{"rendered":"https:\/\/us.edu.pl\/instytut\/isp\/?p=3125"},"modified":"2023-04-26T08:57:41","modified_gmt":"2023-04-26T06:57:41","slug":"wystaw-w-galerii-uniwersyteckiej-pt-four-screen","status":"publish","type":"post","link":"https:\/\/us.edu.pl\/instytut\/isp\/2023\/04\/26\/wystaw-w-galerii-uniwersyteckiej-pt-four-screen\/","title":{"rendered":"Wystaw w Galerii Uniwersyteckiej pt. FOUR SCREEN"},"content":{"rendered":"<p>[vc_row][vc_column][vc_column_text]<span style=\"font-size: 12pt;\">Zapraszamy na wernisa\u017c wystawy <strong>FOUR SCREEN<\/strong>, kt\u00f3ry odb\u0119dzie si\u0119 <strong>26 kwietnia o godz. 14:00\u00a0\u00a0<\/strong>w Galerii Uniwersyteckiej.<\/span>[\/vc_column_text][\/vc_column][\/vc_row][vc_row][vc_column][vc_gallery type=&#8221;image_grid&#8221; images=&#8221;3126&#8243; img_size=&#8221;medium&#8221;][\/vc_column][\/vc_row]<\/p>","protected":false},"excerpt":{"rendered":"<p>[vc_row][vc_column][vc_column_text]Zapraszamy na wernisa\u017c wystawy FOUR SCREEN, kt\u00f3ry odb\u0119dzie si\u0119 26 kwietnia o godz. 14:00\u00a0\u00a0w Galerii Uniwersyteckiej.[\/vc_column_text][\/vc_column][\/vc_row][vc_row][vc_column][vc_gallery type=&#8221;image_grid&#8221; images=&#8221;3126&#8243; img_size=&#8221;medium&#8221;][\/vc_column][\/vc_row] [&#8230;]<\/p>\n<p><a class=\"btn btn-secondary understrap-read-more-link\" href=\"https:\/\/us.edu.pl\/instytut\/isp\/2023\/04\/26\/wystaw-w-galerii-uniwersyteckiej-pt-four-screen\/\">Read More&#8230;<\/a><\/p>\n","protected":false},"author":111,"featured_media":3126,"comment_status":"open","ping_status":"open","sticky":false,"template":"","format":"standard","meta":{"_expiration-date-status":"","_expiration-date":0,"_expiration-date-type":"","_expiration-date-categories":[],"_expiration-date-options":[]},"categories":[8],"tags":[],"acf":[],"_links":{"self":[{"href":"https:\/\/us.edu.pl\/instytut\/isp\/wp-json\/wp\/v2\/posts\/3125"}],"collection":[{"href":"https:\/\/us.edu.pl\/instytut\/isp\/wp-json\/wp\/v2\/posts"}],"about":[{"href":"https:\/\/us.edu.pl\/instytut\/isp\/wp-json\/wp\/v2\/types\/post"}],"author":[{"embeddable":true,"href":"https:\/\/us.edu.pl\/instytut\/isp\/wp-json\/wp\/v2\/users\/111"}],"replies":[{"embeddable":true,"href":"https:\/\/us.edu.pl\/instytut\/isp\/wp-json\/wp\/v2\/comments?post=3125"}],"version-history":[{"count":1,"href":"https:\/\/us.edu.pl\/instytut\/isp\/wp-json\/wp\/v2\/posts\/3125\/revisions"}],"predecessor-version":[{"id":3127,"href":"https:\/\/us.edu.pl\/instytut\/isp\/wp-json\/wp\/v2\/posts\/3125\/revisions\/3127"}],"wp:featuredmedia":[{"embeddable":true,"href":"https:\/\/us.edu.pl\/instytut\/isp\/wp-json\/wp\/v2\/media\/3126"}],"wp:attachment":[{"href":"https:\/\/us.edu.pl\/instytut\/isp\/wp-json\/wp\/v2\/media?parent=3125"}],"wp:term":[{"taxonomy":"category","embeddable":true,"href":"https:\/\/us.edu.pl\/instytut\/isp\/wp-json\/wp\/v2\/categories?post=3125"},{"taxonomy":"post_tag","embeddable":true,"href":"https:\/\/us.edu.pl\/instytut\/isp\/wp-json\/wp\/v2\/tags?post=3125"}],"curies":[{"name":"wp","href":"https:\/\/api.w.org\/{rel}","templated":true}]}}