{"id":3834,"date":"2025-05-09T14:56:05","date_gmt":"2025-05-09T12:56:05","guid":{"rendered":"https:\/\/us.edu.pl\/instytut\/isp\/?p=3834"},"modified":"2025-05-09T14:56:05","modified_gmt":"2025-05-09T12:56:05","slug":"tango-wystawa-grafik-i-animacji-ewy-jaworskiej","status":"publish","type":"post","link":"https:\/\/us.edu.pl\/instytut\/isp\/2025\/05\/09\/tango-wystawa-grafik-i-animacji-ewy-jaworskiej\/","title":{"rendered":"Tango \u2013 wystawa grafik i animacji Ewy Jaworskiej"},"content":{"rendered":"<p>[vc_row][vc_column][vc_column_text]<span style=\"font-size: 12pt;\">Motywem przewodnim projektu, jaki dr Ewa Jaworska realizowa\u0142a w ramach konkursu \u201eSwoboda bada\u0144\u201d, jest cz\u0142owiek i jego natura. Nie chodzi jednak o og\u00f3lny obraz cz\u0142owiecze\u0144stwa, lecz o ukierunkowanie na jednostk\u0119. I jak podkre\u015bl\u0105 autorka: <\/span><br \/>\n<span style=\"font-size: 12pt;\">\u201eInspiruj\u0119 si\u0119 wypowiedzi\u0105 Stefana Themersona, kt\u00f3ry okre\u015bla siebie jako czasownik, a nie rzeczownik: \u00bbTeraz w\u0142a\u015bnie si\u0119 dziej\u0119 i w ko\u0144cu przestan\u0119 si\u0119 dzia\u0107\u00ab. Jestem przekonana, \u017ce nasze dzia\u0142ania nas kszta\u0142tuj\u0105.<\/span><\/p>\n<p><span style=\"font-size: 12pt;\">Nowym wyzwaniem artystycznym, kt\u00f3re podj\u0119\u0142am, jest temat: \u00bbEwolucja uczu\u0107, efemeryczne formy w harmonii i konflikcie\u00ab. Jest to wynik mojego zainteresowania g\u0142\u0119bszym zrozumieniem istoty ludzkich relacji i emocji. Poprzednie eksperymenty z matryc\u0105 graficzn\u0105 i animacj\u0105 eksperymentaln\u0105, maj\u0105ce na celu odpowied\u017a na pytanie, co kszta\u0142tuje ludzk\u0105 natur\u0119, sk\u0142oni\u0142y mnie do kontynuacji tego kierunku. Projekt ten stanowi nie tylko logiczny rozw\u00f3j mojej drogi artystycznej, ale tak\u017ce wzbogaca j\u0105 poprzez eksploracj\u0119 nowych aspekt\u00f3w, takich jak efemeryczno\u015b\u0107 i wieloznaczno\u015b\u0107 ludzkich do\u015bwiadcze\u0144. Wyb\u00f3r tego tematu wynika z mojej ch\u0119ci zg\u0142\u0119bienia tajemnic ludzkiej egzystencji.<\/span><\/p>\n<p><span style=\"font-size: 12pt;\">Wernisa\u017c wystawy: 15. 05. 2025 o 17.00 <\/span><br \/>\n<span style=\"font-size: 12pt;\">Historick\u00e9 v\u00fdstavn\u00ed budov\u011b (Komensk\u00e9ho 10, Opava). <\/span><br \/>\n<span style=\"font-size: 12pt;\">Informacje: <a href=\"https:\/\/www.szm.cz\/udalost\/1185\/tango.html?fbclid=IwY2xjawKKxq1leHRuA2FlbQIxMABicmlkETB5R3E0MFplWUFsTDRJY1NGAR49EyVCs5ttLVTBSGp3G31XdThNUn9PFM-oC9XFZ1B_MTEf14jcTX4_u4h5IQ_aem_N9gUDouuE4qhrnuXDN8q5w\">https:\/\/www.szm.cz\/udalost\/1185\/tango.html?fbclid=IwY2xjawKKxq1leHRuA2FlbQIxMABicmlkETB5R3E0MFplWUFsTDRJY1NGAR49EyVCs5ttLVTBSGp3G31XdThNUn9PFM-oC9XFZ1B_MTEf14jcTX4_u4h5IQ_aem_N9gUDouuE4qhrnuXDN8q5w<\/a><\/span><\/p>\n<p style=\"text-align: center;\"><img class=\"alignnone size-medium wp-image-3838\" src=\"https:\/\/us.edu.pl\/instytut\/isp\/wp-content\/uploads\/sites\/46\/Bez-kategorii\/wystawa_Ewy_Jaworskiej_00-800x597.jpg\" alt=\"wystawa_Ewy_Jaworskiej\" width=\"800\" height=\"597\" srcset=\"https:\/\/us.edu.pl\/instytut\/isp\/wp-content\/uploads\/sites\/46\/Bez-kategorii\/wystawa_Ewy_Jaworskiej_00-800x597.jpg 800w, https:\/\/us.edu.pl\/instytut\/isp\/wp-content\/uploads\/sites\/46\/Bez-kategorii\/wystawa_Ewy_Jaworskiej_00-768x573.jpg 768w, https:\/\/us.edu.pl\/instytut\/isp\/wp-content\/uploads\/sites\/46\/Bez-kategorii\/wystawa_Ewy_Jaworskiej_00-575x429.jpg 575w, https:\/\/us.edu.pl\/instytut\/isp\/wp-content\/uploads\/sites\/46\/Bez-kategorii\/wystawa_Ewy_Jaworskiej_00.jpg 804w\" sizes=\"(max-width: 800px) 100vw, 800px\" \/><\/p>\n<p>[\/vc_column_text][\/vc_column][\/vc_row]<\/p>","protected":false},"excerpt":{"rendered":"<p>[vc_row][vc_column][vc_column_text]Motywem przewodnim projektu, jaki dr Ewa Jaworska realizowa\u0142a w ramach konkursu \u201eSwoboda bada\u0144\u201d, jest cz\u0142owiek i jego natura. Nie chodzi jednak o og\u00f3lny obraz cz\u0142owiecze\u0144stwa, lecz o ukierunkowanie na jednostk\u0119. I jak podkre\u015bl\u0105 autorka: \u201eInspiruj\u0119 si\u0119 wypowiedzi\u0105 Stefana Themersona, kt\u00f3ry okre\u015bla siebie jako czasownik, a nie rzeczownik: \u00bbTeraz w\u0142a\u015bnie si\u0119 dziej\u0119 i w ko\u0144cu przestan\u0119 [&#8230;]<\/p>\n<p><a class=\"btn btn-secondary understrap-read-more-link\" href=\"https:\/\/us.edu.pl\/instytut\/isp\/2025\/05\/09\/tango-wystawa-grafik-i-animacji-ewy-jaworskiej\/\">Read More&#8230;<\/a><\/p>\n","protected":false},"author":110,"featured_media":3838,"comment_status":"open","ping_status":"open","sticky":false,"template":"","format":"standard","meta":{"_expiration-date-status":"","_expiration-date":0,"_expiration-date-type":"","_expiration-date-categories":[],"_expiration-date-options":[]},"categories":[8],"tags":[],"acf":[],"_links":{"self":[{"href":"https:\/\/us.edu.pl\/instytut\/isp\/wp-json\/wp\/v2\/posts\/3834"}],"collection":[{"href":"https:\/\/us.edu.pl\/instytut\/isp\/wp-json\/wp\/v2\/posts"}],"about":[{"href":"https:\/\/us.edu.pl\/instytut\/isp\/wp-json\/wp\/v2\/types\/post"}],"author":[{"embeddable":true,"href":"https:\/\/us.edu.pl\/instytut\/isp\/wp-json\/wp\/v2\/users\/110"}],"replies":[{"embeddable":true,"href":"https:\/\/us.edu.pl\/instytut\/isp\/wp-json\/wp\/v2\/comments?post=3834"}],"version-history":[{"count":1,"href":"https:\/\/us.edu.pl\/instytut\/isp\/wp-json\/wp\/v2\/posts\/3834\/revisions"}],"predecessor-version":[{"id":3842,"href":"https:\/\/us.edu.pl\/instytut\/isp\/wp-json\/wp\/v2\/posts\/3834\/revisions\/3842"}],"wp:featuredmedia":[{"embeddable":true,"href":"https:\/\/us.edu.pl\/instytut\/isp\/wp-json\/wp\/v2\/media\/3838"}],"wp:attachment":[{"href":"https:\/\/us.edu.pl\/instytut\/isp\/wp-json\/wp\/v2\/media?parent=3834"}],"wp:term":[{"taxonomy":"category","embeddable":true,"href":"https:\/\/us.edu.pl\/instytut\/isp\/wp-json\/wp\/v2\/categories?post=3834"},{"taxonomy":"post_tag","embeddable":true,"href":"https:\/\/us.edu.pl\/instytut\/isp\/wp-json\/wp\/v2\/tags?post=3834"}],"curies":[{"name":"wp","href":"https:\/\/api.w.org\/{rel}","templated":true}]}}