{"id":10840,"date":"2022-09-21T15:50:52","date_gmt":"2022-09-21T13:50:52","guid":{"rendered":"https:\/\/us.edu.pl\/kandydat\/?p=10840"},"modified":"2022-10-27T09:41:34","modified_gmt":"2022-10-27T07:41:34","slug":"adam-pisarek-ambasador-kierunku","status":"publish","type":"post","link":"https:\/\/us.edu.pl\/kandydat\/adam-pisarek-ambasador-kierunku\/","title":{"rendered":"Adam Pisarek \u2013 ambasador kierunku studi\u00f3w"},"content":{"rendered":"<p>[vc_row][vc_column][vc_empty_space height=&#8221;10px&#8221; css=&#8221;.vc_custom_1663335276375{background-image: url(https:\/\/us.edu.pl\/kandydat\/wp-content\/uploads\/sites\/13\/nasz-uniwersytet\/4kolory.png?id=10729) !important;}&#8221;][vc_empty_space height=&#8221;15px&#8221;]\r\n                <div class=\"text-modules\">\r\n                    <div class=\"container\">\r\n                        \r\n                        <div class=\"text-modules__content\"><p><strong>Poznaj ambasadorki i ambasador\u00f3w <\/strong><a class=\"link-button \" title=\"odwied\u017a stron\u0119 #NaszUniwersytet!\" href=\"https:\/\/us.edu.pl\/kandydat\/nasz-uniwersytet\/\">#NaszUniwersytet!<\/a><\/p>\n<\/div>\r\n                    <\/div>\r\n                <\/div>[\/vc_column][\/vc_row][vc_row content_placement=&#8221;middle&#8221;][vc_column width=&#8221;1\/2&#8243; css=&#8221;.vc_custom_1663668918413{margin-left: 10% !important;}&#8221;][vc_column_text el_class=&#8221;size2&#8243; css=&#8221;.vc_custom_1663767984881{margin-bottom: -7px !important;}&#8221;]dr[\/vc_column_text][vc_column_text el_class=&#8221;size-name-2 uppercase&#8221;]Adam Pisarek[\/vc_column_text][vc_empty_space][vc_separator color=&#8221;custom&#8221; align=&#8221;align_left&#8221; border_width=&#8221;5&#8243; el_width=&#8221;30&#8243; css_animation=&#8221;fadeIn&#8221; css=&#8221;.vc_custom_1663595482697{margin-left: 15px !important;}&#8221; accent_color=&#8221;#f58322&#8243;]\r\n                <div class=\"text-modules\">\r\n                    <div class=\"container\">\r\n                        \r\n                        <div class=\"text-modules__content\"><p>ambasador kierunk\u00f3w:<\/p>\n<\/div>\r\n                    <\/div>\r\n                <\/div>\r\n                <div class=\"text-modules\">\r\n                    <div class=\"container\">\r\n                        \r\n                        <div class=\"text-modules__content\"><p><a class=\"link-button \" title=\"odwied\u017a stron\u0119 kierunku studi\u00f3w\" href=\"https:\/\/us.edu.pl\/wydzial\/wh\/kandydat-wh\/kierunki-studiow\/historia-sztuki\/\">historia sztuki<\/a><\/p>\n<\/div>\r\n                    <\/div>\r\n                <\/div>\r\n                <div class=\"text-modules\">\r\n                    <div class=\"container\">\r\n                        \r\n                        <div class=\"text-modules__content\"><p><a class=\"link-button \" title=\"odwied\u017a stron\u0119 kierunku studi\u00f3w\" href=\"https:\/\/us.edu.pl\/wydzial\/wh\/kandydat-wh\/kierunki-studiow\/kulturoznawstwo\/\">kulturoznawstwo<\/a><\/p>\n<\/div>\r\n                    <\/div>\r\n                <\/div>\r\n                <div class=\"text-modules\">\r\n                    <div class=\"container\">\r\n                        \r\n                        <div class=\"text-modules__content\"><p><a class=\"link-button \" title=\"odwied\u017a stron\u0119 kierunku studi\u00f3w\" href=\"https:\/\/us.edu.pl\/wydzial\/wh\/kandydat-wh\/kierunki-studiow\/kultury-mediow\/\">kultury medi\u00f3w<\/a><\/p>\n<\/div>\r\n                    <\/div>\r\n                <\/div>[vc_empty_space height=&#8221;10px&#8221;][vc_separator color=&#8221;custom&#8221; align=&#8221;align_left&#8221; border_width=&#8221;5&#8243; el_width=&#8221;30&#8243; css_animation=&#8221;fadeIn&#8221; css=&#8221;.vc_custom_1663595482697{margin-left: 15px !important;}&#8221; accent_color=&#8221;#f58322&#8243;]\r\n                <div class=\"text-modules\">\r\n                    <div class=\"container\">\r\n                        \r\n                        <div class=\"text-modules__content\"><p><strong>Kurator edukacyjnej wystawy sta\u0142ej w Muzeum \u015al\u0105skim pt. \u201eNa tropie Tomka\u201d. Dzia\u0142aj\u0105c z grup\u0105 Niebotyki, przyczyni\u0142 si\u0119 do powstania albumu edukacyjnego \u201eDrapacz chmur i inne wynalazki\u201d.<\/strong><\/p>\n<\/div>\r\n                    <\/div>\r\n                <\/div>[\/vc_column][vc_column width=&#8221;1\/2&#8243;][vc_single_image image=&#8221;10842&#8243; img_size=&#8221;large&#8221; add_caption=&#8221;yes&#8221; alignment=&#8221;center&#8221; style=&#8221;vc_box_outline&#8221; el_class=&#8221;imageamb&#8221;][\/vc_column][\/vc_row][vc_row][vc_column width=&#8221;1\/3&#8243; css=&#8221;.vc_custom_1663598370932{padding-left: 20% !important;}&#8221;][vc_column_text el_class=&#8221;breadcrumbs size1&#8243;]<\/p>\n<h3 style=\"text-align: left;\">Poznaj ambasadora<\/h3>\n<p>[\/vc_column_text][vc_separator color=&#8221;custom&#8221; align=&#8221;align_left&#8221; border_width=&#8221;5&#8243; el_width=&#8221;30&#8243; css_animation=&#8221;fadeIn&#8221; css=&#8221;.vc_custom_1663595461767{margin-left: 15px !important;}&#8221; accent_color=&#8221;#fdb728&#8243;][\/vc_column][vc_column width=&#8221;2\/3&#8243;]\r\n                <div class=\"text-modules\">\r\n                    <div class=\"container\">\r\n                        \r\n                        <div class=\"text-modules__content\"><p><span style=\"font-weight: 400;\">Doktor nauk humanistycznych, kulturoznawca. Pracuje w Instytucie Nauk o Kulturze Uniwersytetu \u015al\u0105skiego. Urodzony w Katowicach. Wychowa\u0142 si\u0119 w Rudzie \u015al\u0105skiej. <\/span><span style=\"font-weight: 400;\">W wolnych chwilach gra na konsoli i ogl\u0105da seriale.<\/span><\/p>\n<p><span style=\"font-weight: 400;\">W ostatnich latach zajmowa\u0142 si\u0119 znaczeniem fotografii domowej w budowaniu poczucia wsp\u00f3lnoty los\u00f3w oraz zakorzenienia w ma\u0142ych spo\u0142eczno\u015bciach Podkarpacia. Odkrywa\u0142 tak\u017ce histori\u0119 oddoln\u0105 klubu studenckiego Kocynder w Chorzowie. Obecnie interesuj\u0105 go przenikaj\u0105ce si\u0119 tradycje wiedzy naukowej i potocznej na wysychaj\u0105cych mokrad\u0142ach wschodniej Polski. Stara si\u0119 dowiedzie\u0107, w jaki spos\u00f3b modyfikacja lokalnego krajobrazu wywo\u0142ana osuszaniem przyrzecznych teren\u00f3w wi\u0105\u017ce si\u0119 ze zmianami w sposobach my\u015blenia i do\u015bwiadczania \u015bwiata przez mieszka\u0144c\u00f3w tych ziem.<\/span><\/p>\n<p><span style=\"font-weight: 400;\">Autor ksi\u0105\u017cki <\/span><i><span style=\"font-weight: 400;\">Go\u015bcinno\u015b\u0107 polska. O kulturowych konkretyzacjach idei<\/span><\/i><span style=\"font-weight: 400;\"> (2016), wsp\u00f3\u0142autor <\/span><i><span style=\"font-weight: 400;\">Ocala\u0107. Zofia Rydet i fotografia wernakularna<\/span><\/i><span style=\"font-weight: 400;\"> (2020) oraz <\/span><i><span style=\"font-weight: 400;\">Kocynder. 50 lat <\/span><\/i><span style=\"font-weight: 400;\">(2020). Wsp\u00f3\u0142redaktor monografii wieloautorskich, autor artyku\u0142\u00f3w naukowych. W latach 2012\u20132020 redaktor naczelny czasopisma \u201eLaboratorium Kultury\u201d. Cz\u0142onek Zarz\u0105du Polskiego Towarzystwa Kulturoznawczego, European Association of Social Anthropologists oraz International Society for Ethnology and Folklore. <\/span><span style=\"font-weight: 400;\">Za\u0142o\u017cyciel i koordynator Akademii Interpretacji Dziedzictwa, aktywnie dzia\u0142a na rzecz Otwartej Kultury, czyli Dnia Kulturoznawstwa i Kultur Medi\u00f3w.<\/span><\/p>\n<p><span style=\"font-weight: 400;\">Uczestniczy\u0142 w pracach zespo\u0142u grantowego <\/span><i><span style=\"font-weight: 400;\">Zofia Rydet. Dziedzictwo kulturowe i eksperyment fotograficzny <\/span><\/i><span style=\"font-weight: 400;\">(NPRH) oraz <\/span><i><span style=\"font-weight: 400;\">Laboratorium humanistyczne jako modus poznania. Od archeologii do projektu<\/span><\/i><span style=\"font-weight: 400;\"> (NCN OPUS). Kierowa\u0142 grantem NCN Miniatura <\/span><i><span style=\"font-weight: 400;\">Obserwatorzy i opiekuni? Style poznawania i przekszta\u0142cania przyrody na terenie Narwia\u0144skiego Parku Narodowego w czasach kryzysu klimatycznego<\/span><\/i><span style=\"font-weight: 400;\">.<\/span><\/p>\n<p><span style=\"font-weight: 400;\">Wsp\u00f3\u0142pracuje z wieloma instytucjami kultury i niezale\u017cnymi kolektywami tw\u00f3rczymi. Jest kuratorem edukacyjnej wystawy sta\u0142ej w Muzeum \u015al\u0105skim pt. <\/span><i><span style=\"font-weight: 400;\">Na tropie Tomka<\/span><\/i><span style=\"font-weight: 400;\">. Dzia\u0142aj\u0105c z grup\u0105 Niebotyki, przyczyni\u0142 si\u0119 do powstania albumu edukacyjnego <\/span><i><span style=\"font-weight: 400;\">Drapacz chmur i inne wynalazki<\/span><\/i><span style=\"font-weight: 400;\">. Wsp\u00f3\u0142pracowa\u0142 z Akademi\u0105 Sztuk Pi\u0119knych w Katowicach jako jeden z kurator\u00f3w wystawy <\/span><i><span style=\"font-weight: 400;\">Temat: rzeka <\/span><\/i><span style=\"font-weight: 400;\">przygotowanej na \u015awiatowe Forum Miejskie WUF11.<\/span><\/p>\n<\/div>\r\n                    <\/div>\r\n                <\/div>[\/vc_column][\/vc_row][vc_row css=&#8221;.vc_custom_1666189406156{margin-left: 35px !important;}&#8221; el_class=&#8221;bg-gray&#8221;][vc_column css=&#8221;.vc_custom_1666188570644{padding-left: -10% !important;}&#8221; el_class=&#8221;size1&#8243;][vc_empty_space height=&#8221;15px&#8221;]\r\n                <div class=\"text-modules\">\r\n                    <div class=\"container\">\r\n                        \r\n                        <div class=\"text-modules__content\"><\/p>\n<h3>Wiele twarzy Uniwersytetu \u015al\u0105skiego<\/h3>\n<p>\n<\/div>\r\n                    <\/div>\r\n                <\/div>[\/vc_column][\/vc_row][vc_row el_class=&#8221;bg-gray&#8221; css=&#8221;.vc_custom_1666189422061{margin-left: 35px !important;}&#8221;][vc_column]\r\n                <div class=\"text-modules\">\r\n                    <div class=\"container\">\r\n                        \r\n                        <div class=\"text-modules__content\"><p><strong>Poznaj inne ambasadorki i innych ambasador\u00f3w <\/strong><a class=\"link-button \" title=\"odwied\u017a stron\u0119 #NaszUniwersytet!\" href=\"https:\/\/us.edu.pl\/kandydat\/nasz-uniwersytet\/\">#NaszUniwersytet!<\/a><\/p>\n<\/div>\r\n                    <\/div>\r\n                <\/div>[vc_empty_space height=&#8221;10px&#8221; css=&#8221;.vc_custom_1663335276375{background-image: url(https:\/\/us.edu.pl\/kandydat\/wp-content\/uploads\/sites\/13\/nasz-uniwersytet\/4kolory.png?id=10729) !important;}&#8221;][\/vc_column][\/vc_row][vc_row][vc_column][vc_empty_space height=&#8221;15px&#8221;][\/vc_column][\/vc_row]<\/p>","protected":false},"excerpt":{"rendered":"<p>Ambasador kierunk\u00f3w <b>historia sztuki<\/b>, <b>kulturoznawstwo<\/b> oraz <b>kultury medi\u00f3w<\/b>. Kurator edukacyjnej wystawy sta\u0142ej w Muzeum \u015al\u0105skim pt. \u201eNa tropie Tomka\u201d. Dzia\u0142aj\u0105c z grup\u0105 Niebotyki, przyczyni\u0142 si\u0119 do powstania albumu edukacyjnego \u201eDrapacz chmur i inne wynalazki\u201d. [&#8230;]<\/p>\n<p><a class=\"btn btn-secondary understrap-read-more-link\" href=\"https:\/\/us.edu.pl\/kandydat\/adam-pisarek-ambasador-kierunku\/\">Read More&#8230;<\/a><\/p>\n","protected":false},"author":33,"featured_media":10841,"comment_status":"open","ping_status":"open","sticky":false,"template":"","format":"standard","meta":{"_expiration-date-status":"","_expiration-date":0,"_expiration-date-type":"","_expiration-date-categories":[],"_expiration-date-options":[]},"categories":[100,113,114],"tags":[],"acf":[],"_links":{"self":[{"href":"https:\/\/us.edu.pl\/kandydat\/wp-json\/wp\/v2\/posts\/10840"}],"collection":[{"href":"https:\/\/us.edu.pl\/kandydat\/wp-json\/wp\/v2\/posts"}],"about":[{"href":"https:\/\/us.edu.pl\/kandydat\/wp-json\/wp\/v2\/types\/post"}],"author":[{"embeddable":true,"href":"https:\/\/us.edu.pl\/kandydat\/wp-json\/wp\/v2\/users\/33"}],"replies":[{"embeddable":true,"href":"https:\/\/us.edu.pl\/kandydat\/wp-json\/wp\/v2\/comments?post=10840"}],"version-history":[{"count":7,"href":"https:\/\/us.edu.pl\/kandydat\/wp-json\/wp\/v2\/posts\/10840\/revisions"}],"predecessor-version":[{"id":12363,"href":"https:\/\/us.edu.pl\/kandydat\/wp-json\/wp\/v2\/posts\/10840\/revisions\/12363"}],"wp:featuredmedia":[{"embeddable":true,"href":"https:\/\/us.edu.pl\/kandydat\/wp-json\/wp\/v2\/media\/10841"}],"wp:attachment":[{"href":"https:\/\/us.edu.pl\/kandydat\/wp-json\/wp\/v2\/media?parent=10840"}],"wp:term":[{"taxonomy":"category","embeddable":true,"href":"https:\/\/us.edu.pl\/kandydat\/wp-json\/wp\/v2\/categories?post=10840"},{"taxonomy":"post_tag","embeddable":true,"href":"https:\/\/us.edu.pl\/kandydat\/wp-json\/wp\/v2\/tags?post=10840"}],"curies":[{"name":"wp","href":"https:\/\/api.w.org\/{rel}","templated":true}]}}