{"id":10892,"date":"2022-09-26T13:31:27","date_gmt":"2022-09-26T11:31:27","guid":{"rendered":"https:\/\/us.edu.pl\/kandydat\/?p=10892"},"modified":"2022-10-27T08:37:21","modified_gmt":"2022-10-27T06:37:21","slug":"katarzyna-wyrwas-ambasadorka-kierunku","status":"publish","type":"post","link":"https:\/\/us.edu.pl\/kandydat\/katarzyna-wyrwas-ambasadorka-kierunku\/","title":{"rendered":"Katarzyna Wyrwas \u2013 ambasadorka kierunku studi\u00f3w"},"content":{"rendered":"<p>[vc_row][vc_column][vc_empty_space height=&#8221;10px&#8221; css=&#8221;.vc_custom_1663335276375{background-image: url(https:\/\/us.edu.pl\/kandydat\/wp-content\/uploads\/sites\/13\/nasz-uniwersytet\/4kolory.png?id=10729) !important;}&#8221;][vc_empty_space height=&#8221;15px&#8221;]\r\n                <div class=\"text-modules\">\r\n                    <div class=\"container\">\r\n                        \r\n                        <div class=\"text-modules__content\"><p><strong>Poznaj ambasadorki i ambasador\u00f3w <\/strong><a class=\"link-button \" title=\"odwied\u017a stron\u0119 #NaszUniwersytet!\" href=\"https:\/\/us.edu.pl\/kandydat\/nasz-uniwersytet\/\">#NaszUniwersytet!<\/a><\/p>\n<\/div>\r\n                    <\/div>\r\n                <\/div>[\/vc_column][\/vc_row][vc_row content_placement=&#8221;middle&#8221;][vc_column width=&#8221;1\/2&#8243; css=&#8221;.vc_custom_1663884426159{margin-right: -10px !important;padding-left: 10% !important;}&#8221; el_class=&#8221;container&#8221;][vc_row_inner][vc_column_inner][vc_column_text el_class=&#8221;nl&#8221;]<span class=\"size2\">dr hab. <\/span><span class=\"size-name-2 uppercase\">Katarzyna Wyrwas<\/span><span class=\"size2\">, prof.\u00a0U\u015a<\/span>[\/vc_column_text][\/vc_column_inner][\/vc_row_inner][vc_empty_space][vc_separator color=&#8221;custom&#8221; align=&#8221;align_left&#8221; border_width=&#8221;5&#8243; el_width=&#8221;30&#8243; css_animation=&#8221;fadeIn&#8221; css=&#8221;.vc_custom_1663595482697{margin-left: 15px !important;}&#8221; accent_color=&#8221;#f58322&#8243;]\r\n                <div class=\"text-modules\">\r\n                    <div class=\"container\">\r\n                        \r\n                        <div class=\"text-modules__content\"><p>ambasadorka kierunku:<\/p>\n<\/div>\r\n                    <\/div>\r\n                <\/div>\r\n                <div class=\"text-modules\">\r\n                    <div class=\"container\">\r\n                        \r\n                        <div class=\"text-modules__content\"><p><a class=\"link-button \" title=\"odwied\u017a stron\u0119 kierunku studi\u00f3w\" href=\"https:\/\/us.edu.pl\/wydzial\/wh\/kandydat-wh\/kierunki-studiow\/filologia-polska\/\">filologia polska<\/a><\/p>\n<\/div>\r\n                    <\/div>\r\n                <\/div>[vc_empty_space height=&#8221;10px&#8221;][vc_separator color=&#8221;custom&#8221; align=&#8221;align_left&#8221; border_width=&#8221;5&#8243; el_width=&#8221;30&#8243; css_animation=&#8221;fadeIn&#8221; css=&#8221;.vc_custom_1663595482697{margin-left: 15px !important;}&#8221; accent_color=&#8221;#f58322&#8243;]\r\n                <div class=\"text-modules\">\r\n                    <div class=\"container\">\r\n                        \r\n                        <div class=\"text-modules__content\"><p><strong>Przewodnicz\u0105ca katowickiego oddzia\u0142u Towarzystwa Mi\u0142o\u015bnik\u00f3w J\u0119zyka Polskiego, kierowniczka Poradni J\u0119zykowej Uniwersytetu \u015al\u0105skiego, cz\u0142onkini zarz\u0105du Stowarzyszenia \u201eVia Linguae&#8221;, a tak\u017ce zag\u0142\u0119biowskiego oddzia\u0142u Polskiego Towarzystwa Historycznego.<\/strong><\/p>\n<\/div>\r\n                    <\/div>\r\n                <\/div>[\/vc_column][vc_column width=&#8221;1\/2&#8243;][vc_single_image image=&#8221;10893&#8243; img_size=&#8221;large&#8221; add_caption=&#8221;yes&#8221; alignment=&#8221;center&#8221; style=&#8221;vc_box_outline&#8221; el_class=&#8221;imageamb&#8221;][\/vc_column][\/vc_row][vc_row][vc_column width=&#8221;1\/3&#8243; css=&#8221;.vc_custom_1663598370932{padding-left: 20% !important;}&#8221;][vc_column_text el_class=&#8221;breadcrumbs size1&#8243;]<\/p>\n<h3 style=\"text-align: left;\">Poznaj ambasadork\u0119<\/h3>\n<p>[\/vc_column_text][vc_separator color=&#8221;custom&#8221; align=&#8221;align_left&#8221; border_width=&#8221;5&#8243; el_width=&#8221;30&#8243; css_animation=&#8221;fadeIn&#8221; css=&#8221;.vc_custom_1663595461767{margin-left: 15px !important;}&#8221; accent_color=&#8221;#fdb728&#8243;][\/vc_column][vc_column width=&#8221;2\/3&#8243;]\r\n                <div class=\"text-modules\">\r\n                    <div class=\"container\">\r\n                        \r\n                        <div class=\"text-modules__content\"><p><span style=\"font-weight: 400;\">Katarzyna Wyrwas uko\u0144czy\u0142a studia polonistyczne na Uniwersytecie \u015al\u0105skim. W pracy doktorskiej bada\u0142a narzekanie w mowie potocznej, skargi pisane do urz\u0119d\u00f3w i skarg\u0119 w poezji. W rozprawie habilitacyjnej zaj\u0119\u0142a si\u0119 opowiadaniem w j\u0119zyku potocznym, czyli opisem znanej ka\u017cdemu, codziennej aktywno\u015bci s\u0142ownej w kontakcie z lud\u017ami. Liczne drobniejsze publikacje po\u015bwi\u0119ci\u0142a r\u00f3\u017cnym odmianom opowiadania, dyskusji, reklamie, testamentowi poetyckiemu. Jest autork\u0105 i wsp\u00f3\u0142autork\u0105 4 ksi\u0105\u017cek oraz kilkudziesi\u0119ciu artyku\u0142\u00f3w naukowych.<\/span><\/p>\n<p><span style=\"font-weight: 400;\">Zajmuje si\u0119 r\u00f3wnie\u017c dynamicznie zmieniaj\u0105cym si\u0119 s\u0142ownictwem wsp\u00f3\u0142czesnej polszczyzny, zar\u00f3wno formami nowo powstaj\u0105cymi, jak i zapo\u017cyczeniami. Jej wielk\u0105 pasj\u0105 jest poprawno\u015b\u0107 j\u0119zykowa. Od 2004 roku prowadzi Poradni\u0119 J\u0119zykow\u0105 Uniwersytetu \u015al\u0105skiego (<\/span><a href=\"http:\/\/www.poradniajezykowa.pl\" rel=\"nofollow \"><span style=\"font-weight: 400;\">www.poradniajezykowa.pl<\/span><\/a><span style=\"font-weight: 400;\">), udziela odpowiedzi na pytania dotycz\u0105ce ortografii, interpunkcji, odmiany wyraz\u00f3w itd. Zajmuje si\u0119 te\u017c popularyzacj\u0105 wiedzy o j\u0119zyku polskim i poprawnej polszczy\u017anie, wyg\u0142asza wyk\u0142ady oraz bierze udzia\u0142 w pracach jury konkurs\u00f3w ortograficznych i poprawno\u015bciowych w regionie, czasem wyst\u0119puje w radiu i telewizji, publikuje felietony i porady j\u0119zykowe.<\/span><\/p>\n<p><span style=\"font-weight: 400;\">Jest przewodnicz\u0105c\u0105 katowickiego oddzia\u0142u Towarzystwa Mi\u0142o\u015bnik\u00f3w J\u0119zyka Polskiego, cz\u0142onkini\u0105 zarz\u0105du Stowarzyszenia \u201eVia Linguae\u201d, cz\u0142onkini\u0105 zag\u0142\u0119biowskiego oddzia\u0142u Polskiego Towarzystwa Historycznego.<\/span><\/p>\n<p><span style=\"font-weight: 400;\">Na uniwersytecie uczy przedmiot\u00f3w j\u0119zykoznawczych na kilku kierunkach: polonistyce, na komunikacji promocyjnej i kryzysowej oraz na komunikacji cyfrowej. Stara si\u0119 przekaza\u0107 studentom wiedz\u0119 na temat pi\u0119kna, bogactwa i mo\u017cliwo\u015bci j\u0119zyka ojczystego, a tak\u017ce kszta\u0142towa\u0107 umiej\u0119tno\u015b\u0107 sprawnej, skutecznej i przyjaznej komunikacji buduj\u0105cej mi\u0119dzy lud\u017ami mosty zamiast mur\u00f3w, daj\u0105cej poczucie bezpiecze\u0144stwa i zrozumienia.<\/span><\/p>\n<\/div>\r\n                    <\/div>\r\n                <\/div>[\/vc_column][\/vc_row][vc_row css=&#8221;.vc_custom_1666189406156{margin-left: 35px !important;}&#8221; el_class=&#8221;bg-gray&#8221;][vc_column css=&#8221;.vc_custom_1666188570644{padding-left: -10% !important;}&#8221; el_class=&#8221;size1&#8243;][vc_empty_space height=&#8221;15px&#8221;]\r\n                <div class=\"text-modules\">\r\n                    <div class=\"container\">\r\n                        \r\n                        <div class=\"text-modules__content\"><\/p>\n<h3>Wiele twarzy Uniwersytetu \u015al\u0105skiego<\/h3>\n<p>\n<\/div>\r\n                    <\/div>\r\n                <\/div>[\/vc_column][\/vc_row][vc_row el_class=&#8221;bg-gray&#8221; css=&#8221;.vc_custom_1666189422061{margin-left: 35px !important;}&#8221;][vc_column]\r\n                <div class=\"text-modules\">\r\n                    <div class=\"container\">\r\n                        \r\n                        <div class=\"text-modules__content\"><p><strong>Poznaj inne ambasadorki i innych ambasador\u00f3w <\/strong><a class=\"link-button \" title=\"odwied\u017a stron\u0119 #NaszUniwersytet!\" href=\"https:\/\/us.edu.pl\/kandydat\/nasz-uniwersytet\/\">#NaszUniwersytet!<\/a><\/p>\n<\/div>\r\n                    <\/div>\r\n                <\/div>[vc_empty_space height=&#8221;10px&#8221; css=&#8221;.vc_custom_1663335276375{background-image: url(https:\/\/us.edu.pl\/kandydat\/wp-content\/uploads\/sites\/13\/nasz-uniwersytet\/4kolory.png?id=10729) !important;}&#8221;][\/vc_column][\/vc_row][vc_row][vc_column][vc_empty_space height=&#8221;15px&#8221;][\/vc_column][\/vc_row]<\/p>","protected":false},"excerpt":{"rendered":"<p>Ambasadorka kierunku <b>filologia polska<\/b>, przewodnicz\u0105ca katowickiego oddzia\u0142u Towarzystwa Mi\u0142o\u015bnik\u00f3w J\u0119zyka Polskiego, kierowniczka Poradni J\u0119zykowej Uniwersytetu \u015al\u0105skiego, cz\u0142onkini zarz\u0105du Stowarzyszenia \u201eVia Linguae&#8221;, a tak\u017ce zag\u0142\u0119biowskiego oddzia\u0142u Polskiego Towarzystwa Historycznego. [&#8230;]<\/p>\n<p><a class=\"btn btn-secondary understrap-read-more-link\" href=\"https:\/\/us.edu.pl\/kandydat\/katarzyna-wyrwas-ambasadorka-kierunku\/\">Read More&#8230;<\/a><\/p>\n","protected":false},"author":33,"featured_media":10898,"comment_status":"open","ping_status":"open","sticky":false,"template":"","format":"standard","meta":{"_expiration-date-status":"","_expiration-date":0,"_expiration-date-type":"","_expiration-date-categories":[],"_expiration-date-options":[]},"categories":[88],"tags":[],"acf":[],"_links":{"self":[{"href":"https:\/\/us.edu.pl\/kandydat\/wp-json\/wp\/v2\/posts\/10892"}],"collection":[{"href":"https:\/\/us.edu.pl\/kandydat\/wp-json\/wp\/v2\/posts"}],"about":[{"href":"https:\/\/us.edu.pl\/kandydat\/wp-json\/wp\/v2\/types\/post"}],"author":[{"embeddable":true,"href":"https:\/\/us.edu.pl\/kandydat\/wp-json\/wp\/v2\/users\/33"}],"replies":[{"embeddable":true,"href":"https:\/\/us.edu.pl\/kandydat\/wp-json\/wp\/v2\/comments?post=10892"}],"version-history":[{"count":6,"href":"https:\/\/us.edu.pl\/kandydat\/wp-json\/wp\/v2\/posts\/10892\/revisions"}],"predecessor-version":[{"id":12347,"href":"https:\/\/us.edu.pl\/kandydat\/wp-json\/wp\/v2\/posts\/10892\/revisions\/12347"}],"wp:featuredmedia":[{"embeddable":true,"href":"https:\/\/us.edu.pl\/kandydat\/wp-json\/wp\/v2\/media\/10898"}],"wp:attachment":[{"href":"https:\/\/us.edu.pl\/kandydat\/wp-json\/wp\/v2\/media?parent=10892"}],"wp:term":[{"taxonomy":"category","embeddable":true,"href":"https:\/\/us.edu.pl\/kandydat\/wp-json\/wp\/v2\/categories?post=10892"},{"taxonomy":"post_tag","embeddable":true,"href":"https:\/\/us.edu.pl\/kandydat\/wp-json\/wp\/v2\/tags?post=10892"}],"curies":[{"name":"wp","href":"https:\/\/api.w.org\/{rel}","templated":true}]}}