{"id":11337,"date":"2022-10-12T08:33:59","date_gmt":"2022-10-12T06:33:59","guid":{"rendered":"https:\/\/us.edu.pl\/kandydat\/?p=11337"},"modified":"2022-10-26T12:18:25","modified_gmt":"2022-10-26T10:18:25","slug":"pawel-laskosz-ambasador-kierunku-studiow","status":"publish","type":"post","link":"https:\/\/us.edu.pl\/kandydat\/pawel-laskosz-ambasador-kierunku-studiow\/","title":{"rendered":"Pawe\u0142 Laskosz \u2013 ambasador kierunku studi\u00f3w"},"content":{"rendered":"<p>[vc_row][vc_column][vc_empty_space height=&#8221;10px&#8221; css=&#8221;.vc_custom_1663335276375{background-image: url(https:\/\/us.edu.pl\/kandydat\/wp-content\/uploads\/sites\/13\/nasz-uniwersytet\/4kolory.png?id=10729) !important;}&#8221;][vc_empty_space height=&#8221;15px&#8221;]\r\n                <div class=\"text-modules\">\r\n                    <div class=\"container\">\r\n                        \r\n                        <div class=\"text-modules__content\"><p><strong>Poznaj ambasadorki i ambasador\u00f3w <\/strong><a class=\"link-button \" title=\"odwied\u017a stron\u0119 #NaszUniwersytet!\" href=\"https:\/\/us.edu.pl\/kandydat\/nasz-uniwersytet\/\">#NaszUniwersytet!<\/a><\/p>\n<\/div>\r\n                    <\/div>\r\n                <\/div>[\/vc_column][\/vc_row][vc_row content_placement=&#8221;middle&#8221; el_class=&#8221;container&#8221;][vc_column width=&#8221;1\/2&#8243; el_class=&#8221;container&#8221; css=&#8221;.vc_custom_1664198612361{margin-right: -20px !important;margin-left: 10% !important;padding-right: 0px !important;}&#8221;][vc_column_text el_class=&#8221;size-name-2 uppercase nl&#8221;]Pawe\u0142 Laskosz[\/vc_column_text][vc_empty_space][vc_separator color=&#8221;custom&#8221; align=&#8221;align_left&#8221; border_width=&#8221;5&#8243; el_width=&#8221;30&#8243; css_animation=&#8221;fadeIn&#8221; css=&#8221;.vc_custom_1663595482697{margin-left: 15px !important;}&#8221; accent_color=&#8221;#f58322&#8243;]\r\n                <div class=\"text-modules\">\r\n                    <div class=\"container\">\r\n                        \r\n                        <div class=\"text-modules__content\"><p>ambasador kierunku:<\/p>\n<\/div>\r\n                    <\/div>\r\n                <\/div>\r\n                <div class=\"text-modules\">\r\n                    <div class=\"container\">\r\n                        \r\n                        <div class=\"text-modules__content\"><p><a class=\"link-button \" title=\"odwied\u017a stron\u0119 kierunku studi\u00f3w\" href=\"https:\/\/us.edu.pl\/wydzial\/wns\/dziennikarstwo-i-komunikacja-spoleczna\/\">dziennikarstwo i komunikacja spo\u0142eczna<\/a><\/p>\n<\/div>\r\n                    <\/div>\r\n                <\/div>[vc_empty_space height=&#8221;10px&#8221;][vc_separator color=&#8221;custom&#8221; align=&#8221;align_left&#8221; border_width=&#8221;5&#8243; el_width=&#8221;30&#8243; css_animation=&#8221;fadeIn&#8221; css=&#8221;.vc_custom_1663595482697{margin-left: 15px !important;}&#8221; accent_color=&#8221;#f58322&#8243;]\r\n                <div class=\"text-modules\">\r\n                    <div class=\"container\">\r\n                        \r\n                        <div class=\"text-modules__content\"><p><strong>Dziennikarz telewizyjny oraz reporter TVN24. Fan muzyki alternatywnej oraz pi\u0142karz-amator. Jak sam podkre\u015bla, futbolowa pasja w nim nie ga\u015bnie.<\/strong><\/p>\n<\/div>\r\n                    <\/div>\r\n                <\/div>[\/vc_column][vc_column width=&#8221;1\/2&#8243; css=&#8221;.vc_custom_1664197067755{margin-left: 5% !important;}&#8221;][vc_single_image image=&#8221;11338&#8243; img_size=&#8221;large&#8221; add_caption=&#8221;yes&#8221; alignment=&#8221;center&#8221; style=&#8221;vc_box_outline&#8221; el_class=&#8221;imageamb&#8221; css=&#8221;.vc_custom_1665556378646{margin-left: 20px !important;}&#8221;][\/vc_column][\/vc_row][vc_row][vc_column width=&#8221;1\/3&#8243; css=&#8221;.vc_custom_1663598370932{padding-left: 20% !important;}&#8221;][vc_column_text el_class=&#8221;breadcrumbs size1&#8243;]<\/p>\n<h3 style=\"text-align: left;\">Poznaj ambasadora<\/h3>\n<p>[\/vc_column_text][vc_separator color=&#8221;custom&#8221; align=&#8221;align_left&#8221; border_width=&#8221;5&#8243; el_width=&#8221;30&#8243; css_animation=&#8221;fadeIn&#8221; css=&#8221;.vc_custom_1663595461767{margin-left: 15px !important;}&#8221; accent_color=&#8221;#fdb728&#8243;][\/vc_column][vc_column width=&#8221;2\/3&#8243;]\r\n                <div class=\"text-modules\">\r\n                    <div class=\"container\">\r\n                        \r\n                        <div class=\"text-modules__content\"><p><span style=\"font-weight: 400;\">Pawe\u0142 Laskosz \u2013 dziennikarz telewizyjny (reporter TVN24).\u00a0<\/span><\/p>\n<p><span style=\"font-weight: 400;\">Do \u015bwiata medi\u00f3w wszed\u0142 kilkana\u015bcie lat temu. Zajrza\u0142 na casting do TVS\u2026 By\u0142o dobrze. Zosta\u0142. M\u00f3wi\u0142 o sporcie, tak jak marzy\u0142. W \u015bl\u0105skiej stacji by\u0142 reporterem, prezenterem, wydawc\u0105. Po sezonie transfer do telewizji nSport. Dla tej stacji relacjonowa\u0142 najwa\u017cniejsze wydarzenia sportowe z wojew\u00f3dztwa \u015bl\u0105skiego i ca\u0142ej Polski.<\/span><\/p>\n<p><span style=\"font-weight: 400;\">Od 2011 roku pracuje w barwach TVN, ju\u017c nie tylko jako dziennikarz sportowy. Przez kilka lat zwi\u0105zany z \u201eFaktami\u201d, dzi\u015b reporter TVN24. W dorobku ma setki zrealizowanych materia\u0142\u00f3w reporterskich, dziesi\u0105tki poprowadzonych serwis\u00f3w informacyjnych\u2026<\/span><\/p>\n<p><span style=\"font-weight: 400;\">Jako student Uniwersytetu \u015al\u0105skiego wierny Wydzia\u0142owi Nauk Spo\u0142ecznych. Studiowa\u0142 politologi\u0119, teraz wiedz\u0119 uzupe\u0142nia na kierunku\u2026 dziennikarstwo i komunikacja spo\u0142eczna.<\/span><\/p>\n<p><span style=\"font-weight: 400;\">Fan muzyki niebanalnej, p\u0142yn\u0105cej poza g\u0142\u00f3wnym nurtem. Po zaj\u0119ciach w szkole muzycznej zosta\u0142y raczej wspomnienia ni\u017c du\u017ce umiej\u0119tno\u015bci. Co\u015b tam jednak na klawiszach i gitarze \u201eplumka\u201d.\u00a0<\/span><\/p>\n<p><span style=\"font-weight: 400;\">Pi\u0142karz amator \u2013 bo trzeba si\u0119 rusza\u0107. A i futbolowa pasja w nim nie ga\u015bnie.<\/span><\/p>\n<\/div>\r\n                    <\/div>\r\n                <\/div>[\/vc_column][\/vc_row][vc_row css=&#8221;.vc_custom_1666189406156{margin-left: 35px !important;}&#8221; el_class=&#8221;bg-gray&#8221;][vc_column css=&#8221;.vc_custom_1666188570644{padding-left: -10% !important;}&#8221; el_class=&#8221;size1&#8243;][vc_empty_space height=&#8221;15px&#8221;]\r\n                <div class=\"text-modules\">\r\n                    <div class=\"container\">\r\n                        \r\n                        <div class=\"text-modules__content\"><\/p>\n<h3>Wiele twarzy Uniwersytetu \u015al\u0105skiego<\/h3>\n<p>\n<\/div>\r\n                    <\/div>\r\n                <\/div>[\/vc_column][\/vc_row][vc_row el_class=&#8221;bg-gray&#8221; css=&#8221;.vc_custom_1666189422061{margin-left: 35px !important;}&#8221;][vc_column]\r\n                <div class=\"text-modules\">\r\n                    <div class=\"container\">\r\n                        \r\n                        <div class=\"text-modules__content\"><p><strong>Poznaj inne ambasadorki i innych ambasador\u00f3w <\/strong><a class=\"link-button \" title=\"odwied\u017a stron\u0119 #NaszUniwersytet!\" href=\"https:\/\/us.edu.pl\/kandydat\/nasz-uniwersytet\/\">#NaszUniwersytet!<\/a><\/p>\n<\/div>\r\n                    <\/div>\r\n                <\/div>[vc_empty_space height=&#8221;10px&#8221; css=&#8221;.vc_custom_1663335276375{background-image: url(https:\/\/us.edu.pl\/kandydat\/wp-content\/uploads\/sites\/13\/nasz-uniwersytet\/4kolory.png?id=10729) !important;}&#8221;][\/vc_column][\/vc_row][vc_row][vc_column][vc_empty_space height=&#8221;15px&#8221;][\/vc_column][\/vc_row]<\/p>","protected":false},"excerpt":{"rendered":"<p>Ambasador kierunku <b>dziennikarstwo i komunikacja spo\u0142eczna<\/b>. Dziennikarz telewizyjny oraz reporter TVN24. Fan muzyki alternatywnej oraz pi\u0142karz-amator. Jak sam podkre\u015bla, futbolowa pasja w nim nie ga\u015bnie. [&#8230;]<\/p>\n<p><a class=\"btn btn-secondary understrap-read-more-link\" href=\"https:\/\/us.edu.pl\/kandydat\/pawel-laskosz-ambasador-kierunku-studiow\/\">Read More&#8230;<\/a><\/p>\n","protected":false},"author":3654,"featured_media":11339,"comment_status":"open","ping_status":"open","sticky":false,"template":"","format":"standard","meta":{"_expiration-date-status":"","_expiration-date":0,"_expiration-date-type":"","_expiration-date-categories":[],"_expiration-date-options":[]},"categories":[82],"tags":[],"acf":[],"_links":{"self":[{"href":"https:\/\/us.edu.pl\/kandydat\/wp-json\/wp\/v2\/posts\/11337"}],"collection":[{"href":"https:\/\/us.edu.pl\/kandydat\/wp-json\/wp\/v2\/posts"}],"about":[{"href":"https:\/\/us.edu.pl\/kandydat\/wp-json\/wp\/v2\/types\/post"}],"author":[{"embeddable":true,"href":"https:\/\/us.edu.pl\/kandydat\/wp-json\/wp\/v2\/users\/3654"}],"replies":[{"embeddable":true,"href":"https:\/\/us.edu.pl\/kandydat\/wp-json\/wp\/v2\/comments?post=11337"}],"version-history":[{"count":6,"href":"https:\/\/us.edu.pl\/kandydat\/wp-json\/wp\/v2\/posts\/11337\/revisions"}],"predecessor-version":[{"id":12285,"href":"https:\/\/us.edu.pl\/kandydat\/wp-json\/wp\/v2\/posts\/11337\/revisions\/12285"}],"wp:featuredmedia":[{"embeddable":true,"href":"https:\/\/us.edu.pl\/kandydat\/wp-json\/wp\/v2\/media\/11339"}],"wp:attachment":[{"href":"https:\/\/us.edu.pl\/kandydat\/wp-json\/wp\/v2\/media?parent=11337"}],"wp:term":[{"taxonomy":"category","embeddable":true,"href":"https:\/\/us.edu.pl\/kandydat\/wp-json\/wp\/v2\/categories?post=11337"},{"taxonomy":"post_tag","embeddable":true,"href":"https:\/\/us.edu.pl\/kandydat\/wp-json\/wp\/v2\/tags?post=11337"}],"curies":[{"name":"wp","href":"https:\/\/api.w.org\/{rel}","templated":true}]}}