{"id":11530,"date":"2022-10-13T08:56:39","date_gmt":"2022-10-13T06:56:39","guid":{"rendered":"https:\/\/us.edu.pl\/kandydat\/?p=11530"},"modified":"2023-02-13T08:43:53","modified_gmt":"2023-02-13T07:43:53","slug":"agnieszka-skorupa-ambasadorka-kierunku-studiow","status":"publish","type":"post","link":"https:\/\/us.edu.pl\/kandydat\/agnieszka-skorupa-ambasadorka-kierunku-studiow\/","title":{"rendered":"Agnieszka Skorupa \u2013 ambasadorka kierunku studi\u00f3w"},"content":{"rendered":"<p>[vc_row][vc_column][vc_empty_space height=&#8221;10px&#8221; css=&#8221;.vc_custom_1663335276375{background-image: url(https:\/\/us.edu.pl\/kandydat\/wp-content\/uploads\/sites\/13\/nasz-uniwersytet\/4kolory.png?id=10729) !important;}&#8221;][vc_empty_space height=&#8221;15px&#8221;]\r\n                <div class=\"text-modules\">\r\n                    <div class=\"container\">\r\n                        \r\n                        <div class=\"text-modules__content\"><p><strong>Poznaj ambasadorki i ambasador\u00f3w <\/strong><a class=\"link-button \" title=\"odwied\u017a stron\u0119 #NaszUniwersytet!\" href=\"https:\/\/us.edu.pl\/kandydat\/nasz-uniwersytet\/\">#NaszUniwersytet!<\/a><\/p>\n<\/div>\r\n                    <\/div>\r\n                <\/div>[\/vc_column][\/vc_row][vc_row content_placement=&#8221;middle&#8221;][vc_column width=&#8221;1\/2&#8243; css=&#8221;.vc_custom_1663668918413{margin-left: 10% !important;}&#8221;][vc_column_text el_class=&#8221;size2&#8243; css=&#8221;.vc_custom_1665487110061{margin-bottom: -7px !important;}&#8221;]dr[\/vc_column_text][vc_column_text el_class=&#8221;size-name-2 uppercase&#8221;]Agnieszka Skorupa[\/vc_column_text][vc_empty_space][vc_separator color=&#8221;custom&#8221; align=&#8221;align_left&#8221; border_width=&#8221;5&#8243; el_width=&#8221;30&#8243; css_animation=&#8221;fadeIn&#8221; css=&#8221;.vc_custom_1663595482697{margin-left: 15px !important;}&#8221; accent_color=&#8221;#f58322&#8243;]\r\n                <div class=\"text-modules\">\r\n                    <div class=\"container\">\r\n                        \r\n                        <div class=\"text-modules__content\"><p>ambasadorka kierunku:<\/p>\n<\/div>\r\n                    <\/div>\r\n                <\/div>\r\n                <div class=\"text-modules\">\r\n                    <div class=\"container\">\r\n                        \r\n                        <div class=\"text-modules__content\"><p><a class=\"link-button \" title=\"odwied\u017a stron\u0119 kierunku studi\u00f3w\" href=\"https:\/\/us.edu.pl\/wydzial\/wns\/psychologia-2\/\">psychologia<\/a><\/p>\n<\/div>\r\n                    <\/div>\r\n                <\/div>[vc_empty_space height=&#8221;10px&#8221;][vc_separator color=&#8221;custom&#8221; align=&#8221;align_left&#8221; border_width=&#8221;5&#8243; el_width=&#8221;30&#8243; css_animation=&#8221;fadeIn&#8221; css=&#8221;.vc_custom_1663595482697{margin-left: 15px !important;}&#8221; accent_color=&#8221;#f58322&#8243;]\r\n                <div class=\"text-modules\">\r\n                    <div class=\"container\">\r\n                        \r\n                        <div class=\"text-modules__content\"><p><strong>Specjalizuje si\u0119 w analizie zachowania cz\u0142owieka w warunkach ekstremalnych i psychologicznej pracy z filmem. Popularyzatorka nauki oraz sportowiec. Jej osi\u0105gni\u0119cia medalowe w zawodach Otwartego Pucharu Polski Wushu i International Polish Wushu Kungfu Championships w 2022 r. zaowocowa\u0142y powo\u0142aniem do Kadry Narodowej. <\/strong><\/p>\n<\/div>\r\n                    <\/div>\r\n                <\/div>[\/vc_column][vc_column width=&#8221;1\/2&#8243;][vc_single_image image=&#8221;11531&#8243; img_size=&#8221;large&#8221; add_caption=&#8221;yes&#8221; alignment=&#8221;center&#8221; style=&#8221;vc_box_outline&#8221; el_class=&#8221;imageamb&#8221;][\/vc_column][\/vc_row][vc_row][vc_column width=&#8221;1\/3&#8243; css=&#8221;.vc_custom_1663598370932{padding-left: 20% !important;}&#8221;][vc_column_text el_class=&#8221;breadcrumbs size1&#8243;]<\/p>\n<h3 style=\"text-align: left;\">Poznaj ambasadork\u0119<\/h3>\n<p>[\/vc_column_text][vc_separator color=&#8221;custom&#8221; align=&#8221;align_left&#8221; border_width=&#8221;5&#8243; el_width=&#8221;30&#8243; css_animation=&#8221;fadeIn&#8221; css=&#8221;.vc_custom_1663595461767{margin-left: 15px !important;}&#8221; accent_color=&#8221;#fdb728&#8243;][\/vc_column][vc_column width=&#8221;2\/3&#8243;]\r\n                <div class=\"text-modules\">\r\n                    <div class=\"container\">\r\n                        \r\n                        <div class=\"text-modules__content\"><p><span style=\"font-weight: 400;\">Agnieszka Skorupa \u2013 doktor psychologii, badaczka, dydaktyk, szkoleniowiec. Pasjonatka sztuk walki.<\/span><\/p>\n<p><span style=\"font-weight: 400;\">Specjalizuj\u0119 si\u0119 w analizie zachowania cz\u0142owieka w sytuacjach ekstremalnych, szczeg\u00f3lnie w adaptacji do warunk\u00f3w izolacji polarnej. Wsp\u00f3\u0142pracuj\u0119 z Polsk\u0105 Stacj\u0105 Polarn\u0105 Hornsund im. Stanis\u0142awa Siedleckiego na Spitsbergenie oraz Polsk\u0105 Stacj\u0105 Antarktyczn\u0105 im. Henryka Arctowskiego. Wraz z marsja\u0144sko-ksi\u0119\u017cycowym habitatem kosmicznym LunAres prowadz\u0119 badania analogowych misji kosmicznych; pe\u0142ni\u0119 funkcj\u0119 koordynatora bada\u0144 spo\u0142ecznych.\u00a0<\/span><\/p>\n<p><span style=\"font-weight: 400;\">Zajmuj\u0119 si\u0119 r\u00f3wnie\u017c psychologiczn\u0105 analiz\u0105 film\u00f3w. W latach 2017\u20132019 wsp\u00f3\u0142organizowa\u0142am Og\u00f3lnopolskie Konferencje Naukowe z cyklu \u201eFilmowe Psycho-Tropy\u201d, kt\u00f3re zaowocowa\u0142y wydaniem dw\u00f3ch ksi\u0105\u017cek z cyklu \u201eNa tropach psychologii w filmie\u201d.\u00a0<\/span><\/p>\n<p><span style=\"font-weight: 400;\">Jestem autork\u0105 blisko 40 publikacji naukowych. Zajmuj\u0119 si\u0119 popularyzacj\u0105 nauki \u2013 opracowuj\u0119 zaj\u0119cia psychoedukacyjne dla m\u0142odzie\u017cy, prowadz\u0119 prelekcje podczas \u015al\u0105skiego Festiwalu Nauki, moderuj\u0119 dyskusje filmowe w kinach.\u00a0<\/span><\/p>\n<p><span style=\"font-weight: 400;\">W ramach dzia\u0142alno\u015bci spo\u0142ecznej wsp\u00f3\u0142pracuj\u0119 z r\u00f3\u017cnymi fundacjami. Wraz z zespo\u0142em zaprojektowa\u0142am i przeprowadzi\u0142am na terenie wojew\u00f3dztwa \u015bl\u0105skiego liczne kampanie profilaktyczne, w tym dotycz\u0105ce HIV\/AIDS oraz edukacji antydyskryminacyjnej.<\/span><\/p>\n<p><span style=\"font-weight: 400;\">Opracowuj\u0119 i prowadz\u0119 warsztaty oraz szkolenia dla podmiot\u00f3w biznesowych i plac\u00f3wek publicznych skoncentrowane na praktycznym zastosowaniu teorii psychologicznych.\u00a0<\/span><\/p>\n<p><span style=\"font-weight: 400;\">Przez 10 lat zajmowa\u0142am si\u0119 survivalem, wsp\u00f3\u0142prowadzi\u0142am obozy przetrwania. Obecnie podr\u00f3\u017cuj\u0119 w odleg\u0142e zak\u0105tki \u015bwiata i zajmuj\u0119 si\u0119 amatorsko fotografi\u0105 reportersk\u0105. Bior\u0119 udzia\u0142 w trekkingach wysokog\u00f3rskich. Moj\u0105 pasj\u0105 s\u0105 te\u017c sztuki walki \u2013 trenowa\u0142am aikido i system\u0119, mam sz\u00f3sty stopie\u0144 w Wing Chun Kung Fu. Ze wzgl\u0119du na swoje osi\u0105gni\u0119cia medalowe w zawodach Otwartego Pucharu Polski Wushu i International Polish Wushu Kungfu Championships w 2022 roku zosta\u0142am powo\u0142ana do Kadry Narodowej.<\/span><\/p>\n<\/div>\r\n                    <\/div>\r\n                <\/div>[\/vc_column][\/vc_row][vc_row][vc_column width=&#8221;1\/3&#8243; css=&#8221;.vc_custom_1663598370932{padding-left: 20% !important;}&#8221;][vc_column_text el_class=&#8221;breadcrumbs size1&#8243;]<\/p>\n<h3 style=\"text-align: left;\">Materia\u0142 filmowy ambasadorki<\/h3>\n<p>[\/vc_column_text][vc_separator color=&#8221;custom&#8221; align=&#8221;align_left&#8221; border_width=&#8221;5&#8243; el_width=&#8221;30&#8243; css_animation=&#8221;fadeIn&#8221; css=&#8221;.vc_custom_1663595461767{margin-left: 15px !important;}&#8221; accent_color=&#8221;#fdb728&#8243;][\/vc_column][vc_column width=&#8221;2\/3&#8243;]\r\n                <div class=\"text-modules\">\r\n                    <div class=\"container\">\r\n                        \r\n                        <div class=\"text-modules__content\"><\/p>\n<p><iframe loading=\"lazy\" title=\"Nasz Uniwersytet \u2013 dr Agnieszka Skorupa (pracowniczka, kierunek: psychologia)\" width=\"640\" height=\"360\" src=\"https:\/\/www.youtube.com\/embed\/PYXBxawmeBM?feature=oembed\" frameborder=\"0\" allow=\"accelerometer; autoplay; clipboard-write; encrypted-media; gyroscope; picture-in-picture; web-share\" allowfullscreen><\/iframe><\/p>\n<p>\n<\/div>\r\n                    <\/div>\r\n                <\/div>[\/vc_column][\/vc_row][vc_row css=&#8221;.vc_custom_1666189406156{margin-left: 35px !important;}&#8221; el_class=&#8221;bg-gray&#8221;][vc_column css=&#8221;.vc_custom_1666188570644{padding-left: -10% !important;}&#8221; el_class=&#8221;size1&#8243;][vc_empty_space height=&#8221;15px&#8221;]\r\n                <div class=\"text-modules\">\r\n                    <div class=\"container\">\r\n                        \r\n                        <div class=\"text-modules__content\"><\/p>\n<h3>Wiele twarzy Uniwersytetu \u015al\u0105skiego<\/h3>\n<p>\n<\/div>\r\n                    <\/div>\r\n                <\/div>[\/vc_column][\/vc_row][vc_row el_class=&#8221;bg-gray&#8221; css=&#8221;.vc_custom_1666189422061{margin-left: 35px !important;}&#8221;][vc_column]\r\n                <div class=\"text-modules\">\r\n                    <div class=\"container\">\r\n                        \r\n                        <div class=\"text-modules__content\"><p><strong>Poznaj inne ambasadorki i innych ambasador\u00f3w <\/strong><a class=\"link-button \" title=\"odwied\u017a stron\u0119 #NaszUniwersytet!\" href=\"https:\/\/us.edu.pl\/kandydat\/nasz-uniwersytet\/\">#NaszUniwersytet!<\/a><\/p>\n<\/div>\r\n                    <\/div>\r\n                <\/div>[vc_empty_space height=&#8221;10px&#8221; css=&#8221;.vc_custom_1663335276375{background-image: url(https:\/\/us.edu.pl\/kandydat\/wp-content\/uploads\/sites\/13\/nasz-uniwersytet\/4kolory.png?id=10729) !important;}&#8221;][\/vc_column][\/vc_row][vc_row][vc_column][vc_empty_space height=&#8221;15px&#8221;][\/vc_column][\/vc_row]<\/p>","protected":false},"excerpt":{"rendered":"<p>Psycholo\u017cka, ambasadorka kierunku <b>psychologia<\/b>. Specjalizuje si\u0119 w analizie zachowania cz\u0142owieka w warunkach ekstremalnych i psychologicznej pracy z filmem. Popularyzatorka nauki oraz sportowiec. Jej osi\u0105gni\u0119cia medalowe w zawodach Otwartego Pucharu Polski Wushu i International Polish Wushu Kungfu Championships w 2022 r. zaowocowa\u0142y powo\u0142aniem do Karty Narodowej. [&#8230;]<\/p>\n<p><a class=\"btn btn-secondary understrap-read-more-link\" href=\"https:\/\/us.edu.pl\/kandydat\/agnieszka-skorupa-ambasadorka-kierunku-studiow\/\">Read More&#8230;<\/a><\/p>\n","protected":false},"author":3654,"featured_media":11024,"comment_status":"open","ping_status":"open","sticky":false,"template":"","format":"standard","meta":{"_expiration-date-status":"","_expiration-date":0,"_expiration-date-type":"","_expiration-date-categories":[],"_expiration-date-options":[]},"categories":[136],"tags":[],"acf":[],"_links":{"self":[{"href":"https:\/\/us.edu.pl\/kandydat\/wp-json\/wp\/v2\/posts\/11530"}],"collection":[{"href":"https:\/\/us.edu.pl\/kandydat\/wp-json\/wp\/v2\/posts"}],"about":[{"href":"https:\/\/us.edu.pl\/kandydat\/wp-json\/wp\/v2\/types\/post"}],"author":[{"embeddable":true,"href":"https:\/\/us.edu.pl\/kandydat\/wp-json\/wp\/v2\/users\/3654"}],"replies":[{"embeddable":true,"href":"https:\/\/us.edu.pl\/kandydat\/wp-json\/wp\/v2\/comments?post=11530"}],"version-history":[{"count":7,"href":"https:\/\/us.edu.pl\/kandydat\/wp-json\/wp\/v2\/posts\/11530\/revisions"}],"predecessor-version":[{"id":12906,"href":"https:\/\/us.edu.pl\/kandydat\/wp-json\/wp\/v2\/posts\/11530\/revisions\/12906"}],"wp:featuredmedia":[{"embeddable":true,"href":"https:\/\/us.edu.pl\/kandydat\/wp-json\/wp\/v2\/media\/11024"}],"wp:attachment":[{"href":"https:\/\/us.edu.pl\/kandydat\/wp-json\/wp\/v2\/media?parent=11530"}],"wp:term":[{"taxonomy":"category","embeddable":true,"href":"https:\/\/us.edu.pl\/kandydat\/wp-json\/wp\/v2\/categories?post=11530"},{"taxonomy":"post_tag","embeddable":true,"href":"https:\/\/us.edu.pl\/kandydat\/wp-json\/wp\/v2\/tags?post=11530"}],"curies":[{"name":"wp","href":"https:\/\/api.w.org\/{rel}","templated":true}]}}