{"id":14050,"date":"2023-07-18T14:46:12","date_gmt":"2023-07-18T12:46:12","guid":{"rendered":"https:\/\/us.edu.pl\/kandydat\/?p=14050"},"modified":"2023-07-18T14:46:12","modified_gmt":"2023-07-18T12:46:12","slug":"czy-wrazliwosc-nas-uratuje-na-pytanie-odpowiada-dr-hab-magdalena-szpunar-prof-us","status":"publish","type":"post","link":"https:\/\/us.edu.pl\/kandydat\/czy-wrazliwosc-nas-uratuje-na-pytanie-odpowiada-dr-hab-magdalena-szpunar-prof-us\/","title":{"rendered":"Czy wra\u017cliwo\u015b\u0107 nas uratuje? Na pytanie odpowiada dr hab. Magdalena Szpunar, prof. U\u015a"},"content":{"rendered":"<p>[vc_row][vc_column][vc_column_text][\/vc_column_text][\/vc_column][\/vc_row][vc_row][vc_column]\r\n                <div class=\"text-modules \">\r\n                    <div class=\"container\">\r\n                         \r\n                        <div class=\"row m-0\">\r\n                            <div class=\"text-modules__content\">\r\n                                <\/p>\n<h3>Procesy Weberowskiego \u201eodczarowania \u015bwiata\u201d i sch\u0142odzona racjonalno\u015b\u0107 spowodowa\u0142y, \u017ce \u017cyjemy w \u015bwiecie, w kt\u00f3rym raczej nie ma miejsca dla wra\u017cliwo\u015bci.<\/h3>\n<p>Bardziej liczy si\u0119 efektywno\u015b\u0107, osi\u0105ganie wynik\u00f3w i skuteczno\u015b\u0107 w\u0142asnego dzia\u0142ania, ni\u017c nieracjonalna s\u0142abo\u015b\u0107 wra\u017cliwo\u015bci. Mamy do czynienia ze \u015bwiatem, w kt\u00f3rym maksymalizuje si\u0119 zyski, nie dba za\u015b o nieefektywne, \u201eprzeszkadzaj\u0105ce\u201d emocje. Profesjonalizm domaga si\u0119 wyrugowania emocji, wej\u015bcia w bezosobow\u0105 rol\u0119, stania si\u0119 elementem machiny biurokratycznej sprawno\u015bci. Inaczej m\u00f3wi\u0105c, stosuje si\u0119 upraszczaj\u0105c\u0105, a w konsekwencji przek\u0142amuj\u0105c\u0105 dychotomi\u0119 \u2013 albo co\u015b jest rozumowe, albo afektywne, a linia demarkacyjna pomi\u0119dzy tymi dwiema dystynkcjami jest bardzo wyra\u017ana i separuj\u0105ca.<\/p>\n<p>W dobie o\u015bwiecenia szczeg\u00f3lnie mocno zarysowa\u0142y si\u0119 dewaluacja emocji, uczuciowo\u015bci, \u201ezwierz\u0119cych instynkt\u00f3w\u201d czy wreszcie my\u015blenia magicznego i wzrost warto\u015bci rozumu. Weberowski, odczarowany \u015bwiat, wydrenowany z nieefektywnych i przeszkadzaj\u0105cych emocji, ow\u0142adni\u0119ty jest fetyszem skuteczno\u015bci i efektywno\u015bci. W takim \u015bwiecie ch\u0142odna racjonalno\u015b\u0107 wydaje si\u0119 jedyn\u0105 mo\u017cliw\u0105 postaw\u0105\u00a0 dzia\u0142ania.<\/p>\n<p>&nbsp;<\/p>\n<h3>Paradoksem \u017cycia w ponowoczesnym \u015bwiecie s\u0105 mechanizmy, kt\u00f3rych celem jest racjonalizacja emocji.<\/h3>\n<p>Uzewn\u0119trznianie ich coraz cz\u0119\u015bciej podlega procesom normatywnej oceny, coraz wyra\u017aniej dostrzegalna jest r\u00f3wnie\u017c ich standaryzacja i kwantyfikacja. Wkradaj\u0105ca si\u0119 do \u017cycia codziennego, a zaczerpni\u0119ta z pola ekonomicznego kategoria u\u017cyteczno\u015bci nak\u0142ada imperatyw pozytywnego waloryzowania tego, co mo\u017ce by\u0107 dla nas efektywne, u\u017cyteczne, a przede wszystkim mierzalne. Emocje \u2013 jako zb\u0119dne i przeszkadzaj\u0105ce \u2013 s\u0105 z takiego pola skutecznie rugowane.<\/p>\n<p>Prze\u017cywanie, a tak\u017ce eksterioryzacja emocji stanowi\u0105 immanentnie ludzk\u0105 dyspozycj\u0119. Bywa, \u017ce dystynkcja ta staje si\u0119 wy\u0142\u0105cznie pi\u0119tnem, trudno\u015bci\u0105 czy skaz\u0105, os\u0142abiaj\u0105c\u0105 osob\u0119 konfrontuj\u0105c\u0105 si\u0119 z zewn\u0119trzn\u0105 rzeczywisto\u015bci\u0105. Pomimo tak przyj\u0119tej perspektywy nale\u017cy wskaza\u0107, \u017ce emotywny aspekt ludzkiej osobowo\u015bci staje si\u0119 niejednokrotnie \u017ar\u00f3d\u0142em jej sensu i pog\u0142\u0119bionej podmiotowo\u015bci. W wielu wymiarach \u017cycia to w\u0142a\u015bnie emocje s\u0105 podstawowym narz\u0119dziem poznania, a prymarna rola rozumu zostaje zredukowana na rzecz zapo\u015bredniczaj\u0105cych proces poznawczy emocji.<\/p>\n<p>Do wra\u017cliwo\u015bci z jednej strony odnosimy si\u0119 pozytywnie, kojarz\u0105c j\u0105 z empati\u0105, g\u0142\u0119bokim odczuwaniem i wsp\u00f3\u0142czuciem, z drugiej \u2014 osobom wra\u017cliwym przypisujemy pewn\u0105 niedojrza\u0142o\u015b\u0107, niestabilno\u015b\u0107 emocjonaln\u0105, nieadekwatny, przenikni\u0119ty na wskro\u015b emocjami odbi\u00f3r rzeczywisto\u015bci. Odczuwanie wi\u0119cej i mocniej oznacza skazuje jednostki na nia\u0142atw\u0105 egzystencj\u0119. Nierzadko o osobach wra\u017cliwych m\u00f3wimy, \u017ce s\u0105 \u201es\u0142abe\u201d, \u201eniedostosowane\u201d, podczas gdy cecha ta, paradoksalnie jest ich si\u0142\u0105. Jak trafnie pisa\u0142a Barbara Skarga \u201ewra\u017cliwo\u015b\u0107 pog\u0142\u0119bia poczucie to\u017csamo\u015bci\u201d.<\/p>\n<p>&nbsp;<\/p>\n<h3>Namys\u0142 nad t\u0105 dyspozycj\u0105 poznawcz\u0105 w dobie post\u0119puj\u0105cej technicyzacji i informatyzacji \u015bwiata ponowoczesnego jest szczeg\u00f3lnie cenny, gdy\u017c nadmiarowo\u015b\u0107 informacyjna mo\u017ce w prosty spos\u00f3b prowadzi\u0107 do anestezji, desensytyzacji, a w konsekwencji oboj\u0119tno\u015bci.<\/h3>\n<p>Cho\u0107 bezrefleksyjnie uznajemy, \u017ce wra\u017cliwo\u015b\u0107 stanowi w\u0142a\u015bciwo\u015b\u0107 immanentnie zwi\u0105zan\u0105 z naszym cz\u0142owiecze\u0144stwem i powinni\u015bmy atrybut ten ceni\u0107 szczeg\u00f3lnie, nietrudno odnie\u015b\u0107 wra\u017cenie, \u017ce bardzo cz\u0119sto jest on konotowany negatywnie. Wra\u017cliwo\u015b\u0107 emocjonalna niejednokrotnie traktowana jest jako forma niedojrza\u0142o\u015bci, czy braku kontaktu z realnym \u015bwiatem.<\/p>\n<p>Wra\u017cliwo\u015b\u0107 bywa ujmowana jako szczeg\u00f3lna dyspozycja, forma \u201efilozoficznego nerwu\u201d, kt\u00f3ry zapewnia g\u0142\u0119boko\u015b\u0107 my\u015blenia. Podwy\u017cszona wra\u017cliwo\u015b\u0107 psychiczna i intensywno\u015b\u0107 emocjonalna jest w\u0142a\u015bciwa przede wszystkim osobom zdolnym i tw\u00f3rczym. U artyst\u00f3w \u0142\u0105czy si\u0119 ona z tw\u00f3rcz\u0105 wyobra\u017ani\u0105, wymuszaj\u0105c na jednostce dzia\u0142ania artystyczne. Badania nad tw\u00f3rczo\u015bci\u0105 i uzdolnieniami o charakterze artystycznym pokazuj\u0105, \u017ce osobowo\u015b\u0107 tw\u00f3rcza ujawnia si\u0119 ju\u017c w wieku dzieci\u0119cym. Dzieci o sk\u0142onno\u015bciach artystycznych z regu\u0142y cechuje wysoki poziom inteligencji, bogactwo wyobra\u017ani, du\u017ca trwa\u0142o\u015b\u0107 i ch\u0142onno\u015b\u0107 uwagi, a tak\u017ce wysoki poziom emocjonalnej wra\u017cliwo\u015bci. Ich zachowania pe\u0142ne s\u0105 ekspresywno\u015bci, spontaniczno\u015bci i naturalno\u015bci.<\/p>\n<p>&nbsp;<\/p>\n<h3>Wra\u017cliwo\u015b\u0107 powoduje, \u017ce jeste\u015bmy jak czu\u0142e odbiorniki, kt\u00f3re rejestruj\u0105 wszystko.<\/h3>\n<p class=\"Standard\" style=\"text-align: justify;\">Umys\u0142y os\u00f3b wra\u017cliwych wychwytuj\u0105 z otoczenia najdrobniejsze niuanse i detale rzeczywisto\u015bci. Dzi\u0119ki wra\u017cliwo\u015bci widzimy wi\u0119cej i czujemy mocniej. To w\u0142a\u015bnie wra\u017cliwo\u015b\u0107 powoduje, \u017ce dostrzegamy w \u015bwiecie osoby, kt\u00f3rych nikt nie chce dostrzega\u0107, od kt\u00f3rych wielu odwraca wzrok. To w\u0142a\u015bnie wra\u017cliwo\u015b\u0107 sprawia, \u017ce nasze ja przestaje by\u0107 najwa\u017cniejsze. Dzi\u0119ki niej stajemy si\u0119 czuli na krzywd\u0119 i los najs\u0142abszych. To dzi\u0119ki niej ka\u017cdy mo\u017ce poczu\u0107 si\u0119 potrzebny, wa\u017cny i doceniony. To dzi\u0119ki wra\u017cliwo\u015bci spo\u0142ecze\u0144stwo mo\u017ce wzrasta\u0107 i rozwija\u0107 si\u0119, a nie tylko trwa\u0107 i realizowa\u0107 egoistyczne potrzeby. Wra\u017cliwo\u015b\u0107 sprawia, \u017ce nie odrzucamy nikogo ze wzgl\u0119du na wyznanie, kolor sk\u00f3ry, wyznawane pogl\u0105dy, czy preferencje seksualne. To wra\u017cliwo\u015b\u0107 czyni nas czu\u0142ymi na pi\u0119kno tego \u015bwiata i zach\u0119ca do dba\u0142o\u015bci o planet\u0119 kt\u00f3ra jest naszym wsp\u00f3lnym domem. <strong>To wra\u017cliwo\u015b\u0107 powoduje, \u017ce ci\u0105gle mo\u017cemy wierzy\u0107, \u017ce to nie pieni\u0105dze, dobra materialne, sukces, a drugi cz\u0142owiek jest najwa\u017cniejszy. <\/strong>To ona nas ucz\u0142owiecza, humanizuje, oddala od wizji skutecznych, lecz niewra\u017cliwych robot\u00f3w. <strong>Je\u015bli jest co\u015b, co mo\u017ce uratowa\u0107 ten \u015bwiat przed zag\u0142ad\u0105, to jest to wra\u017cliwo\u015b\u0107.<\/strong><\/p>\n<p>&nbsp;<\/p>\n<table style=\"border-collapse: collapse; width: 100%;\">\n<tbody>\n<tr>\n<td style=\"width: 39.133%;\"><img class=\"alignnone wp-image-14061\" src=\"https:\/\/us.edu.pl\/kandydat\/wp-content\/uploads\/sites\/13\/Bez-kategorii\/Magdalena-Szpunar-600x503.png\" alt=\"zdj\u0119cie portretowe Magdaleny Szpunar\" width=\"328\" height=\"275\" srcset=\"https:\/\/us.edu.pl\/kandydat\/wp-content\/uploads\/sites\/13\/Bez-kategorii\/Magdalena-Szpunar-600x503.png 600w, https:\/\/us.edu.pl\/kandydat\/wp-content\/uploads\/sites\/13\/Bez-kategorii\/Magdalena-Szpunar-768x644.png 768w, https:\/\/us.edu.pl\/kandydat\/wp-content\/uploads\/sites\/13\/Bez-kategorii\/Magdalena-Szpunar-575x482.png 575w, https:\/\/us.edu.pl\/kandydat\/wp-content\/uploads\/sites\/13\/Bez-kategorii\/Magdalena-Szpunar.png 940w\" sizes=\"(max-width: 328px) 100vw, 328px\" \/><em><span style=\"font-size: 10pt;\"><br \/>\n<\/span><\/em><\/td>\n<td style=\"width: 60.867%;\"><em><strong>dr\u00a0<\/strong><\/em><em><em><strong>hab. Magdalena Szpunar, prof. U\u015a<br \/>\n<\/strong><\/em><span style=\"font-size: 10pt;\">Pracuje na Wydziale Nauk Spo\u0142ecznych w Instytucie Socjologii. Prowadzi stron\u0119 domow\u0105 <a href=\"http:\/\/www.magdalenaszpunar.com\">www.magdalenaszpunar.com<\/a>. Autorka ponad 170 publikacji naukowych w tym monografii \u201e(Nie)potrzebna wra\u017cliwo\u015b\u0107\u201d. W wolnym czasie pisze wiersze, laureatka kilku konkurs\u00f3w poetyckich.<\/span><\/em><\/td>\n<\/tr>\n<\/tbody>\n<\/table>\n<p>&nbsp;<\/p>\n<p><span style=\"font-size: 10pt;\">Bibliografia:<\/span><\/p>\n<ul>\n<li class=\"Standard\" style=\"text-align: justify;\"><span style=\"font-size: 10pt;\">M. Szpunar,<i> (Nie)potrzebna wra\u017cliwo\u015b\u0107<\/i>, Krak\u00f3w, 2018.<\/span><\/li>\n<li class=\"Standard\" style=\"text-align: justify;\"><span style=\"font-size: 10pt;\">M. Szpunar, <i>O potrzebie czu\u0142ego narratora w nieczu\u0142ym \u015bwiecie,<\/i> &#8222;Ethos&#8221;, 2021\/2, s. 199-216.<\/span><\/li>\n<li class=\"Standard\" style=\"text-align: justify;\"><span style=\"font-size: 10pt;\">M. Szpunar, <i>Niewra\u017cliwa kultura. O chronicznej potrzebie wra\u017cliwo\u015bci w niewra\u017cliwym \u015bwiecie<\/i>, \u201eKultura Wsp\u00f3\u0142czesna\u201d, 2018\/4, s. 13-23.<\/span><\/li>\n<li class=\"Standard\" style=\"text-align: justify;\"><span style=\"font-size: 10pt;\">M. Szpunar, <i>Wra\u017cliwo\u015b\u0107 (nie tylko) artystyczna<\/i>, \u201eKultura i Spo\u0142ecze\u0144stwo\u201d, 2017\/1, s. 123-134.<\/span><\/li>\n<li class=\"Standard\" style=\"text-align: justify;\"><span style=\"font-size: 10pt;\">M. Szpunar, <i>O poezjoterapii i sile bezsilnej poezji,<\/i> w: M. Paluch (red.) S\u0142ownik wyraz\u00f3w ratuj\u0105cych \u017cycie, Warszawa, 2023, s. 358-369.<\/span><\/li>\n<li class=\"Standard\" style=\"text-align: justify;\"><span style=\"font-size: 10pt;\">M. Szpunar, <i>O donios\u0142o\u015bci niepewno\u015bci i my\u015bli s\u0142abej<\/i>, &#8222;Zeszyty Prasoznawcze&#8221;, 2021\/3, s. 87-99.<\/span>\n<p class=\"Standard\" style=\"text-align: justify;\">\n<\/li>\n<\/ul>\n<div class=\"mt-3\"><\/div>\r\n                            <\/div>\r\n                            \r\n                            <div class=\"text-modules__img\"><img src=\"https:\/\/us.edu.pl\/kandydat\/wp-content\/uploads\/sites\/13\/Bez-kategorii\/czy-wrazliwosc-nas-urtauje-410x1024.png\" alt=\"img\"><\/div>\r\n                        <\/div>\r\n                    <\/div>\r\n                <\/div>[vc_btn title=&#8221;Kierunki od A do Z&#8221; shape=&#8221;round&#8221; color=&#8221;primary&#8221; size=&#8221;lg&#8221; align=&#8221;center&#8221; css_animation=&#8221;none&#8221; button_block=&#8221;true&#8221; link=&#8221;url:https%3A%2F%2Fus.edu.pl%2Fkandydat%2Fstrona-glowna%2Flista-kierunkow%2F|target:_blank&#8221;][\/vc_column][\/vc_row][vc_row][vc_column][vc_separator color=&#8221;sky&#8221; style=&#8221;shadow&#8221; border_width=&#8221;2&#8243;][\/vc_column][\/vc_row][vc_row][vc_column]\r\n                <div class=\"text-modules\">\r\n                    <div class=\"container\">\r\n                        \r\n                        <div class=\"text-modules__content\"><\/p>\n<h3>Zobacz nasze miasta akademickie!<\/h3>\n<p>\n<\/div>\r\n                    <\/div>\r\n                <\/div>[\/vc_column][\/vc_row][vc_row gap=&#8221;1&#8243;][vc_column width=&#8221;1\/4&#8243;]\r\n                <div class=\"text-modules\">\r\n                    <div class=\"container\">\r\n                        \r\n                        <div class=\"text-modules__content\"><\/p>\n<h4>Katowice<\/h4>\n<p>\n<\/div>\r\n                    <\/div>\r\n                <\/div>[\/vc_column][vc_column width=&#8221;1\/4&#8243;]\r\n                <div class=\"text-modules\">\r\n                    <div class=\"container\">\r\n                        \r\n                        <div class=\"text-modules__content\"><\/p>\n<h4 style=\"text-align: left;\">Cieszyn<\/h4>\n<p>\n<\/div>\r\n                    <\/div>\r\n                <\/div>[\/vc_column][vc_column width=&#8221;1\/4&#8243;]\r\n                <div class=\"text-modules\">\r\n                    <div class=\"container\">\r\n                        \r\n                        <div class=\"text-modules__content\"><\/p>\n<h4>Chorz\u00f3w<\/h4>\n<p>\n<\/div>\r\n                    <\/div>\r\n                <\/div>[\/vc_column][vc_column width=&#8221;1\/4&#8243;]\r\n                <div class=\"text-modules\">\r\n                    <div class=\"container\">\r\n                        \r\n                        <div class=\"text-modules__content\"><\/p>\n<h4>Sosnowiec<\/h4>\n<p>\n<\/div>\r\n                    <\/div>\r\n                <\/div>[\/vc_column][\/vc_row][vc_row gap=&#8221;1&#8243;][vc_column width=&#8221;1\/4&#8243;][vc_video link=&#8221;https:\/\/www.youtube.com\/watch?v=azMUt0AE-Uw&#8221;][\/vc_column][vc_column width=&#8221;1\/4&#8243;][vc_video link=&#8221;https:\/\/www.youtube.com\/watch?v=qaDqXt7s9aw&#8221;][\/vc_column][vc_column width=&#8221;1\/4&#8243;][vc_video link=&#8221;https:\/\/www.youtube.com\/watch?v=pDEtaclHgNQ&#8221;][\/vc_column][vc_column width=&#8221;1\/4&#8243;][vc_video link=&#8221;https:\/\/www.youtube.com\/watch?v=vGmjyJEHi80&#8243;][\/vc_column][\/vc_row][vc_row][vc_column][vc_column_text][\/vc_column_text][\/vc_column][\/vc_row][vc_row][vc_column][vc_column_text]<\/p>","protected":false},"excerpt":{"rendered":"<p>[vc_row][vc_column][vc_column_text][\/vc_column_text][\/vc_column][\/vc_row][vc_row][vc_column][vc_btn title=&#8221;Kierunki od A do Z&#8221; shape=&#8221;round&#8221; color=&#8221;primary&#8221; size=&#8221;lg&#8221; align=&#8221;center&#8221; css_animation=&#8221;none&#8221; button_block=&#8221;true&#8221; link=&#8221;url:https%3A%2F%2Fus.edu.pl%2Fkandydat%2Fstrona-glowna%2Flista-kierunkow%2F|target:_blank&#8221;][\/vc_column][\/vc_row][vc_row][vc_column][vc_separator color=&#8221;sky&#8221; style=&#8221;shadow&#8221; border_width=&#8221;2&#8243;][\/vc_column][\/vc_row][vc_row][vc_column][\/vc_column][\/vc_row][vc_row gap=&#8221;1&#8243;][vc_column width=&#8221;1\/4&#8243;][\/vc_column][vc_column width=&#8221;1\/4&#8243;][\/vc_column][vc_column width=&#8221;1\/4&#8243;][\/vc_column][vc_column width=&#8221;1\/4&#8243;][\/vc_column][\/vc_row][vc_row gap=&#8221;1&#8243;][vc_column width=&#8221;1\/4&#8243;][vc_video link=&#8221;https:\/\/www.youtube.com\/watch?v=azMUt0AE-Uw&#8221;][\/vc_column][vc_column width=&#8221;1\/4&#8243;][vc_video link=&#8221;https:\/\/www.youtube.com\/watch?v=qaDqXt7s9aw&#8221;][\/vc_column][vc_column width=&#8221;1\/4&#8243;][vc_video link=&#8221;https:\/\/www.youtube.com\/watch?v=pDEtaclHgNQ&#8221;][\/vc_column][vc_column width=&#8221;1\/4&#8243;][vc_video link=&#8221;https:\/\/www.youtube.com\/watch?v=vGmjyJEHi80&#8243;][\/vc_column][\/vc_row][vc_row][vc_column][vc_column_text][\/vc_column_text][\/vc_column][\/vc_row][vc_row][vc_column][vc_column_text] [&#8230;]<\/p>\n<p><a class=\"btn btn-secondary understrap-read-more-link\" href=\"https:\/\/us.edu.pl\/kandydat\/czy-wrazliwosc-nas-uratuje-na-pytanie-odpowiada-dr-hab-magdalena-szpunar-prof-us\/\">Read More&#8230;<\/a><\/p>\n","protected":false},"author":2547,"featured_media":14067,"comment_status":"open","ping_status":"open","sticky":false,"template":"","format":"standard","meta":{"_expiration-date-status":"","_expiration-date":0,"_expiration-date-type":"","_expiration-date-categories":[],"_expiration-date-options":[]},"categories":[56],"tags":[],"acf":[],"_links":{"self":[{"href":"https:\/\/us.edu.pl\/kandydat\/wp-json\/wp\/v2\/posts\/14050"}],"collection":[{"href":"https:\/\/us.edu.pl\/kandydat\/wp-json\/wp\/v2\/posts"}],"about":[{"href":"https:\/\/us.edu.pl\/kandydat\/wp-json\/wp\/v2\/types\/post"}],"author":[{"embeddable":true,"href":"https:\/\/us.edu.pl\/kandydat\/wp-json\/wp\/v2\/users\/2547"}],"replies":[{"embeddable":true,"href":"https:\/\/us.edu.pl\/kandydat\/wp-json\/wp\/v2\/comments?post=14050"}],"version-history":[{"count":7,"href":"https:\/\/us.edu.pl\/kandydat\/wp-json\/wp\/v2\/posts\/14050\/revisions"}],"predecessor-version":[{"id":14068,"href":"https:\/\/us.edu.pl\/kandydat\/wp-json\/wp\/v2\/posts\/14050\/revisions\/14068"}],"wp:featuredmedia":[{"embeddable":true,"href":"https:\/\/us.edu.pl\/kandydat\/wp-json\/wp\/v2\/media\/14067"}],"wp:attachment":[{"href":"https:\/\/us.edu.pl\/kandydat\/wp-json\/wp\/v2\/media?parent=14050"}],"wp:term":[{"taxonomy":"category","embeddable":true,"href":"https:\/\/us.edu.pl\/kandydat\/wp-json\/wp\/v2\/categories?post=14050"},{"taxonomy":"post_tag","embeddable":true,"href":"https:\/\/us.edu.pl\/kandydat\/wp-json\/wp\/v2\/tags?post=14050"}],"curies":[{"name":"wp","href":"https:\/\/api.w.org\/{rel}","templated":true}]}}