{"id":14432,"date":"2024-02-02T10:31:38","date_gmt":"2024-02-02T09:31:38","guid":{"rendered":"https:\/\/us.edu.pl\/kandydat\/?p=14432"},"modified":"2024-02-06T10:09:22","modified_gmt":"2024-02-06T09:09:22","slug":"innowacyjny-program-oze-w-ofercie-centrum-studiow-podyplomowych","status":"publish","type":"post","link":"https:\/\/us.edu.pl\/kandydat\/innowacyjny-program-oze-w-ofercie-centrum-studiow-podyplomowych\/","title":{"rendered":"Innowacyjny program OZE w ofercie Centrum Studi\u00f3w Podyplomowych"},"content":{"rendered":"<p>[vc_row][vc_column]\r\n                <div class=\"text-modules \">\r\n                    <div class=\"container\">\r\n                         \r\n                        <div class=\"row m-0\">\r\n                            <div class=\"text-modules__content\">\r\n                                Przed ludzko\u015bci\u0105 pojawi\u0142o si\u0119 jedno z najpowa\u017cniejszych wyzwa\u0144 w historii &#8211; zapobieganie konsekwencjom zwi\u0105zanym ze zmianami klimatu. Powoduj\u0105 one liczne zagro\u017cenia zar\u00f3wno globalnie, jak i dla wsp\u00f3lnot lokalnych. Musimy podejmowa\u0107 dzia\u0142ania na rzecz zr\u00f3wnowa\u017conego rozwoju oraz stara\u0107 si\u0119 zapobiega\u0107 dynamicznym zmianom klimatu. Wiedz\u0119 na temat takich dzia\u0142a\u0144, sposob\u00f3w radzenia sobie z ich konsekwencjami oraz implementacji zielonej transformacji w samorz\u0105dzie czy biznesie, b\u0119dzie mo\u017cna zdoby\u0107 na studiach podyplomowych Odnawialne \u0179r\u00f3d\u0142a Energii.<\/p>\n<p>Dlaczego warto? \u2013 <em>\u201e<\/em><em>Bo jest to kierunek obecnie bardzo wa\u017cny w aspekcie ochrony \u015brodowiska i transformacji energetycznej wszystkich region\u00f3w Polski\u201d<\/em> &#8211; m\u00f3wi <strong>Executive MBA dr\u00a0Katarzyna Juszczyk-Frelkiewicz, prof.\u00a0U\u015a, kierownik studi\u00f3w podyplomowych. \u201e<\/strong><em>W Polsce wzrasta zapotrzebowanie na <\/em><em>specjalist\u00f3w <strong>ds. energii odnawialnej<\/strong>. Wed\u0142ug raportu Polskiej Agencji Rozwoju Przedsi\u0119biorczo\u015bci dotycz\u0105cego rynku pracy to zaw\u00f3d przysz\u0142o\u015bci, dlatego warto zainwestowa\u0107 w sw\u00f3j rozw\u00f3j lub w pracownika, kt\u00f3ry zdob\u0119dzie niezb\u0119dn\u0105 wiedz\u0119 i b\u0119dzie specjalist\u0105 w tej dziedzinie<\/em>\u201d \u2013 kontynuuje kierownik studi\u00f3w podyplomowych.<\/p>\n<p><strong>Czym wyr\u00f3\u017cniaj\u0105 si\u0119 Studia podyplomowe OZE?<\/strong><\/p>\n<ul>\n<li><strong>wyj\u0105tkowe<\/strong>, bo praktyczne! Oferujemy praktyczne zaj\u0119cia z udzia\u0142em profesjonalist\u00f3w. Program obejmuje r\u00f3wnie\u017c wyjazd terenowy, kt\u00f3ry ukazuje praktyczne zastosowania OZE,<\/li>\n<li><strong>innowacyjne<\/strong>, bo podczas zaj\u0119\u0107 skupiamy si\u0119 na istotnym temacie samowystarczalno\u015bci energetycznej miast, gmin i kraju,<\/li>\n<li><strong>presti\u017cowe,<\/strong> bo otrzymasz dyplom jednej z najwi\u0119kszych uczelni na \u015al\u0105sku z gwarancj\u0105 najwy\u017cszego poziomu zdobytej wiedzy.<\/li>\n<\/ul>\n<p>&nbsp;<\/p>\n<p>Udzia\u0142 w tym innowacyjnym programie pozwoli pracownikom sektora publicznego i prywatnego wdra\u017ca\u0107 w swojej codziennej pracy rozwi\u0105zania zwi\u0105zane z sprawiedliw\u0105 transformacj\u0105 i ochron\u0105 \u015brodowiska w skali lokalnej, ale r\u00f3wnie\u017c globalnej.<\/p>\n<p>Studia podyplomowe na Uniwersytecie \u015al\u0105skim to po\u0142\u0105czenie wiedzy teoretycznej z praktyczn\u0105. Zaj\u0119cia z kadr\u0105 naukowc\u00f3w, a tak\u017ce ekspertami i praktykami specjalizuj\u0105cymi si\u0119 w konkretnych dziedzinach sprawi\u0105, \u017ce zdobyte umiej\u0119tno\u015bci zaowocuj\u0105 lepsz\u0105 pozycj\u0105 na rynku pracy i pojawieniem si\u0119 nowych mo\u017cliwo\u015bci.<\/p>\n<p><strong>Poznaj pe\u0142n\u0105 ofert\u0119 naszych studi\u00f3w <\/strong><\/p>\n<p>W ofercie na semestr letni 2023\/2024 znajduj\u0105 si\u0119 studia z zakresu edukacji w\u0142\u0105czaj\u0105cej oraz bibliotekoznawstwa i informacji naukowej, jak r\u00f3wnie\u017c programy skierowane do os\u00f3b z sektora biznesowego i mened\u017cerskiego.<\/p>\n<p>Zapraszamy do zapoznania si\u0119 z ofert\u0105 edukacyjn\u0105 Uniwersytetu \u015al\u0105skiego w Katowicach.<br \/>\nSzczeg\u00f3\u0142owe informacje o programach, zasadach rekrutacji i op\u0142atach dost\u0119pne s\u0105 na stronie internetowej: <a href=\"https:\/\/www.studiapodyplomowe.us.edu.pl\/\">https:\/\/www.studiapodyplomowe.us.edu.pl\/<\/a>.<\/p>\n<p>Rejestracja kandydat\u00f3w na studia odbywa si\u0119 w systemie IRK: <a href=\"https:\/\/irk2.us.edu.pl\/pl\/home\/POD-2023-L\/\">https:\/\/irk2.us.edu.pl\/pl\/home\/POD-2023-L\/<\/a><\/p>\n<p><strong>Kontakt<\/strong><\/p>\n<p>Centrum Studi\u00f3w Podyplomowych<br \/>\nUniwersytecka 4, 40-007 Katowice<br \/>\ne-mail: <a href=\"mailto:studiapodyplomowe@us.edu.pl\">studiapodyplomowe@us.edu.pl\u00a0<\/a><br \/>\ntel. 32 359 23 47 \r\n                                <div class=\"mt-3\"><\/div>\r\n                            <\/div>\r\n                            \r\n                            <div class=\"text-modules__img\"><img src=\"https:\/\/us.edu.pl\/kandydat\/wp-content\/uploads\/sites\/13\/Bez-kategorii\/1200x1200px_002_najnowsza_grafika.jpg\" alt=\"img\"><\/div>\r\n                        <\/div>\r\n                    <\/div>\r\n                <\/div>[\/vc_column][\/vc_row]<\/p>","protected":false},"excerpt":{"rendered":"<p>[vc_row][vc_column][\/vc_column][\/vc_row] [&#8230;]<\/p>\n<p><a class=\"btn btn-secondary understrap-read-more-link\" href=\"https:\/\/us.edu.pl\/kandydat\/innowacyjny-program-oze-w-ofercie-centrum-studiow-podyplomowych\/\">Read More&#8230;<\/a><\/p>\n","protected":false},"author":2547,"featured_media":14434,"comment_status":"open","ping_status":"open","sticky":false,"template":"","format":"standard","meta":{"_expiration-date-status":"","_expiration-date":0,"_expiration-date-type":"","_expiration-date-categories":[],"_expiration-date-options":[]},"categories":[56],"tags":[],"acf":[],"_links":{"self":[{"href":"https:\/\/us.edu.pl\/kandydat\/wp-json\/wp\/v2\/posts\/14432"}],"collection":[{"href":"https:\/\/us.edu.pl\/kandydat\/wp-json\/wp\/v2\/posts"}],"about":[{"href":"https:\/\/us.edu.pl\/kandydat\/wp-json\/wp\/v2\/types\/post"}],"author":[{"embeddable":true,"href":"https:\/\/us.edu.pl\/kandydat\/wp-json\/wp\/v2\/users\/2547"}],"replies":[{"embeddable":true,"href":"https:\/\/us.edu.pl\/kandydat\/wp-json\/wp\/v2\/comments?post=14432"}],"version-history":[{"count":3,"href":"https:\/\/us.edu.pl\/kandydat\/wp-json\/wp\/v2\/posts\/14432\/revisions"}],"predecessor-version":[{"id":14439,"href":"https:\/\/us.edu.pl\/kandydat\/wp-json\/wp\/v2\/posts\/14432\/revisions\/14439"}],"wp:featuredmedia":[{"embeddable":true,"href":"https:\/\/us.edu.pl\/kandydat\/wp-json\/wp\/v2\/media\/14434"}],"wp:attachment":[{"href":"https:\/\/us.edu.pl\/kandydat\/wp-json\/wp\/v2\/media?parent=14432"}],"wp:term":[{"taxonomy":"category","embeddable":true,"href":"https:\/\/us.edu.pl\/kandydat\/wp-json\/wp\/v2\/categories?post=14432"},{"taxonomy":"post_tag","embeddable":true,"href":"https:\/\/us.edu.pl\/kandydat\/wp-json\/wp\/v2\/tags?post=14432"}],"curies":[{"name":"wp","href":"https:\/\/api.w.org\/{rel}","templated":true}]}}