{"id":21552,"date":"2025-10-10T11:03:06","date_gmt":"2025-10-10T09:03:06","guid":{"rendered":"https:\/\/us.edu.pl\/kandydat\/?p=21552"},"modified":"2026-02-18T09:14:38","modified_gmt":"2026-02-18T08:14:38","slug":"fundusz-talentow-znamy-laureatow-i-laureatki-drugiej-edycji-konkursu","status":"publish","type":"post","link":"https:\/\/us.edu.pl\/kandydat\/fundusz-talentow-znamy-laureatow-i-laureatki-drugiej-edycji-konkursu\/","title":{"rendered":"Fundusz Talent\u00f3w &#8211; znamy laureat\u00f3w i laureatki drugiej edycji konkursu!"},"content":{"rendered":"<p>[vc_row][vc_column]\r\n                <div class=\"text-modules \">\r\n                    <div class=\"container\">\r\n                         \r\n                        <div class=\"row m-0\">\r\n                            <div class=\"text-modules__content\">\r\n                                <span style=\"font-weight: 400;\">Uniwersytet \u015al\u0105ski w ramach obu program\u00f3w nagrodzi\u0142 <\/span><b>75 wyj\u0105tkowych os\u00f3b<\/b><span style=\"font-weight: 400;\">, kt\u00f3re wykaza\u0142y si\u0119 wybitnymi osi\u0105gni\u0119ciami w nauce, sporcie oraz w obszarze spo\u0142ecznym i artystycznym.<\/span><\/p>\n<h4><b>Program I \u2013 wsparcie dla wybitnych olimpijczyk\u00f3w i sportowc\u00f3w<\/b><\/h4>\n<p><span style=\"font-weight: 400;\">W pierwszym programie nagrodzono <\/span><b>65 os\u00f3b <\/b><span style=\"font-weight: 400;\">\u2013 finalistki i finalist\u00f3w oraz laureatki i laureat\u00f3w olimpiad szczebla centralnego, konkurs\u00f3w og\u00f3lnopolskich i mi\u0119dzynarodowych, a tak\u017ce finalist\u00f3w Mistrzostw Polski w dyscyplinach sportowych obj\u0119tych programem Akademickich Mistrzostw Polski.\u00a0<\/span><\/p>\n<p><span style=\"font-weight: 400;\">Do grona laureatek i laureat\u00f3w do\u0142\u0105czyli:<\/span><\/p>\n<ol>\n<li style=\"font-weight: 400;\" aria-level=\"1\"><span style=\"font-weight: 400;\">Alberty\u0144ski Filip &#8211; Wydzia\u0142 Prawa i Administracji &#8211; kierunek Prawo<\/span><\/li>\n<li style=\"font-weight: 400;\" aria-level=\"1\"><span style=\"font-weight: 400;\">Antes<\/span> <span style=\"font-weight: 400;\">Jerzy &#8211; Wydzia\u0142 Prawa i Administracji &#8211; kierunek Prawo<\/span><\/li>\n<li style=\"font-weight: 400;\" aria-level=\"1\"><span style=\"font-weight: 400;\">Balicka Nikola &#8211; Wydzia\u0142 Prawa i Administracji &#8211; kierunek Prawo<\/span><\/li>\n<li style=\"font-weight: 400;\" aria-level=\"1\"><span style=\"font-weight: 400;\">Buniak\u00a0 Emilia &#8211; Wydzia\u0142 Prawa i Administracji &#8211; kierunek Prawo<\/span><\/li>\n<li style=\"font-weight: 400;\" aria-level=\"1\"><span style=\"font-weight: 400;\">Chmielorz Wojciech &#8211; Wydzia\u0142 Humanistyczny &#8211; kierunek Historia<\/span><\/li>\n<li style=\"font-weight: 400;\" aria-level=\"1\"><span style=\"font-weight: 400;\">Domoradzki Wojciech &#8211; Wydzia\u0142 Prawa i Administracji &#8211; kierunek Prawo<\/span><\/li>\n<li style=\"font-weight: 400;\" aria-level=\"1\"><span style=\"font-weight: 400;\">Drabina Zofia &#8211; Wydzia\u0142 Nauk Spo\u0142ecznych &#8211; kierunek Psychologia<\/span><\/li>\n<li aria-level=\"1\">Fija\u0142kowska Kaja &#8211; Wydzia\u0142 Humanistyczny &#8211; kierunek Lingwistyka stosowana<\/li>\n<li style=\"font-weight: 400;\" aria-level=\"1\"><span style=\"font-weight: 400;\">Gajda Oliwia &#8211; Wydzia\u0142 Prawa i Administracji &#8211; kierunek Prawo<\/span><\/li>\n<li style=\"font-weight: 400;\" aria-level=\"1\"><span style=\"font-weight: 400;\">Garncarz Szymon &#8211; Kolegium Indywidualnych Studi\u00f3w Mi\u0119dzyobszarowych\u00a0<\/span><\/li>\n<li style=\"font-weight: 400;\" aria-level=\"1\"><span style=\"font-weight: 400;\">Giedwi\u0142\u0142o Maja &#8211; Kolegium Indywidualnych Studi\u00f3w Mi\u0119dzyobszarowych<\/span><\/li>\n<li style=\"font-weight: 400;\" aria-level=\"1\"><span style=\"font-weight: 400;\">Gola Filip &#8211; Wydzia\u0142 Humanistyczny &#8211; kierunek Filologia germa\u0144ska<\/span><\/li>\n<li style=\"font-weight: 400;\" aria-level=\"1\"><span style=\"font-weight: 400;\">Grzybowski Jeremiasz &#8211; Wydzia\u0142 Prawa i Administracji &#8211; kierunek Prawo<\/span><\/li>\n<li style=\"font-weight: 400;\" aria-level=\"1\"><span style=\"font-weight: 400;\">Helman Maja<\/span> <span style=\"font-weight: 400;\">&#8211; Wydzia\u0142 Prawa i Administracji &#8211; kierunek Przedsi\u0119biorczo\u015b\u0107<\/span><\/li>\n<li style=\"font-weight: 400;\" aria-level=\"1\"><span style=\"font-weight: 400;\">Herok<\/span> <span style=\"font-weight: 400;\">Micha\u0142<\/span> <span style=\"font-weight: 400;\">Kolegium Indywidualnych Studi\u00f3w Mi\u0119dzyobszarowych\u00a0<\/span><\/li>\n<li style=\"font-weight: 400;\" aria-level=\"1\"><span style=\"font-weight: 400;\">Hoffmann Hanna &#8211; Kolegium Indywidualnych Studi\u00f3w Mi\u0119dzyobszarowych<\/span><\/li>\n<li style=\"font-weight: 400;\" aria-level=\"1\"><span style=\"font-weight: 400;\">Huk Sara &#8211; Wydzia\u0142 Prawa i Administracji &#8211; kierunek Prawo<\/span><\/li>\n<li aria-level=\"1\">Jarek Oskar &#8211; Wydzia\u0142 Nauk Spo\u0142ecznych &#8211; kierunek Bezpiecze\u0144stwo narodowe i mi\u0119dzynarodowe<\/li>\n<li style=\"font-weight: 400;\" aria-level=\"1\"><span style=\"font-weight: 400;\">Jazownik Jagoda &#8211; Wydzia\u0142 Sztuki i Nauk o Edukacji &#8211; kierunek Muzyka w multimediach\u00a0<\/span><\/li>\n<li style=\"font-weight: 400;\" aria-level=\"1\"><span style=\"font-weight: 400;\">Kalita<\/span> <span style=\"font-weight: 400;\">\u0141ukasz<\/span> <span style=\"font-weight: 400;\">Kolegium &#8211; Indywidualnych Studi\u00f3w Mi\u0119dzyobszarowych\u00a0<\/span><\/li>\n<li style=\"font-weight: 400;\" aria-level=\"1\"><span style=\"font-weight: 400;\">Karkowska Dominika<\/span> <span style=\"font-weight: 400;\">&#8211; Wydzia\u0142 Nauk Spo\u0142ecznych &#8211; kierunek Psychologia<\/span><\/li>\n<li style=\"font-weight: 400;\" aria-level=\"1\"><span style=\"font-weight: 400;\">Klimkowski Micha\u0142 &#8211; Wydzia\u0142 Prawa i Administracji &#8211; kierunek Przedsi\u0119biorczo\u015b\u0107<\/span><\/li>\n<li style=\"font-weight: 400;\" aria-level=\"1\"><span style=\"font-weight: 400;\">Koch Franciszek &#8211; Wydzia\u0142 Humanistyczny &#8211; kierunek Filozofia<\/span><\/li>\n<li style=\"font-weight: 400;\" aria-level=\"1\"><span style=\"font-weight: 400;\">Kogut<\/span> <span style=\"font-weight: 400;\">Oliwier &#8211; Wydzia\u0142 Prawa i Administracji &#8211; kierunek Prawo<\/span><\/li>\n<li style=\"font-weight: 400;\" aria-level=\"1\"><span style=\"font-weight: 400;\">Krupa<\/span> <span style=\"font-weight: 400;\">Olga &#8211; Wydzia\u0142 Prawa i Administracji &#8211; kierunek Prawo<\/span><\/li>\n<li style=\"font-weight: 400;\" aria-level=\"1\"><span style=\"font-weight: 400;\">Laszczak Antonina &#8211; Wydzia\u0142 Prawa i Administracji &#8211; kierunek Prawo<\/span><\/li>\n<li style=\"font-weight: 400;\" aria-level=\"1\"><span style=\"font-weight: 400;\">Leks Katarzyna &#8211; Kolegium Indywidualnych Studi\u00f3w Mi\u0119dzyobszarowych\u00a0<\/span><\/li>\n<li style=\"font-weight: 400;\" aria-level=\"1\"><span style=\"font-weight: 400;\">Lonc Micha\u0142 &#8211; Wydzia\u0142 Prawa i Administracji &#8211; kierunek Prawo<\/span><\/li>\n<li style=\"font-weight: 400;\" aria-level=\"1\"><span style=\"font-weight: 400;\">Madaj<\/span> <span style=\"font-weight: 400;\">Teodor<\/span> <span style=\"font-weight: 400;\"> &#8211; Kolegium Indywidualnych Studi\u00f3w Mi\u0119dzyobszarowych\u00a0<\/span><\/li>\n<li style=\"font-weight: 400;\" aria-level=\"1\"><span style=\"font-weight: 400;\">Makie\u0142a Jakub &#8211;\u00a0 Wydzia\u0142 Prawa i Administracji &#8211; kierunek Prawo<\/span><\/li>\n<li style=\"font-weight: 400;\" aria-level=\"1\"><span style=\"font-weight: 400;\">Marcinek Wiktoria &#8211; Wydzia\u0142 Nauk Spo\u0142ecznych &#8211; kierunek Zarz\u0105dzanie zasobami ludzkimi w organizacji<\/span><\/li>\n<li style=\"font-weight: 400;\" aria-level=\"1\"><span style=\"font-weight: 400;\">Masyk<\/span> <span style=\"font-weight: 400;\">Filip &#8211; Wydzia\u0142 Humanistyczny &#8211; kierunek Filozofia<\/span><\/li>\n<li style=\"font-weight: 400;\" aria-level=\"1\"><span style=\"font-weight: 400;\">M\u0142y\u0144czak Alicja &#8211; Wydzia\u0142 Humanistyczny &#8211; kierunek Komunikacja promocyjna i kryzysowa<\/span><\/li>\n<li style=\"font-weight: 400;\" aria-level=\"1\"><span style=\"font-weight: 400;\">Mostowik Oskar &#8211; Wydzia\u0142 Prawa i Administracji &#8211; kierunek Przedsi\u0119biorczo\u015b\u0107<\/span><\/li>\n<li style=\"font-weight: 400;\" aria-level=\"1\"><span style=\"font-weight: 400;\">Mrozek Antoni &#8211; Wydzia\u0142 Prawa i Administracji &#8211; kierunek Prawo<\/span><\/li>\n<li style=\"font-weight: 400;\" aria-level=\"1\"><span style=\"font-weight: 400;\">Noco\u0144<\/span> <span style=\"font-weight: 400;\">Marcelina &#8211; Wydzia\u0142 Nauk \u015acis\u0142ych i Technicznych &#8211; kierunek Informatyka stosowana<\/span><\/li>\n<li style=\"font-weight: 400;\" aria-level=\"1\"><span style=\"font-weight: 400;\">Nowak Kinga &#8211; Wydzia\u0142 Humanistyczny &#8211; kierunek Lingwistyka stosowana<\/span><\/li>\n<li style=\"font-weight: 400;\" aria-level=\"1\"><span style=\"font-weight: 400;\">Paszkiewicz Borys &#8211; Wydzia\u0142 Prawa i Administracji &#8211; kierunek Prawo<\/span><\/li>\n<li style=\"font-weight: 400;\" aria-level=\"1\"><span style=\"font-weight: 400;\">Perek Zofia &#8211; Wydzia\u0142 Prawa i Administracji &#8211; kierunek Prawo<\/span><\/li>\n<li style=\"font-weight: 400;\" aria-level=\"1\"><span style=\"font-weight: 400;\">Piasecka Milena &#8211; Kolegium Indywidualnych Studi\u00f3w Mi\u0119dzyobszarowych<\/span><\/li>\n<li style=\"font-weight: 400;\" aria-level=\"1\"><span style=\"font-weight: 400;\">Pi\u0142at Wiktoria<\/span> <span style=\"font-weight: 400;\">&#8211;\u00a0 Kolegium Indywidualnych Studi\u00f3w Mi\u0119dzyobszarowych<\/span><\/li>\n<li style=\"font-weight: 400;\" aria-level=\"1\"><span style=\"font-weight: 400;\">Pinkawa Maciej &#8211; Kolegium Indywidualnych Studi\u00f3w Mi\u0119dzyobszarowych<\/span><span style=\"font-weight: 400;\">\u00a0<\/span><\/li>\n<li style=\"font-weight: 400;\" aria-level=\"1\"><span style=\"font-weight: 400;\">Pustu\u0142ka Kaja &#8211; Wydzia\u0142 Humanistyczny &#8211; kierunek Kognitywistyka<\/span><\/li>\n<li style=\"font-weight: 400;\" aria-level=\"1\"><span style=\"font-weight: 400;\">Radosz Jesica &#8211; Wydzia\u0142 Nauk Spo\u0142ecznych &#8211; kierunek Psychologia<\/span><\/li>\n<li style=\"font-weight: 400;\" aria-level=\"1\"><span style=\"font-weight: 400;\">Rokosz<\/span> <span style=\"font-weight: 400;\"> Matylda &#8211; Wydzia\u0142 Humanistyczny &#8211; kierunek Logopedia<\/span><\/li>\n<li style=\"font-weight: 400;\" aria-level=\"1\"><span style=\"font-weight: 400;\">Semik<\/span> <span style=\"font-weight: 400;\">Tomasz &#8211; Wydzia\u0142 Prawa i Administracji &#8211; kierunek Przedsi\u0119biorczo\u015b\u0107<\/span><\/li>\n<li style=\"font-weight: 400;\" aria-level=\"1\"><span style=\"font-weight: 400;\">Sid\u0142o Szymon &#8211; Wydzia\u0142 Nauk Spo\u0142ecznych &#8211; kierunek Mi\u0119dzynarodowe studia nauk politycznych i dyplomacji<\/span><\/li>\n<li style=\"font-weight: 400;\" aria-level=\"1\"><span style=\"font-weight: 400;\">Sieka\u0144ska Maria &#8211; Wydzia\u0142 Humanistyczny &#8211; kierunek Filologia polska<\/span><\/li>\n<li style=\"font-weight: 400;\" aria-level=\"1\"><span style=\"font-weight: 400;\">Skorupa Piotr<\/span> <span style=\"font-weight: 400;\">&#8211; Wydzia\u0142 Prawa i Administracji &#8211; kierunek Prawo<\/span><\/li>\n<li style=\"font-weight: 400;\" aria-level=\"1\"><span style=\"font-weight: 400;\">Skrabania Lila &#8211; Wydzia\u0142 Humanistyczny &#8211; kierunek Filologia francuska<\/span><\/li>\n<li style=\"font-weight: 400;\" aria-level=\"1\"><span style=\"font-weight: 400;\">Sob\u00f3l Zuzanna &#8211; Kolegium Indywidualnych Studi\u00f3w Mi\u0119dzyobszarowych<\/span><\/li>\n<li style=\"font-weight: 400;\" aria-level=\"1\"><span style=\"font-weight: 400;\">Sroka Tymoteusz &#8211; Wydzia\u0142 Prawa i Administracji &#8211; kierunek Prawo<\/span><\/li>\n<li style=\"font-weight: 400;\" aria-level=\"1\"><span style=\"font-weight: 400;\">Strzelczyk Szymon &#8211; Wydzia\u0142 Prawa i Administracji &#8211; kierunek Prawo<\/span><\/li>\n<li style=\"font-weight: 400;\" aria-level=\"1\"><span style=\"font-weight: 400;\">Strzoda Natalia &#8211; Wydzia\u0142 Prawa i Administracji &#8211; kierunek Prawo<\/span><\/li>\n<li style=\"font-weight: 400;\" aria-level=\"1\"><span style=\"font-weight: 400;\">Szmajda Piotr<\/span> <span style=\"font-weight: 400;\"> &#8211; Wydzia\u0142 Prawa i Administracji &#8211; kierunek Prawo<\/span><\/li>\n<li style=\"font-weight: 400;\" aria-level=\"1\"><span style=\"font-weight: 400;\">Szymik Julia &#8211; Kolegium Indywidualnych Studi\u00f3w Mi\u0119dzyobszarowych<\/span><\/li>\n<li style=\"font-weight: 400;\" aria-level=\"1\"><span style=\"font-weight: 400;\">Tumanova Anastasiia &#8211; Wydzia\u0142 Nauk Spo\u0142ecznych &#8211; kierunek Mi\u0119dzynarodowe studia nauk politycznych i dyplomacji<\/span><\/li>\n<li style=\"font-weight: 400;\" aria-level=\"1\"><span style=\"font-weight: 400;\">Turski<\/span> <span style=\"font-weight: 400;\">Bart\u0142omiej &#8211; Wydzia\u0142 Nauk \u015acis\u0142ych i Technicznych &#8211; kierunek Informatyka<\/span><\/li>\n<li style=\"font-weight: 400;\" aria-level=\"1\"><span style=\"font-weight: 400;\">Urbanek Bartosz &#8211; Kolegium Indywidualnych Studi\u00f3w Mi\u0119dzyobszarowych<\/span><\/li>\n<li style=\"font-weight: 400;\" aria-level=\"1\"><span style=\"font-weight: 400;\">Urbaniak Szymon &#8211; Wydzia\u0142 Prawa i Administracji &#8211; kierunek Prawo<\/span><\/li>\n<li style=\"font-weight: 400;\" aria-level=\"1\"><span style=\"font-weight: 400;\">Wata Patryk &#8211; Wydzia\u0142 Humanistyczny &#8211; kierunek Sztuka pisania<\/span><\/li>\n<li style=\"font-weight: 400;\" aria-level=\"1\"><span style=\"font-weight: 400;\">Wojta\u015b<\/span> <span style=\"font-weight: 400;\">Dawid &#8211; Wydzia\u0142 Prawa i Administracji &#8211; kierunek Prawo<\/span><\/li>\n<li style=\"font-weight: 400;\" aria-level=\"1\"><span style=\"font-weight: 400;\">Wolny<\/span> <span style=\"font-weight: 400;\">Wiktor &#8211; Wydzia\u0142 Prawa i Administracji &#8211; kierunek Prawo<\/span><\/li>\n<li style=\"font-weight: 400;\" aria-level=\"1\"><span style=\"font-weight: 400;\">Wo\u017aniak Magdalena &#8211; Wydzia\u0142 Prawa i Administracji &#8211; kierunek Prawo<\/span><\/li>\n<li style=\"font-weight: 400;\" aria-level=\"1\"><span style=\"font-weight: 400;\">\u017bak Maciej &#8211; Kolegium Indywidualnych Studi\u00f3w Mi\u0119dzyobszarowych<\/span><\/li>\n<\/ol>\n<h4><b>Program II \u2013 prezentacja pasji i motywacji do studiowania<\/b><\/h4>\n<p><span style=\"font-weight: 400;\">W ramach drugiego programu uczestniczki i uczestnicy wzi\u0119li udzia\u0142 w konkursie na najlepsz\u0105 prac\u0119 w formie nagrania wideo lub prezentacji multimedialnej, w kt\u00f3rej zaprezentowali swoje osi\u0105gni\u0119cia w dzia\u0142alno\u015bci spo\u0142ecznej, artystycznej lub sportowej oraz wskazali swoj\u0105 motywacj\u0119 do studiowania na Uniwersytecie \u015al\u0105skim.<\/span><\/p>\n<p><span style=\"font-weight: 400;\">Kapitu\u0142a Konkursowa wy\u0142oni\u0142a<\/span><b> 10 zwyci\u0119skich prac<\/b><span style=\"font-weight: 400;\">, kt\u00f3rych autorkami i autorami s\u0105:<\/span><\/p>\n<ol>\n<li style=\"font-weight: 400;\" aria-level=\"1\"><span style=\"font-weight: 400;\">Paprotka Sobota <\/span><span style=\"font-weight: 400;\">&#8211; Wydzia\u0142 Sztuki i Nauk o Edukacji &#8211; kierunek Etnologia i antropologia kulturowa\u00a0<\/span><\/li>\n<li style=\"font-weight: 400;\" aria-level=\"1\"><span style=\"font-weight: 400;\">Jagoda Jazownik &#8211; Wydzia\u0142 Sztuki i Nauk o Edukacji &#8211; kierunek Muzyka w multimediach\u00a0<\/span><\/li>\n<li style=\"font-weight: 400;\" aria-level=\"1\"><span style=\"font-weight: 400;\">Patrycja\u00a0 Nowakowska &#8211; Wydzia\u0142 Nauk Spo\u0142ecznych &#8211; kierunek Dziennikarstwo i komunikacja spo\u0142eczna<\/span><\/li>\n<li style=\"font-weight: 400;\" aria-level=\"1\"><span style=\"font-weight: 400;\">Olena Postnykov &#8211; Wydzia\u0142 Humanistyczny &#8211; kierunek English Studies: Literature and Culture\u00a0<\/span><\/li>\n<li style=\"font-weight: 400;\" aria-level=\"1\"><span style=\"font-weight: 400;\">Kamil Hulin &#8211; Wydzia\u0142 Nauk Przyrodniczych &#8211; kierunek In\u017cynieria zagro\u017ce\u0144 \u015brodowiskowych<\/span><\/li>\n<li style=\"font-weight: 400;\" aria-level=\"1\"><span style=\"font-weight: 400;\">Ekaterina Bogush &#8211; Wydzia\u0142 Nauk Przyrodniczych &#8211; kierunek Biotechnologia<\/span><\/li>\n<li style=\"font-weight: 400;\" aria-level=\"1\"><span style=\"font-weight: 400;\">Mykyta Shkredov &#8211; Wydzia\u0142 Nauk Przyrodniczych &#8211; kierunek Biotechnologia<\/span><\/li>\n<li style=\"font-weight: 400;\" aria-level=\"1\"><span style=\"font-weight: 400;\">Milena\u00a0 Piasecka &#8211; Kolegium Indywidualnych Studi\u00f3w Mi\u0119dzyobszarowych<\/span><\/li>\n<li style=\"font-weight: 400;\" aria-level=\"1\"><span style=\"font-weight: 400;\">Lena J\u0119drasik &#8211; Wydzia\u0142 Nauk Przyrodniczych &#8211; kierunek Biotechnologia<\/span><\/li>\n<li style=\"font-weight: 400;\" aria-level=\"1\"><span style=\"font-weight: 400;\">Wiktoria Janik &#8211; Wydzia\u0142 Humanistyczny &#8211; kierunek Historia sztuki<\/span><\/li>\n<\/ol>\n<p><span style=\"font-weight: 400;\">Serdecznie gratulujemy wszystkim nagrodzonym i zach\u0119camy do zobaczenia prac laureatek i laureat\u00f3w drugiej edycji Funduszu Talent\u00f3w.\u00a0 Dzi\u0119kujemy za zaanga\u017cowanie i \u017cyczymy dalszych sukces\u00f3w!<\/span><\/p>\n<ul>\n<li style=\"font-weight: 400;\" aria-level=\"1\"><span style=\"font-weight: 400;\">Paprotka Sobota &#8211; <\/span><a href=\"https:\/\/drive.google.com\/file\/d\/1rA_mLwdov9_ALh9Zjf4u1lQHSD19Yq0S\/view?usp=sharing\"><span style=\"font-weight: 400;\">praca<\/span><\/a><\/li>\n<li style=\"font-weight: 400;\" aria-level=\"1\"><span style=\"font-weight: 400;\">Jagoda Jazownik &#8211; <\/span><a href=\"https:\/\/drive.google.com\/file\/d\/1SY6fxpC9-rs-BTlPAiUNrj_G73GJFsL_\/view?usp=sharing\"><span style=\"font-weight: 400;\">praca<\/span><\/a><\/li>\n<li style=\"font-weight: 400;\" aria-level=\"1\"><span style=\"font-weight: 400;\">Patrycja\u00a0 Nowakowska &#8211; <\/span><a href=\"https:\/\/drive.google.com\/file\/d\/1r1Xh78u_-CVodFyLhdOhMFdWv5v24lD7\/view?usp=sharing\"><span style=\"font-weight: 400;\">praca<\/span><\/a><\/li>\n<li style=\"font-weight: 400;\" aria-level=\"1\"><span style=\"font-weight: 400;\">Olena Postnykov &#8211; <\/span><a href=\"https:\/\/drive.google.com\/file\/d\/1v4F5qI9e6sfuBLfIufCYt6xoTguAPiWT\/view?usp=sharing\"><span style=\"font-weight: 400;\">praca<\/span><\/a><\/li>\n<li style=\"font-weight: 400;\" aria-level=\"1\"><span style=\"font-weight: 400;\">Kamil Hulin &#8211; <\/span><a href=\"https:\/\/drive.google.com\/file\/d\/1hHpN_xDBDd7oJ3MDtWFowUjXOKQj5dCi\/view?usp=sharing\"><span style=\"font-weight: 400;\">praca<\/span><\/a><\/li>\n<li style=\"font-weight: 400;\" aria-level=\"1\"><span style=\"font-weight: 400;\">Ekaterina Bogush &#8211; <\/span><a href=\"https:\/\/drive.google.com\/file\/d\/1NBEUmW3bA-MtcEH3FcejVuFvkR6E5XpF\/view?usp=sharing\"><span style=\"font-weight: 400;\">praca<\/span><\/a><\/li>\n<li style=\"font-weight: 400;\" aria-level=\"1\"><span style=\"font-weight: 400;\">Mykyta Shkredov &#8211; <\/span><a href=\"https:\/\/drive.google.com\/file\/d\/1OD_dxizCxAapmNsLnUcpGZ-qX5KeM24j\/view?usp=sharing\"><span style=\"font-weight: 400;\">praca<\/span><\/a><\/li>\n<li style=\"font-weight: 400;\" aria-level=\"1\"><span style=\"font-weight: 400;\">Milena\u00a0 Piasecka &#8211; <\/span><a href=\"https:\/\/drive.google.com\/file\/d\/1o61qJXNPsVDs3QD9nSJyBieXf_jiO77L\/view?usp=sharing\"><span style=\"font-weight: 400;\">praca<\/span><\/a><\/li>\n<li style=\"font-weight: 400;\" aria-level=\"1\"><span style=\"font-weight: 400;\">Lena\u00a0 J\u0119drasik &#8211; <\/span><a href=\"https:\/\/drive.google.com\/file\/d\/17XiA9F7x9Z9Ii_vfO2gVDSD20WvbvKgm\/view?usp=sharing\"><span style=\"font-weight: 400;\">praca<\/span><\/a><\/li>\n<li style=\"font-weight: 400;\" aria-level=\"1\"><span style=\"font-weight: 400;\">Wiktoria Janik &#8211; <\/span><a href=\"https:\/\/drive.google.com\/file\/d\/1lNsdZVfyu9p7xWKkL5wPmqC2aiwY9CiR\/view?usp=sharing\"><span style=\"font-weight: 400;\">praca<\/span><\/a><\/li>\n<\/ul>\n<div class=\"mt-3\"><\/div>\r\n                            <\/div>\r\n                            \r\n                            <div class=\"text-modules__img\"><img src=\"https:\/\/us.edu.pl\/kandydat\/wp-content\/uploads\/sites\/13\/Bez-kategorii\/post-fundusz_1b-scaled.jpg\" alt=\"img\"><\/div>\r\n                        <\/div>\r\n                    <\/div>\r\n                <\/div>[\/vc_column][\/vc_row]<\/p>","protected":false},"excerpt":{"rendered":"<p>[vc_row][vc_column][\/vc_column][\/vc_row] [&#8230;]<\/p>\n<p><a class=\"btn btn-secondary understrap-read-more-link\" href=\"https:\/\/us.edu.pl\/kandydat\/fundusz-talentow-znamy-laureatow-i-laureatki-drugiej-edycji-konkursu\/\">Read More&#8230;<\/a><\/p>\n","protected":false},"author":2547,"featured_media":15767,"comment_status":"closed","ping_status":"open","sticky":false,"template":"","format":"standard","meta":{"_expiration-date-status":"","_expiration-date":0,"_expiration-date-type":"","_expiration-date-categories":[],"_expiration-date-options":[]},"categories":[56],"tags":[],"acf":[],"_links":{"self":[{"href":"https:\/\/us.edu.pl\/kandydat\/wp-json\/wp\/v2\/posts\/21552"}],"collection":[{"href":"https:\/\/us.edu.pl\/kandydat\/wp-json\/wp\/v2\/posts"}],"about":[{"href":"https:\/\/us.edu.pl\/kandydat\/wp-json\/wp\/v2\/types\/post"}],"author":[{"embeddable":true,"href":"https:\/\/us.edu.pl\/kandydat\/wp-json\/wp\/v2\/users\/2547"}],"replies":[{"embeddable":true,"href":"https:\/\/us.edu.pl\/kandydat\/wp-json\/wp\/v2\/comments?post=21552"}],"version-history":[{"count":10,"href":"https:\/\/us.edu.pl\/kandydat\/wp-json\/wp\/v2\/posts\/21552\/revisions"}],"predecessor-version":[{"id":21622,"href":"https:\/\/us.edu.pl\/kandydat\/wp-json\/wp\/v2\/posts\/21552\/revisions\/21622"}],"wp:featuredmedia":[{"embeddable":true,"href":"https:\/\/us.edu.pl\/kandydat\/wp-json\/wp\/v2\/media\/15767"}],"wp:attachment":[{"href":"https:\/\/us.edu.pl\/kandydat\/wp-json\/wp\/v2\/media?parent=21552"}],"wp:term":[{"taxonomy":"category","embeddable":true,"href":"https:\/\/us.edu.pl\/kandydat\/wp-json\/wp\/v2\/categories?post=21552"},{"taxonomy":"post_tag","embeddable":true,"href":"https:\/\/us.edu.pl\/kandydat\/wp-json\/wp\/v2\/tags?post=21552"}],"curies":[{"name":"wp","href":"https:\/\/api.w.org\/{rel}","templated":true}]}}