{"id":2646,"date":"2023-08-03T15:16:07","date_gmt":"2023-08-03T13:16:07","guid":{"rendered":"https:\/\/us.edu.pl\/pracownik\/welcomepoint\/?p=2646"},"modified":"2023-08-07T09:28:38","modified_gmt":"2023-08-07T07:28:38","slug":"filmy-o-polskiej-kulturze","status":"publish","type":"post","link":"https:\/\/us.edu.pl\/pracownik\/welcomepoint\/2023\/08\/filmy-o-polskiej-kulturze\/","title":{"rendered":"Filmy o polskiej kulturze"},"content":{"rendered":"<p>[vc_row][vc_column]\r\n                <div class=\"text-modules\">\r\n                    <div class=\"container\">\r\n                        <h3 class=\"page-title text__title\">O polskich zwyczajach w codziennym \u017cyciu - seria film\u00f3w o polskiej kulturze<\/h3>\r\n                        <div class=\"text-modules__content\"><p>Rozpocz\u0119cie pracy nie tylko u nowego pracodawcy, ale r\u00f3wnocze\u015bnie tak\u017ce w obcym kraju jest pe\u0142ne niespodzianek. Mimo zas\u0142yszanych opinii o danym kraju i jego mieszka\u0144cach wiele sytuacji mo\u017ce nas zaskoczy\u0107. Polska kultura i tradycje mog\u0105 zdziwi\u0107 osob\u0119 przyje\u017cd\u017caj\u0105c\u0105 z zagranicy, mimo, \u017ce prawdopodobnie s\u0142ysza\u0142a ju\u017c o co nieco o polskiej kulturze czy jedzeniu typowym dla naszego kraju. I o ile takie do\u015bwiadczenia w nowej rzeczywisto\u015bci s\u0105 ciekawe, to czasem wi\u0105\u017c\u0105 si\u0119 te\u017c z pewn\u0105 dezorientacj\u0105 lub niepotrzebnym zmieszaniem nowoprzyby\u0142ego cudzoziemca.<\/p>\n<p>\u201eCo mo\u017ce zaskoczy\u0107 osob\u0119, kt\u00f3ra przyjecha\u0142a z innego kraju w polskiej kulturze i zwyczajach?\u201d To pytanie, kt\u00f3re zadali\u015bmy sobie tworz\u0105c nagrania dla os\u00f3b rozwa\u017caj\u0105cych aplikowanie na stanowiska akademickie na Uniwersytecie \u015al\u0105skim i zastanawiaj\u0105cych si\u0119 jak wygl\u0105da\u0142oby ich \u017cycie w Polsce. Dzi\u0119ki projektowi Come2US finansowanemu przez Narodow\u0105 Agencj\u0119 Wymiany Akademickiej, we wsp\u00f3\u0142pracy ze Szko\u0142\u0105 J\u0119zyka i Kultury Polskiej oraz Centrum Komunikacji Medialnej U\u015a stworzyli\u015bmy 5 film\u00f3w: jeden o uniwersytecie, oraz 4 pokazuj\u0105ce polskie zwyczaje i tradycje dotycz\u0105ce r\u00f3\u017cnych dziedzin \u017cycia codziennego. Mamy nadziej\u0119, \u017ce w lekki i przyjemny spos\u00f3b przedstawi\u0105 one mo\u017cliwe nieporozumienia, wyt\u0142umacz\u0105 je i pomog\u0105 im zapobiec, a tym samym z\u0142agodzi\u0107 szok kulturowy nowoprzyby\u0142ych cudzoziemc\u00f3w.<\/p>\n<p>Do realizacji film\u00f3w zaprosili\u015bmy obecnych pracownik\u00f3w Uniwersytetu \u015al\u0105skiego z zagranicy, dzi\u0119ki czemu materia\u0142 filmowy jest bardziej prawdziwy, a naszym pracownikom da\u0142 okazj\u0119 do wsparcia dzia\u0142a\u0144 pomocnych przyjezdnym obcokrajowcom, a przede wszystkim \u2013 do nowych do\u015bwiadcze\u0144 i dobrej zabawy.<\/p>\n<p>Czy studenci w Polsce mog\u0105 nie pojawi\u0107 si\u0119 na zaj\u0119ciach? Co to s\u0105 \u201esucharki\u201d? Czy w Polsce w Wigili\u0119 \u015awi\u0105t Bo\u017cego Narodzenia tak\u017ce je si\u0119 indyka? Co to jest szpajza? \u2013 wszystkich, kt\u00f3rzy s\u0105 ciekawi odpowiedzi na te pytania zapraszamy do obejrzenia playlisty z filmami o polskiej kulturze.<\/p>\n<\/div>\r\n                    <\/div>\r\n                <\/div>[\/vc_column][\/vc_row][vc_row][vc_column width=&#8221;1\/4&#8243;][\/vc_column][vc_column width=&#8221;1\/2&#8243;][vc_video link=&#8221;https:\/\/www.youtube.com\/watch?v=yPgBFUPU6Pw&amp;list=PLlhOYvtSn-ftC43iF9vw1pLetlPPiQDYT&#8221;][\/vc_column][vc_column width=&#8221;1\/4&#8243;][\/vc_column][\/vc_row]<\/p>","protected":false},"excerpt":{"rendered":"<p>[vc_row][vc_column][\/vc_column][\/vc_row][vc_row][vc_column width=&#8221;1\/4&#8243;][\/vc_column][vc_column width=&#8221;1\/2&#8243;][vc_video link=&#8221;https:\/\/www.youtube.com\/watch?v=yPgBFUPU6Pw&amp;list=PLlhOYvtSn-ftC43iF9vw1pLetlPPiQDYT&#8221;][\/vc_column][vc_column width=&#8221;1\/4&#8243;][\/vc_column][\/vc_row] [&#8230;]<\/p>\n<p><a class=\"btn btn-secondary understrap-read-more-link\" href=\"https:\/\/us.edu.pl\/pracownik\/welcomepoint\/2023\/08\/filmy-o-polskiej-kulturze\/\">Read More&#8230;<\/a><\/p>\n","protected":false},"author":2106,"featured_media":2652,"comment_status":"open","ping_status":"open","sticky":false,"template":"","format":"standard","meta":{"_expiration-date-status":"","_expiration-date":0,"_expiration-date-type":"","_expiration-date-categories":[],"_expiration-date-options":[]},"categories":[11],"tags":[],"acf":[],"_links":{"self":[{"href":"https:\/\/us.edu.pl\/pracownik\/welcomepoint\/wp-json\/wp\/v2\/posts\/2646"}],"collection":[{"href":"https:\/\/us.edu.pl\/pracownik\/welcomepoint\/wp-json\/wp\/v2\/posts"}],"about":[{"href":"https:\/\/us.edu.pl\/pracownik\/welcomepoint\/wp-json\/wp\/v2\/types\/post"}],"author":[{"embeddable":true,"href":"https:\/\/us.edu.pl\/pracownik\/welcomepoint\/wp-json\/wp\/v2\/users\/2106"}],"replies":[{"embeddable":true,"href":"https:\/\/us.edu.pl\/pracownik\/welcomepoint\/wp-json\/wp\/v2\/comments?post=2646"}],"version-history":[{"count":5,"href":"https:\/\/us.edu.pl\/pracownik\/welcomepoint\/wp-json\/wp\/v2\/posts\/2646\/revisions"}],"predecessor-version":[{"id":2653,"href":"https:\/\/us.edu.pl\/pracownik\/welcomepoint\/wp-json\/wp\/v2\/posts\/2646\/revisions\/2653"}],"wp:featuredmedia":[{"embeddable":true,"href":"https:\/\/us.edu.pl\/pracownik\/welcomepoint\/wp-json\/wp\/v2\/media\/2652"}],"wp:attachment":[{"href":"https:\/\/us.edu.pl\/pracownik\/welcomepoint\/wp-json\/wp\/v2\/media?parent=2646"}],"wp:term":[{"taxonomy":"category","embeddable":true,"href":"https:\/\/us.edu.pl\/pracownik\/welcomepoint\/wp-json\/wp\/v2\/categories?post=2646"},{"taxonomy":"post_tag","embeddable":true,"href":"https:\/\/us.edu.pl\/pracownik\/welcomepoint\/wp-json\/wp\/v2\/tags?post=2646"}],"curies":[{"name":"wp","href":"https:\/\/api.w.org\/{rel}","templated":true}]}}