{"id":2664,"date":"2023-10-30T13:49:37","date_gmt":"2023-10-30T12:49:37","guid":{"rendered":"https:\/\/us.edu.pl\/pracownik\/welcomepoint\/?p=2664"},"modified":"2023-12-21T09:26:28","modified_gmt":"2023-12-21T08:26:28","slug":"english-katowice-then-and-now-the-october-integration-meeting","status":"publish","type":"post","link":"https:\/\/us.edu.pl\/pracownik\/welcomepoint\/2023\/10\/english-katowice-then-and-now-the-october-integration-meeting\/","title":{"rendered":"Katowice kiedy\u015b i dzi\u015b &#8211; pa\u017adziernikowa wycieczka integracyjna"},"content":{"rendered":"<p>[vc_row][vc_column width=&#8221;2\/3&#8243;]\r\n                <div class=\"text-modules\">\r\n                    <div class=\"container\">\r\n                        \r\n                        <div class=\"text-modules__content\"><p>Nowy rok akademicki to nowy pocz\u0105tek nie tylko dla student\u00f3w, ale tak\u017ce dla pracownik\u00f3w Uniwersytetu \u015al\u0105skiego. Szczeg\u00f3lnie dla tych spo\u015br\u00f3d naszych pracownik\u00f3w, kt\u00f3rzy pochodz\u0105 z zagranicy i niedawno rozpocz\u0119li prac\u0119 nowo\u015bci jest bardzo du\u017co.\u00a0 Dlatego, \u017ceby poczuli si\u0119 bardziej u siebie w drugi weekend pa\u017adziernika wybrali\u015bmy si\u0119 wsp\u00f3lnie na d\u0142ugi spacer po Katowicach.<\/p>\n<p>Najpierw pan Piotr Fuglewicz \u2013 przewodnik po \u015al\u0105sku i autor ksi\u0105\u017cek oprowadzi\u0142 nas po Katowicach opowiadaj\u0105c o historii poszczeg\u00f3lnych miejsc i budynk\u00f3w (tak\u017ce tych ju\u017c nieistniej\u0105cych) oraz o historii samego \u015al\u0105ska. Dowiedzieli\u015bmy si\u0119 mi\u0119dzy innymi jakie sekrety skrywa gmach Sejmu \u015al\u0105skiego, oraz jaka by\u0142a historia pomnika marsza\u0142ka Pi\u0142sudskiego czy dawnego budynku Muzeum \u015al\u0105skiego.<\/p>\n<p>I tak doszli\u015bmy a\u017c do Muzeum \u015al\u0105skiego, gdzie kontynuowali\u015bmy zwiedzanie. Pani przewodnik pokaza\u0142a nam galeri\u0119 sztuki nieprofesjonalnej, zabytki sztuki sakralnej a nast\u0119pnie oprowadzi\u0142a nasz\u0105 grup\u0119 po wystawie o historii G\u00f3rnego \u015al\u0105ska.<\/p>\n<p>Mo\u017cna powiedzie\u0107, \u017ce zwiedzili\u015bmy \u015al\u0105sk wzd\u0142u\u017c i wszerz: zacz\u0119li\u015bmy od szczytu Katedry Chrystusa Kr\u00f3la, a sko\u0144czyli\u015bmy w podziemnych salach Muzeum \u015al\u0105skiego. Odbyli\u015bmy tak\u017ce podr\u00f3\u017c w czasie \u2013 od tera\u017aniejszo\u015bci, w przesz\u0142o\u015b\u0107 i z powrotem. Nasz wsp\u00f3lny spacer by\u0142 okazj\u0105 do zobaczenia serca regionu, ale tak\u017ce zapoznania si\u0119 ze sob\u0105 nawzajem.<\/p>\n<p>Pa\u017adziernikowe spotkanie by\u0142o pierwszym spotkaniem integracyjnym zorganizowanym w ramach projektu \u201e<em>Welcome2US \u2013 rozw\u00f3j potencja\u0142u Uniwersytetu \u015al\u0105skiego w Katowicach w zakresie obs\u0142ugi kadry zagranicznej\u201d<\/em> finansowanego przez Narodow\u0105 Agencj\u0119 Wymiany Akademickiej w ramach programu Welcome to Poland 2022.<\/p>\n<p>Dzi\u0119kujemy Muzeum \u015al\u0105skiemu oraz Silesia Trip za pomoc w organizacji wycieczki.<\/p>\n<\/div>\r\n                    <\/div>\r\n                <\/div>[\/vc_column][vc_column width=&#8221;1\/3&#8243;]\r\n                <div class=\"text-modules\">\r\n                    <div class=\"container\">\r\n                        \r\n                        <div class=\"text-modules__content\"><p><img class=\"alignnone size-medium wp-image-2678\" src=\"https:\/\/us.edu.pl\/pracownik\/welcomepoint\/wp-content\/uploads\/sites\/69\/2023\/10\/20231007_17-700x525.jpg\" alt=\"Group of excursion participants in front of the entrance to the main exhibition about Silesia in Muzeum \u015al\u0105skie. Grupa uczestnik\u00f3 wycieczki przed wej\u015bciem na g\u0142\u00f3wn\u0105 wystaw\u0119 o historii \u015al\u0105ska w Muzeum \u015al\u0105skim\" width=\"100%\" height=\"auto\" srcset=\"https:\/\/us.edu.pl\/pracownik\/welcomepoint\/wp-content\/uploads\/sites\/69\/2023\/10\/20231007_17-700x525.jpg 700w, https:\/\/us.edu.pl\/pracownik\/welcomepoint\/wp-content\/uploads\/sites\/69\/2023\/10\/20231007_17-1024x768.jpg 1024w, https:\/\/us.edu.pl\/pracownik\/welcomepoint\/wp-content\/uploads\/sites\/69\/2023\/10\/20231007_17-768x576.jpg 768w, https:\/\/us.edu.pl\/pracownik\/welcomepoint\/wp-content\/uploads\/sites\/69\/2023\/10\/20231007_17-1536x1152.jpg 1536w, https:\/\/us.edu.pl\/pracownik\/welcomepoint\/wp-content\/uploads\/sites\/69\/2023\/10\/20231007_17-2048x1536.jpg 2048w, https:\/\/us.edu.pl\/pracownik\/welcomepoint\/wp-content\/uploads\/sites\/69\/2023\/10\/20231007_17-575x431.jpg 575w\" sizes=\"(max-width: 700px) 100vw, 700px\" \/><\/p>\n<p><em>\u017br\u00f3d\u0142o: archiwum Welcome2US<\/em><\/p>\n<\/div>\r\n                    <\/div>\r\n                <\/div>[\/vc_column][\/vc_row][vc_row][vc_column][\/vc_column][\/vc_row][vc_row][vc_column width=&#8221;1\/3&#8243;]\r\n                <div class=\"text-modules\">\r\n                    <div class=\"container\">\r\n                        \r\n                        <div class=\"text-modules__content\"><p><em><img class=\"alignnone size-medium wp-image-2687\" src=\"https:\/\/us.edu.pl\/pracownik\/welcomepoint\/wp-content\/uploads\/sites\/69\/2023\/10\/20231007_1-560x700.jpg\" alt=\"A group of people standing in front of the cathedral. Grupa ludzi stoj\u0105ca przed katedr\u0105.\" width=\"100%\" height=\"auto\" srcset=\"https:\/\/us.edu.pl\/pracownik\/welcomepoint\/wp-content\/uploads\/sites\/69\/2023\/10\/20231007_1-560x700.jpg 560w, https:\/\/us.edu.pl\/pracownik\/welcomepoint\/wp-content\/uploads\/sites\/69\/2023\/10\/20231007_1-819x1024.jpg 819w, https:\/\/us.edu.pl\/pracownik\/welcomepoint\/wp-content\/uploads\/sites\/69\/2023\/10\/20231007_1-768x960.jpg 768w, https:\/\/us.edu.pl\/pracownik\/welcomepoint\/wp-content\/uploads\/sites\/69\/2023\/10\/20231007_1-1229x1536.jpg 1229w, https:\/\/us.edu.pl\/pracownik\/welcomepoint\/wp-content\/uploads\/sites\/69\/2023\/10\/20231007_1-1638x2048.jpg 1638w, https:\/\/us.edu.pl\/pracownik\/welcomepoint\/wp-content\/uploads\/sites\/69\/2023\/10\/20231007_1-460x575.jpg 460w, https:\/\/us.edu.pl\/pracownik\/welcomepoint\/wp-content\/uploads\/sites\/69\/2023\/10\/20231007_1-scaled.jpg 2048w\" sizes=\"(max-width: 560px) 100vw, 560px\" \/><\/em><\/p>\n<p><em>fot. archiwum projektu \u201eWelcome2US\u201d<\/em><\/p>\n<\/div>\r\n                    <\/div>\r\n                <\/div>\r\n                <div class=\"text-modules\">\r\n                    <div class=\"container\">\r\n                        \r\n                        <div class=\"text-modules__content\"><p>Spotkanie pod Katedr\u0105 Chrystusa Kr\u00f3la.<\/p>\n<\/div>\r\n                    <\/div>\r\n                <\/div>[\/vc_column][vc_column width=&#8221;1\/3&#8243;]\r\n                <div class=\"text-modules\">\r\n                    <div class=\"container\">\r\n                        \r\n                        <div class=\"text-modules__content\"><p><em><img class=\"alignnone size-medium wp-image-2685\" src=\"https:\/\/us.edu.pl\/pracownik\/welcomepoint\/wp-content\/uploads\/sites\/69\/2023\/10\/20231007_2-560x700.jpg\" alt=\"Seven people posing for a photo in front of the entrance to the cathedral. Siedem os\u00f3b pozuj\u0105cych do zdj\u0119cia przed wej\u015bciem do katedry.\" width=\"100%\" height=\"auto\" srcset=\"https:\/\/us.edu.pl\/pracownik\/welcomepoint\/wp-content\/uploads\/sites\/69\/2023\/10\/20231007_2-560x700.jpg 560w, https:\/\/us.edu.pl\/pracownik\/welcomepoint\/wp-content\/uploads\/sites\/69\/2023\/10\/20231007_2-819x1024.jpg 819w, https:\/\/us.edu.pl\/pracownik\/welcomepoint\/wp-content\/uploads\/sites\/69\/2023\/10\/20231007_2-768x960.jpg 768w, https:\/\/us.edu.pl\/pracownik\/welcomepoint\/wp-content\/uploads\/sites\/69\/2023\/10\/20231007_2-1229x1536.jpg 1229w, https:\/\/us.edu.pl\/pracownik\/welcomepoint\/wp-content\/uploads\/sites\/69\/2023\/10\/20231007_2-1639x2048.jpg 1639w, https:\/\/us.edu.pl\/pracownik\/welcomepoint\/wp-content\/uploads\/sites\/69\/2023\/10\/20231007_2-460x575.jpg 460w, https:\/\/us.edu.pl\/pracownik\/welcomepoint\/wp-content\/uploads\/sites\/69\/2023\/10\/20231007_2-scaled.jpg 2048w\" sizes=\"(max-width: 560px) 100vw, 560px\" \/><\/em><\/p>\n<p><em>fot. archiwum projektu \u201eWelcome2US\u201d<\/em><\/p>\n<\/div>\r\n                    <\/div>\r\n                <\/div>\r\n                <div class=\"text-modules\">\r\n                    <div class=\"container\">\r\n                        \r\n                        <div class=\"text-modules__content\"><p>Po zapoznaniu si\u0119 z pozosta\u0142ymi uczestnikami jeste\u015bmy gotowi rozpocz\u0105\u0107 zwiedzanie.<\/p>\n<\/div>\r\n                    <\/div>\r\n                <\/div>[\/vc_column][vc_column width=&#8221;1\/3&#8243;]\r\n                <div class=\"text-modules\">\r\n                    <div class=\"container\">\r\n                        \r\n                        <div class=\"text-modules__content\"><p><em><img class=\"alignnone size-medium wp-image-2684\" src=\"https:\/\/us.edu.pl\/pracownik\/welcomepoint\/wp-content\/uploads\/sites\/69\/2023\/10\/20231007_3-560x700.jpg\" alt=\"People looking at the city from the roof with the guide pointing to the buildings. Grupa ludzi podziwiaj\u0105ca panoram\u0119 miasta z g\u00f3ry, z przewodnikiem wskazuj\u0105cym zabudowania.\" width=\"100%\" height=\"auto\" srcset=\"https:\/\/us.edu.pl\/pracownik\/welcomepoint\/wp-content\/uploads\/sites\/69\/2023\/10\/20231007_3-560x700.jpg 560w, https:\/\/us.edu.pl\/pracownik\/welcomepoint\/wp-content\/uploads\/sites\/69\/2023\/10\/20231007_3-819x1024.jpg 819w, https:\/\/us.edu.pl\/pracownik\/welcomepoint\/wp-content\/uploads\/sites\/69\/2023\/10\/20231007_3-768x960.jpg 768w, https:\/\/us.edu.pl\/pracownik\/welcomepoint\/wp-content\/uploads\/sites\/69\/2023\/10\/20231007_3-1229x1536.jpg 1229w, https:\/\/us.edu.pl\/pracownik\/welcomepoint\/wp-content\/uploads\/sites\/69\/2023\/10\/20231007_3-1638x2048.jpg 1638w, https:\/\/us.edu.pl\/pracownik\/welcomepoint\/wp-content\/uploads\/sites\/69\/2023\/10\/20231007_3-460x575.jpg 460w, https:\/\/us.edu.pl\/pracownik\/welcomepoint\/wp-content\/uploads\/sites\/69\/2023\/10\/20231007_3-scaled.jpg 2048w\" sizes=\"(max-width: 560px) 100vw, 560px\" \/><\/em><\/p>\n<p><em>fot. archiwum projektu \u201eWelcome2US\u201d<\/em><\/p>\n<\/div>\r\n                    <\/div>\r\n                <\/div>\r\n                <div class=\"text-modules\">\r\n                    <div class=\"container\">\r\n                        \r\n                        <div class=\"text-modules__content\"><p>Nasz przewodnik pokazuje nam panoram\u0119 Katowic, opisuj\u0105c poszczeg\u00f3lne miejsca.<\/p>\n<\/div>\r\n                    <\/div>\r\n                <\/div>[\/vc_column][\/vc_row][vc_row][vc_column width=&#8221;1\/3&#8243;]\r\n                <div class=\"text-modules\">\r\n                    <div class=\"container\">\r\n                        \r\n                        <div class=\"text-modules__content\"><p><em><img class=\"alignnone size-medium wp-image-2683\" src=\"https:\/\/us.edu.pl\/pracownik\/welcomepoint\/wp-content\/uploads\/sites\/69\/2023\/10\/20231007_4-560x700.jpg\" alt=\"A group of people standing on the roof under the cloudy sky, a dome in the background. Grupa ludzi stoj\u0105ca na dachu, chmury na b\u0142\u0119kitnym niebie, w tle kopu\u0142a budynku.\" width=\"100%\" height=\"auto\" srcset=\"https:\/\/us.edu.pl\/pracownik\/welcomepoint\/wp-content\/uploads\/sites\/69\/2023\/10\/20231007_4-560x700.jpg 560w, https:\/\/us.edu.pl\/pracownik\/welcomepoint\/wp-content\/uploads\/sites\/69\/2023\/10\/20231007_4-819x1024.jpg 819w, https:\/\/us.edu.pl\/pracownik\/welcomepoint\/wp-content\/uploads\/sites\/69\/2023\/10\/20231007_4-768x960.jpg 768w, https:\/\/us.edu.pl\/pracownik\/welcomepoint\/wp-content\/uploads\/sites\/69\/2023\/10\/20231007_4-1229x1536.jpg 1229w, https:\/\/us.edu.pl\/pracownik\/welcomepoint\/wp-content\/uploads\/sites\/69\/2023\/10\/20231007_4-1638x2048.jpg 1638w, https:\/\/us.edu.pl\/pracownik\/welcomepoint\/wp-content\/uploads\/sites\/69\/2023\/10\/20231007_4-460x575.jpg 460w, https:\/\/us.edu.pl\/pracownik\/welcomepoint\/wp-content\/uploads\/sites\/69\/2023\/10\/20231007_4-scaled.jpg 2048w\" sizes=\"(max-width: 560px) 100vw, 560px\" \/><\/em><\/p>\n<p><em>fot. archiwum projektu \u201eWelcome2US\u201d<\/em><\/p>\n<\/div>\r\n                    <\/div>\r\n                <\/div>\r\n                <div class=\"text-modules\">\r\n                    <div class=\"container\">\r\n                        \r\n                        <div class=\"text-modules__content\"><p>Nad nami pi\u0119kne niebo, pod nami &#8211; panorama miasta. Doceniamy pi\u0119kne widoki.<\/p>\n<\/div>\r\n                    <\/div>\r\n                <\/div>[\/vc_column][vc_column width=&#8221;1\/3&#8243;]\r\n                <div class=\"text-modules\">\r\n                    <div class=\"container\">\r\n                        \r\n                        <div class=\"text-modules__content\"><p><em><img class=\"alignnone size-medium wp-image-2688\" src=\"https:\/\/us.edu.pl\/pracownik\/welcomepoint\/wp-content\/uploads\/sites\/69\/2023\/10\/20231007_5-2-560x700.jpg\" alt=\"People standing on the roof looking at the city. Grupa ludzi stoj\u0105ca na dachu i patrz\u0105ca na panoram\u0119 Katowic.\" width=\"100%\" height=\"auto\" srcset=\"https:\/\/us.edu.pl\/pracownik\/welcomepoint\/wp-content\/uploads\/sites\/69\/2023\/10\/20231007_5-2-560x700.jpg 560w, https:\/\/us.edu.pl\/pracownik\/welcomepoint\/wp-content\/uploads\/sites\/69\/2023\/10\/20231007_5-2-819x1024.jpg 819w, https:\/\/us.edu.pl\/pracownik\/welcomepoint\/wp-content\/uploads\/sites\/69\/2023\/10\/20231007_5-2-768x960.jpg 768w, https:\/\/us.edu.pl\/pracownik\/welcomepoint\/wp-content\/uploads\/sites\/69\/2023\/10\/20231007_5-2-1229x1536.jpg 1229w, https:\/\/us.edu.pl\/pracownik\/welcomepoint\/wp-content\/uploads\/sites\/69\/2023\/10\/20231007_5-2-1639x2048.jpg 1639w, https:\/\/us.edu.pl\/pracownik\/welcomepoint\/wp-content\/uploads\/sites\/69\/2023\/10\/20231007_5-2-460x575.jpg 460w, https:\/\/us.edu.pl\/pracownik\/welcomepoint\/wp-content\/uploads\/sites\/69\/2023\/10\/20231007_5-2-scaled.jpg 2048w\" sizes=\"(max-width: 560px) 100vw, 560px\" \/><\/em><\/p>\n<p><em>fot. archiwum projektu \u201eWelcome2US\u201d<\/em><\/p>\n<\/div>\r\n                    <\/div>\r\n                <\/div>\r\n                <div class=\"text-modules\">\r\n                    <div class=\"container\">\r\n                        \r\n                        <div class=\"text-modules__content\"><p>Patrzymy na Katowice &#8211; t\u0119 now\u0105 i t\u0119 historyczn\u0105 cz\u0119\u015b\u0107.<\/p>\n<\/div>\r\n                    <\/div>\r\n                <\/div>[\/vc_column][vc_column width=&#8221;1\/3&#8243;]\r\n                <div class=\"text-modules\">\r\n                    <div class=\"container\">\r\n                        \r\n                        <div class=\"text-modules__content\"><p><em><img class=\"alignnone size-medium wp-image-2681\" src=\"https:\/\/us.edu.pl\/pracownik\/welcomepoint\/wp-content\/uploads\/sites\/69\/2023\/10\/20231007_6-560x700.jpg\" alt=\"A group of people listening to the guide and looking at the monument of a general on the horse. Grupa os\u00f3b s\u0142uchaj\u0105ca przewodnika przed pomnikiem genera\u0142a na koniu.\" width=\"100%\" height=\"auto\" srcset=\"https:\/\/us.edu.pl\/pracownik\/welcomepoint\/wp-content\/uploads\/sites\/69\/2023\/10\/20231007_6-560x700.jpg 560w, https:\/\/us.edu.pl\/pracownik\/welcomepoint\/wp-content\/uploads\/sites\/69\/2023\/10\/20231007_6-819x1024.jpg 819w, https:\/\/us.edu.pl\/pracownik\/welcomepoint\/wp-content\/uploads\/sites\/69\/2023\/10\/20231007_6-768x960.jpg 768w, https:\/\/us.edu.pl\/pracownik\/welcomepoint\/wp-content\/uploads\/sites\/69\/2023\/10\/20231007_6-1229x1536.jpg 1229w, https:\/\/us.edu.pl\/pracownik\/welcomepoint\/wp-content\/uploads\/sites\/69\/2023\/10\/20231007_6-1638x2048.jpg 1638w, https:\/\/us.edu.pl\/pracownik\/welcomepoint\/wp-content\/uploads\/sites\/69\/2023\/10\/20231007_6-460x575.jpg 460w, https:\/\/us.edu.pl\/pracownik\/welcomepoint\/wp-content\/uploads\/sites\/69\/2023\/10\/20231007_6-scaled.jpg 2048w\" sizes=\"(max-width: 560px) 100vw, 560px\" \/><\/em><\/p>\n<p><em>fot. archiwum projektu \u201eWelcome2US\u201d<\/em><\/p>\n<\/div>\r\n                    <\/div>\r\n                <\/div>\r\n                <div class=\"text-modules\">\r\n                    <div class=\"container\">\r\n                        \r\n                        <div class=\"text-modules__content\"><p>Poznajemy histori\u0119 pomnika gen. Pi\u0142sudskiego.<\/p>\n<\/div>\r\n                    <\/div>\r\n                <\/div>[\/vc_column][\/vc_row][vc_row][vc_column width=&#8221;1\/3&#8243;]\r\n                <div class=\"text-modules\">\r\n                    <div class=\"container\">\r\n                        \r\n                        <div class=\"text-modules__content\"><p><em><img class=\"alignnone size-medium wp-image-2682\" src=\"https:\/\/us.edu.pl\/pracownik\/welcomepoint\/wp-content\/uploads\/sites\/69\/2023\/10\/20231007_7-560x700.jpg\" alt=\"Group of people in front of the monument of Wojciech Korfanty. Grupa ludzi stoj\u0105ca z przewodnikiem przed pomnikiem Wojciecha Korfantego\" width=\"100%\" height=\"auto\" srcset=\"https:\/\/us.edu.pl\/pracownik\/welcomepoint\/wp-content\/uploads\/sites\/69\/2023\/10\/20231007_7-560x700.jpg 560w, https:\/\/us.edu.pl\/pracownik\/welcomepoint\/wp-content\/uploads\/sites\/69\/2023\/10\/20231007_7-819x1024.jpg 819w, https:\/\/us.edu.pl\/pracownik\/welcomepoint\/wp-content\/uploads\/sites\/69\/2023\/10\/20231007_7-768x960.jpg 768w, https:\/\/us.edu.pl\/pracownik\/welcomepoint\/wp-content\/uploads\/sites\/69\/2023\/10\/20231007_7-1229x1536.jpg 1229w, https:\/\/us.edu.pl\/pracownik\/welcomepoint\/wp-content\/uploads\/sites\/69\/2023\/10\/20231007_7-1638x2048.jpg 1638w, https:\/\/us.edu.pl\/pracownik\/welcomepoint\/wp-content\/uploads\/sites\/69\/2023\/10\/20231007_7-460x575.jpg 460w, https:\/\/us.edu.pl\/pracownik\/welcomepoint\/wp-content\/uploads\/sites\/69\/2023\/10\/20231007_7-scaled.jpg 2048w\" sizes=\"(max-width: 560px) 100vw, 560px\" \/><\/em><\/p>\n<p><em>fot. archiwum projektu \u201eWelcome2US\u201d<\/em><\/p>\n<\/div>\r\n                    <\/div>\r\n                <\/div>\r\n                <div class=\"text-modules\">\r\n                    <div class=\"container\">\r\n                        \r\n                        <div class=\"text-modules__content\"><p>Plac Sejmu \u015al\u0105skiego. S\u0142uchamy opowie\u015bci o Wojciechu Korfantym.<\/p>\n<\/div>\r\n                    <\/div>\r\n                <\/div>[\/vc_column][vc_column width=&#8221;1\/3&#8243;]\r\n                <div class=\"text-modules\">\r\n                    <div class=\"container\">\r\n                        \r\n                        <div class=\"text-modules__content\"><p><em><img class=\"alignnone size-medium wp-image-2679\" src=\"https:\/\/us.edu.pl\/pracownik\/welcomepoint\/wp-content\/uploads\/sites\/69\/2023\/10\/20231007_8-560x700.jpg\" alt=\"Excursion participants on a guided tour in front of exhibits in the Muzeum \u015al\u0105skie.Uczestnicy wycieczki zwiedzaj\u0105cy z przewodniczk\u0105 Muzeum \u015al\u0105skie stoj\u0105cy przed gablot\u0105 z eksponatami\" width=\"100%\" height=\"auto\" srcset=\"https:\/\/us.edu.pl\/pracownik\/welcomepoint\/wp-content\/uploads\/sites\/69\/2023\/10\/20231007_8-560x700.jpg 560w, https:\/\/us.edu.pl\/pracownik\/welcomepoint\/wp-content\/uploads\/sites\/69\/2023\/10\/20231007_8-819x1024.jpg 819w, https:\/\/us.edu.pl\/pracownik\/welcomepoint\/wp-content\/uploads\/sites\/69\/2023\/10\/20231007_8-768x960.jpg 768w, https:\/\/us.edu.pl\/pracownik\/welcomepoint\/wp-content\/uploads\/sites\/69\/2023\/10\/20231007_8-1229x1536.jpg 1229w, https:\/\/us.edu.pl\/pracownik\/welcomepoint\/wp-content\/uploads\/sites\/69\/2023\/10\/20231007_8-1638x2048.jpg 1638w, https:\/\/us.edu.pl\/pracownik\/welcomepoint\/wp-content\/uploads\/sites\/69\/2023\/10\/20231007_8-460x575.jpg 460w, https:\/\/us.edu.pl\/pracownik\/welcomepoint\/wp-content\/uploads\/sites\/69\/2023\/10\/20231007_8-scaled.jpg 2048w\" sizes=\"(max-width: 560px) 100vw, 560px\" \/><\/em><\/p>\n<p><em>fot. archiwum projektu \u201eWelcome2US\u201d<\/em><\/p>\n<\/div>\r\n                    <\/div>\r\n                <\/div>\r\n                <div class=\"text-modules\">\r\n                    <div class=\"container\">\r\n                        \r\n                        <div class=\"text-modules__content\"><p>Zwiedzanie Muzeum \u015al\u0105skiego.<\/p>\n<\/div>\r\n                    <\/div>\r\n                <\/div>[\/vc_column][vc_column width=&#8221;1\/3&#8243;]\r\n                <div class=\"text-modules\">\r\n                    <div class=\"container\">\r\n                        \r\n                        <div class=\"text-modules__content\"><p><em><img class=\"alignnone size-medium wp-image-2689\" src=\"https:\/\/us.edu.pl\/pracownik\/welcomepoint\/wp-content\/uploads\/sites\/69\/2023\/10\/20231007_10-560x700.jpg\" alt=\"Group of excursion participants sitting on the benches in Muzeum \u015al\u0105skie. Uczestnicy wycieczki siedz\u0105cy w jednej z sal Muzeum \u015al\u0105skiego.\" width=\"100%\" height=\"auto\" srcset=\"https:\/\/us.edu.pl\/pracownik\/welcomepoint\/wp-content\/uploads\/sites\/69\/2023\/10\/20231007_10-560x700.jpg 560w, https:\/\/us.edu.pl\/pracownik\/welcomepoint\/wp-content\/uploads\/sites\/69\/2023\/10\/20231007_10-819x1024.jpg 819w, https:\/\/us.edu.pl\/pracownik\/welcomepoint\/wp-content\/uploads\/sites\/69\/2023\/10\/20231007_10-768x960.jpg 768w, https:\/\/us.edu.pl\/pracownik\/welcomepoint\/wp-content\/uploads\/sites\/69\/2023\/10\/20231007_10-1229x1536.jpg 1229w, https:\/\/us.edu.pl\/pracownik\/welcomepoint\/wp-content\/uploads\/sites\/69\/2023\/10\/20231007_10-1638x2048.jpg 1638w, https:\/\/us.edu.pl\/pracownik\/welcomepoint\/wp-content\/uploads\/sites\/69\/2023\/10\/20231007_10-460x575.jpg 460w, https:\/\/us.edu.pl\/pracownik\/welcomepoint\/wp-content\/uploads\/sites\/69\/2023\/10\/20231007_10-scaled.jpg 2048w\" sizes=\"(max-width: 560px) 100vw, 560px\" \/><\/em><\/p>\n<p><em>fot. archiwum projektu \u201eWelcome2US\u201d<\/em><\/p>\n<\/div>\r\n                    <\/div>\r\n                <\/div>\r\n                <div class=\"text-modules\">\r\n                    <div class=\"container\">\r\n                        \r\n                        <div class=\"text-modules__content\"><p>S\u0142uchamy przewodniczki przed wej\u015bciem na wystaw\u0119 o historii \u015al\u0105ska.<\/p>\n<\/div>\r\n                    <\/div>\r\n                <\/div>[\/vc_column][\/vc_row][vc_row][vc_column width=&#8221;1\/3&#8243;]\r\n                <div class=\"text-modules\">\r\n                    <div class=\"container\">\r\n                        \r\n                        <div class=\"text-modules__content\"><p><em><img class=\"alignnone size-medium wp-image-2686\" src=\"https:\/\/us.edu.pl\/pracownik\/welcomepoint\/wp-content\/uploads\/sites\/69\/2023\/10\/20231007_13-700x525.jpg\" alt=\"A group of people standing in front of the cathedral, in a circle, and listening to a guide. Grupa ludzi stoj\u0105ca w okr\u0119gu przed katedr\u0105 i s\u0142uchaj\u0105ca przewodnika.\" width=\"100%\" height=\"auto\" srcset=\"https:\/\/us.edu.pl\/pracownik\/welcomepoint\/wp-content\/uploads\/sites\/69\/2023\/10\/20231007_13-700x525.jpg 700w, https:\/\/us.edu.pl\/pracownik\/welcomepoint\/wp-content\/uploads\/sites\/69\/2023\/10\/20231007_13-1024x768.jpg 1024w, https:\/\/us.edu.pl\/pracownik\/welcomepoint\/wp-content\/uploads\/sites\/69\/2023\/10\/20231007_13-768x576.jpg 768w, https:\/\/us.edu.pl\/pracownik\/welcomepoint\/wp-content\/uploads\/sites\/69\/2023\/10\/20231007_13-1536x1152.jpg 1536w, https:\/\/us.edu.pl\/pracownik\/welcomepoint\/wp-content\/uploads\/sites\/69\/2023\/10\/20231007_13-2048x1536.jpg 2048w, https:\/\/us.edu.pl\/pracownik\/welcomepoint\/wp-content\/uploads\/sites\/69\/2023\/10\/20231007_13-575x431.jpg 575w\" sizes=\"(max-width: 700px) 100vw, 700px\" \/>fot. archiwum projektu \u201eWelcome2US\u201d<\/em><\/p>\n<\/div>\r\n                    <\/div>\r\n                <\/div>\r\n                <div class=\"text-modules\">\r\n                    <div class=\"container\">\r\n                        \r\n                        <div class=\"text-modules__content\"><p>Poznajemy si\u0119 przed rozpocz\u0119ciem wycieczki.<\/p>\n<\/div>\r\n                    <\/div>\r\n                <\/div>[\/vc_column][vc_column width=&#8221;1\/3&#8243;]\r\n                <div class=\"text-modules\">\r\n                    <div class=\"container\">\r\n                        \r\n                        <div class=\"text-modules__content\"><p><em><img class=\"alignnone size-medium wp-image-2680\" src=\"https:\/\/us.edu.pl\/pracownik\/welcomepoint\/wp-content\/uploads\/sites\/69\/2023\/10\/20231007_14-700x525.jpg\" alt=\"Excursion participants posing for a photo in the Karol Szymanowski Academy of Music. Uczestnicy wycieczki pozuj\u0105cy do zdj\u0119cia w budynku Akademii Muzycznej imienia Karola Szymanowskiego\" width=\"100%\" height=\"auto\" srcset=\"https:\/\/us.edu.pl\/pracownik\/welcomepoint\/wp-content\/uploads\/sites\/69\/2023\/10\/20231007_14-700x525.jpg 700w, https:\/\/us.edu.pl\/pracownik\/welcomepoint\/wp-content\/uploads\/sites\/69\/2023\/10\/20231007_14-1024x768.jpg 1024w, https:\/\/us.edu.pl\/pracownik\/welcomepoint\/wp-content\/uploads\/sites\/69\/2023\/10\/20231007_14-768x576.jpg 768w, https:\/\/us.edu.pl\/pracownik\/welcomepoint\/wp-content\/uploads\/sites\/69\/2023\/10\/20231007_14-1536x1152.jpg 1536w, https:\/\/us.edu.pl\/pracownik\/welcomepoint\/wp-content\/uploads\/sites\/69\/2023\/10\/20231007_14-2048x1536.jpg 2048w, https:\/\/us.edu.pl\/pracownik\/welcomepoint\/wp-content\/uploads\/sites\/69\/2023\/10\/20231007_14-575x431.jpg 575w\" sizes=\"(max-width: 700px) 100vw, 700px\" \/>fot. archiwum projektu \u201eWelcome2US\u201d<\/em><\/p>\n<\/div>\r\n                    <\/div>\r\n                <\/div>\r\n                <div class=\"text-modules\">\r\n                    <div class=\"container\">\r\n                        \r\n                        <div class=\"text-modules__content\"><p>Podziwiamy nowoczesny i zarazem tradycyjny budynek Akademii Muzycznej<\/p>\n<\/div>\r\n                    <\/div>\r\n                <\/div>[\/vc_column][vc_column width=&#8221;1\/3&#8243;]\r\n                <div class=\"text-modules\">\r\n                    <div class=\"container\">\r\n                        \r\n                        <div class=\"text-modules__content\"><p><em><img class=\"alignnone size-medium wp-image-2690\" src=\"https:\/\/us.edu.pl\/pracownik\/welcomepoint\/wp-content\/uploads\/sites\/69\/2023\/10\/20231007_15-700x525.jpg\" alt=\"Excursion participants posing for a photo in the corridor of Muzeum \u015al\u0105skie. Uczestnicy wycieczki pozuj\u0105cy do zdj\u0119cia w Muzeum \u015al\u0105skim na tle plakat\u00f3w.\" width=\"100%\" height=\"auto\" srcset=\"https:\/\/us.edu.pl\/pracownik\/welcomepoint\/wp-content\/uploads\/sites\/69\/2023\/10\/20231007_15-700x525.jpg 700w, https:\/\/us.edu.pl\/pracownik\/welcomepoint\/wp-content\/uploads\/sites\/69\/2023\/10\/20231007_15-1024x768.jpg 1024w, https:\/\/us.edu.pl\/pracownik\/welcomepoint\/wp-content\/uploads\/sites\/69\/2023\/10\/20231007_15-768x576.jpg 768w, https:\/\/us.edu.pl\/pracownik\/welcomepoint\/wp-content\/uploads\/sites\/69\/2023\/10\/20231007_15-1536x1152.jpg 1536w, https:\/\/us.edu.pl\/pracownik\/welcomepoint\/wp-content\/uploads\/sites\/69\/2023\/10\/20231007_15-2048x1536.jpg 2048w, https:\/\/us.edu.pl\/pracownik\/welcomepoint\/wp-content\/uploads\/sites\/69\/2023\/10\/20231007_15-575x431.jpg 575w\" sizes=\"(max-width: 700px) 100vw, 700px\" \/>fot. archiwum projektu \u201eWelcome2US\u201d<\/em><\/p>\n<\/div>\r\n                    <\/div>\r\n                <\/div>\r\n                <div class=\"text-modules\">\r\n                    <div class=\"container\">\r\n                        \r\n                        <div class=\"text-modules__content\"><p>Po spacerze po Katowicach z zaciekawieniem czekamy na rozpocz\u0119cie zwiedzania Muzeum \u015al\u0105skiego.<\/p>\n<\/div>\r\n                    <\/div>\r\n                <\/div>[\/vc_column][\/vc_row][vc_row][vc_column width=&#8221;1\/3&#8243;]\r\n                <div class=\"text-modules\">\r\n                    <div class=\"container\">\r\n                        \r\n                        <div class=\"text-modules__content\"><p><img class=\"alignnone size-medium wp-image-2692\" src=\"https:\/\/us.edu.pl\/pracownik\/welcomepoint\/wp-content\/uploads\/sites\/69\/2023\/10\/387637384_16-700x525.jpg\" alt=\"Group of people listening to a man at the museum exhibition nest to the glass box. Grupa ludzi s\u0142uchaj\u0105ca wypowiedzi jednego z uczestnik\u00f3w w sali muzealnej przy pod\u015bwietlonej gablocie\" width=\"100%\" height=\"auto\" srcset=\"https:\/\/us.edu.pl\/pracownik\/welcomepoint\/wp-content\/uploads\/sites\/69\/2023\/10\/387637384_16-700x525.jpg 700w, https:\/\/us.edu.pl\/pracownik\/welcomepoint\/wp-content\/uploads\/sites\/69\/2023\/10\/387637384_16-1024x768.jpg 1024w, https:\/\/us.edu.pl\/pracownik\/welcomepoint\/wp-content\/uploads\/sites\/69\/2023\/10\/387637384_16-768x576.jpg 768w, https:\/\/us.edu.pl\/pracownik\/welcomepoint\/wp-content\/uploads\/sites\/69\/2023\/10\/387637384_16-1536x1152.jpg 1536w, https:\/\/us.edu.pl\/pracownik\/welcomepoint\/wp-content\/uploads\/sites\/69\/2023\/10\/387637384_16-575x431.jpg 575w, https:\/\/us.edu.pl\/pracownik\/welcomepoint\/wp-content\/uploads\/sites\/69\/2023\/10\/387637384_16.jpg 2048w\" sizes=\"(max-width: 700px) 100vw, 700px\" \/><em>fot. archiwum projektu \u201eWelcome2US\u201d<\/em><\/p>\n<\/div>\r\n                    <\/div>\r\n                <\/div>\r\n                <div class=\"text-modules\">\r\n                    <div class=\"container\">\r\n                        \r\n                        <div class=\"text-modules__content\"><p>Jeden z uczestnik\u00f3w naszej wycieczki &#8211; dr Adam Nadudvari dzieli si\u0119 swoj\u0105 wiedz\u0105 na temat w\u0119gla. Pani przewodnik na chwil\u0119 zamienia si\u0119 rolami.<\/p>\n<\/div>\r\n                    <\/div>\r\n                <\/div>[\/vc_column][vc_column width=&#8221;1\/3&#8243;]\r\n                <div class=\"text-modules\">\r\n                    <div class=\"container\">\r\n                        \r\n                        <div class=\"text-modules__content\"><p><em><img class=\"alignnone size-medium wp-image-2678\" src=\"https:\/\/us.edu.pl\/pracownik\/welcomepoint\/wp-content\/uploads\/sites\/69\/2023\/10\/20231007_17-700x525.jpg\" alt=\"Group of excursion participants in front of the entrance to the main exhibition about Silesia in Muzeum \u015al\u0105skie. Grupa uczestnik\u00f3 wycieczki przed wej\u015bciem na g\u0142\u00f3wn\u0105 wystaw\u0119 o historii \u015al\u0105ska w Muzeum \u015al\u0105skim\" width=\"100%\" height=\"auto\" srcset=\"https:\/\/us.edu.pl\/pracownik\/welcomepoint\/wp-content\/uploads\/sites\/69\/2023\/10\/20231007_17-700x525.jpg 700w, https:\/\/us.edu.pl\/pracownik\/welcomepoint\/wp-content\/uploads\/sites\/69\/2023\/10\/20231007_17-1024x768.jpg 1024w, https:\/\/us.edu.pl\/pracownik\/welcomepoint\/wp-content\/uploads\/sites\/69\/2023\/10\/20231007_17-768x576.jpg 768w, https:\/\/us.edu.pl\/pracownik\/welcomepoint\/wp-content\/uploads\/sites\/69\/2023\/10\/20231007_17-1536x1152.jpg 1536w, https:\/\/us.edu.pl\/pracownik\/welcomepoint\/wp-content\/uploads\/sites\/69\/2023\/10\/20231007_17-2048x1536.jpg 2048w, https:\/\/us.edu.pl\/pracownik\/welcomepoint\/wp-content\/uploads\/sites\/69\/2023\/10\/20231007_17-575x431.jpg 575w\" sizes=\"(max-width: 700px) 100vw, 700px\" \/>fot. archiwum projektu \u201eWelcome2US\u201d<\/em><\/p>\n<\/div>\r\n                    <\/div>\r\n                <\/div>\r\n                <div class=\"text-modules\">\r\n                    <div class=\"container\">\r\n                        \r\n                        <div class=\"text-modules__content\"><p>Przed wej\u015bciem na wystaw\u0119 o historii \u015al\u0105ska &#8211; nasz\u0105 kr\u00f3tk\u0105 podr\u00f3\u017c\u0105 w czasie.<\/p>\n<\/div>\r\n                    <\/div>\r\n                <\/div>[\/vc_column][vc_column width=&#8221;1\/3&#8243;][\/vc_column][\/vc_row][vc_row][vc_column width=&#8221;1\/3&#8243;]\r\n                <div class=\"text-modules\">\r\n                    <div class=\"container\">\r\n                        \r\n                        <div class=\"text-modules__content\"><p><em><img class=\"alignnone size-medium wp-image-2691\" src=\"https:\/\/us.edu.pl\/pracownik\/welcomepoint\/wp-content\/uploads\/sites\/69\/2023\/10\/20231007_132059-560x700.jpg\" alt=\"Group of people seeing an exhibition with paintings, listening to the museum guide. Grupa ludzi zwiedzaj\u0105ca wystaw\u0119 obraz\u00f3w z przewodniczk\u0105 muzeum.\" width=\"100%\" height=\"auto\" srcset=\"https:\/\/us.edu.pl\/pracownik\/welcomepoint\/wp-content\/uploads\/sites\/69\/2023\/10\/20231007_132059-560x700.jpg 560w, https:\/\/us.edu.pl\/pracownik\/welcomepoint\/wp-content\/uploads\/sites\/69\/2023\/10\/20231007_132059-819x1024.jpg 819w, https:\/\/us.edu.pl\/pracownik\/welcomepoint\/wp-content\/uploads\/sites\/69\/2023\/10\/20231007_132059-768x960.jpg 768w, https:\/\/us.edu.pl\/pracownik\/welcomepoint\/wp-content\/uploads\/sites\/69\/2023\/10\/20231007_132059-1229x1536.jpg 1229w, https:\/\/us.edu.pl\/pracownik\/welcomepoint\/wp-content\/uploads\/sites\/69\/2023\/10\/20231007_132059-1638x2048.jpg 1638w, https:\/\/us.edu.pl\/pracownik\/welcomepoint\/wp-content\/uploads\/sites\/69\/2023\/10\/20231007_132059-460x575.jpg 460w, https:\/\/us.edu.pl\/pracownik\/welcomepoint\/wp-content\/uploads\/sites\/69\/2023\/10\/20231007_132059-scaled.jpg 2048w\" sizes=\"(max-width: 560px) 100vw, 560px\" \/><\/em><\/p>\n<p><em>fot. archiwum projektu \u201eWelcome2US\u201d<\/em><\/p>\n<\/div>\r\n                    <\/div>\r\n                <\/div>\r\n                <div class=\"text-modules\">\r\n                    <div class=\"container\">\r\n                        \r\n                        <div class=\"text-modules__content\"><p>Jedn\u0105 z wystaw, kt\u00f3r\u0105 pokaza\u0142a nam pani przewodnik by\u0142a wystawa sztuki nieprofesjonalnej. Dzie\u0142a tworzone w wi\u0119kszo\u015bci przez g\u00f3rnik\u00f3w pokazuj\u0105 atmosfer\u0119 \u015al\u0105ska tamtego czasu.<\/p>\n<\/div>\r\n                    <\/div>\r\n                <\/div>[\/vc_column][vc_column width=&#8221;1\/3&#8243;][\/vc_column][vc_column width=&#8221;1\/3&#8243;][\/vc_column][\/vc_row]<\/p>","protected":false},"excerpt":{"rendered":"<p>[vc_row][vc_column width=&#8221;2\/3&#8243;][\/vc_column][vc_column width=&#8221;1\/3&#8243;][\/vc_column][\/vc_row][vc_row][vc_column][\/vc_column][\/vc_row][vc_row][vc_column width=&#8221;1\/3&#8243;][\/vc_column][vc_column width=&#8221;1\/3&#8243;][\/vc_column][vc_column width=&#8221;1\/3&#8243;][\/vc_column][\/vc_row][vc_row][vc_column width=&#8221;1\/3&#8243;][\/vc_column][vc_column width=&#8221;1\/3&#8243;][\/vc_column][vc_column width=&#8221;1\/3&#8243;][\/vc_column][\/vc_row][vc_row][vc_column width=&#8221;1\/3&#8243;][\/vc_column][vc_column width=&#8221;1\/3&#8243;][\/vc_column][vc_column width=&#8221;1\/3&#8243;][\/vc_column][\/vc_row][vc_row][vc_column width=&#8221;1\/3&#8243;][\/vc_column][vc_column width=&#8221;1\/3&#8243;][\/vc_column][vc_column width=&#8221;1\/3&#8243;][\/vc_column][\/vc_row][vc_row][vc_column width=&#8221;1\/3&#8243;][\/vc_column][vc_column width=&#8221;1\/3&#8243;][\/vc_column][vc_column width=&#8221;1\/3&#8243;][\/vc_column][\/vc_row][vc_row][vc_column width=&#8221;1\/3&#8243;][\/vc_column][vc_column width=&#8221;1\/3&#8243;][\/vc_column][vc_column width=&#8221;1\/3&#8243;][\/vc_column][\/vc_row] [&#8230;]<\/p>\n<p><a class=\"btn btn-secondary understrap-read-more-link\" href=\"https:\/\/us.edu.pl\/pracownik\/welcomepoint\/2023\/10\/english-katowice-then-and-now-the-october-integration-meeting\/\">Read More&#8230;<\/a><\/p>\n","protected":false},"author":2106,"featured_media":2678,"comment_status":"open","ping_status":"open","sticky":false,"template":"","format":"standard","meta":{"_expiration-date-status":"","_expiration-date":0,"_expiration-date-type":"","_expiration-date-categories":[],"_expiration-date-options":[]},"categories":[11,5],"tags":[],"acf":[],"_links":{"self":[{"href":"https:\/\/us.edu.pl\/pracownik\/welcomepoint\/wp-json\/wp\/v2\/posts\/2664"}],"collection":[{"href":"https:\/\/us.edu.pl\/pracownik\/welcomepoint\/wp-json\/wp\/v2\/posts"}],"about":[{"href":"https:\/\/us.edu.pl\/pracownik\/welcomepoint\/wp-json\/wp\/v2\/types\/post"}],"author":[{"embeddable":true,"href":"https:\/\/us.edu.pl\/pracownik\/welcomepoint\/wp-json\/wp\/v2\/users\/2106"}],"replies":[{"embeddable":true,"href":"https:\/\/us.edu.pl\/pracownik\/welcomepoint\/wp-json\/wp\/v2\/comments?post=2664"}],"version-history":[{"count":8,"href":"https:\/\/us.edu.pl\/pracownik\/welcomepoint\/wp-json\/wp\/v2\/posts\/2664\/revisions"}],"predecessor-version":[{"id":2700,"href":"https:\/\/us.edu.pl\/pracownik\/welcomepoint\/wp-json\/wp\/v2\/posts\/2664\/revisions\/2700"}],"wp:featuredmedia":[{"embeddable":true,"href":"https:\/\/us.edu.pl\/pracownik\/welcomepoint\/wp-json\/wp\/v2\/media\/2678"}],"wp:attachment":[{"href":"https:\/\/us.edu.pl\/pracownik\/welcomepoint\/wp-json\/wp\/v2\/media?parent=2664"}],"wp:term":[{"taxonomy":"category","embeddable":true,"href":"https:\/\/us.edu.pl\/pracownik\/welcomepoint\/wp-json\/wp\/v2\/categories?post=2664"},{"taxonomy":"post_tag","embeddable":true,"href":"https:\/\/us.edu.pl\/pracownik\/welcomepoint\/wp-json\/wp\/v2\/tags?post=2664"}],"curies":[{"name":"wp","href":"https:\/\/api.w.org\/{rel}","templated":true}]}}