{"id":18501,"date":"2022-04-21T17:07:16","date_gmt":"2022-04-21T15:07:16","guid":{"rendered":"https:\/\/us.edu.pl\/pracownik\/?p=18501"},"modified":"2023-05-31T14:07:50","modified_gmt":"2023-05-31T12:07:50","slug":"iv-seminarium-nt-nowej-koncepcji-studiow-prof-jerzy-hausner-oraz-prof-przemyslaw-czaplinski","status":"publish","type":"post","link":"https:\/\/us.edu.pl\/pracownik\/2022\/04\/21\/iv-seminarium-nt-nowej-koncepcji-studiow-prof-jerzy-hausner-oraz-prof-przemyslaw-czaplinski\/","title":{"rendered":"IV seminarium nt. Nowej Koncepcji Studi\u00f3w | prof. Jerzy Hausner oraz prof. Przemys\u0142aw Czapli\u0144ski"},"content":{"rendered":"<p>[vc_row content_placement=&#8221;middle&#8221;][vc_column width=&#8221;2\/3&#8243;]\r\n                <div class=\"text-modules\">\r\n                    <div class=\"container\">\r\n                        \r\n                        <div class=\"text-modules__content\"><p>Go\u015b\u0107mi IV spotkania byli prof. dr hab. Jerzy Hausner, kt\u00f3ry wyg\u0142osi\u0142 wyk\u0142ad pt. \u201eIdea uniwersytetu czy Uniwersytet-Idea\u201d oraz prof. dr hab. Przemys\u0142aw Czapli\u0144ski, kt\u00f3ry wyst\u0105pi\u0142 z prelekcj\u0105 pt. \u201eSplataj\u0105c na nowo, to co uniwersyteckie\u201d.<\/p>\n<p>Seminarium odby\u0142o si\u0119 29 marca 2022 roku w formie zdalnej.<\/p>\n<\/div>\r\n                    <\/div>\r\n                <\/div>[\/vc_column][vc_column width=&#8221;1\/3&#8243; css=&#8221;.vc_custom_1651071924314{background-position: center !important;background-repeat: no-repeat !important;background-size: contain !important;border: 3px solid #f2f2f2 !important;border-radius: 3px !important;}&#8221;]\r\n                <div class=\"text-modules\">\r\n                    <div class=\"container\">\r\n                        \r\n                        <div class=\"text-modules__content\"><\/p>\n<p style=\"text-align: center; font-size: 120%;\">przysz\u0142o\u015b\u0107 kszta\u0142cenia uniwersyteckiego<\/p>\n<p>\n<\/div>\r\n                    <\/div>\r\n                <\/div>[vc_wp_text]<\/p>\n<p style=\"text-align: center;\">odwied\u017a stron\u0119 projektu:<\/p>\n<p>[\/vc_wp_text][vc_btn title=&#8221;Nowa Koncepcja Studi\u00f3w&#8221; style=&#8221;custom&#8221; custom_background=&#8221;#002e5a&#8221; custom_text=&#8221;#ffffff&#8221; shape=&#8221;square&#8221; size=&#8221;lg&#8221; align=&#8221;center&#8221; custom_onclick=&#8221;true&#8221; link=&#8221;url:https%3A%2F%2Fus.edu.pl%2Fpracownik%2Fsprawy-dydaktyczne%2Fnowa-koncepcja-studiow%2F|title:przejd%C5%BA%20na%20stron%C4%99%20projektu%20||&#8221;][\/vc_column][\/vc_row][vc_row el_class=&#8221;container&#8221;][vc_column]\r\n                <div class=\"text-modules\">\r\n                    <div class=\"container\">\r\n                        \r\n                        <div class=\"text-modules__content\"><\/p>\n<h3>Prelegenci<\/h3>\n<p>\n<\/div>\r\n                    <\/div>\r\n                <\/div>[vc_row_inner content_placement=&#8221;middle&#8221; css=&#8221;.vc_custom_1651735865374{margin-right: 0% !important;margin-left: 0% !important;background-color: #f2f2f2 !important;}&#8221;][vc_column_inner width=&#8221;1\/3&#8243;][vc_single_image image=&#8221;17377&#8243; img_size=&#8221;large&#8221; style=&#8221;vc_box_circle_2&#8243;][vc_column_text]Prof. dr hab. Jerzy Hausner. Fot. archiwum prywatne[\/vc_column_text][\/vc_column_inner][vc_column_inner width=&#8221;2\/3&#8243;]\r\n                <div class=\"text-modules\">\r\n                    <div class=\"container\">\r\n                        \r\n                        <div class=\"text-modules__content\"><\/p>\n<h4><strong>Prof. dr hab. Jerzy Hausner<\/strong><\/h4>\n<p>&nbsp;<\/p>\n<p><strong><span class=\"TextRun SCXW106192963 BCX9\" lang=\"PL-PL\" xml:lang=\"PL-PL\" data-contrast=\"auto\"><span class=\"NormalTextRun SCXW106192963 BCX9\">Przewodnicz\u0105cy Rad<\/span><span class=\"NormalTextRun SCXW106192963 BCX9\">y Programowej Open <\/span><span class=\"SpellingError SCXW106192963 BCX9\">Eyes<\/span> <span class=\"SpellingError SCXW106192963 BCX9\">Economy<\/span> <span class=\"SpellingError SCXW106192963 BCX9\">Summit<\/span><span class=\"NormalTextRun SCXW106192963 BCX9\">,<\/span><span class=\"NormalTextRun SCXW106192963 BCX9\"> Fundacja GAP<\/span><\/span><span class=\"EOP SCXW106192963 BCX9\" data-ccp-props=\"{&quot;201341983&quot;:0,&quot;335559739&quot;:200,&quot;335559740&quot;:276}\">\u00a0<\/span><\/strong><\/p>\n<p>Profesor doktor habilitowany nauk ekonomicznych, przewodnicz\u0105cy Rady Programowej Open Eyes Economy Summit oraz Rady Fundacji Gospodarki i Administracji Publicznej, b. wicepremier i minister gospodarki, pracy i polityki spo\u0142ecznej, pose\u0142 na Sejm 2001\u20132005, cz\u0142onek Rady Polityki Pieni\u0119\u017cnej III kadencji, cz\u0142onek korespondent Polskiej Akademii Umiej\u0119tno\u015bci, laureat nagr\u00f3d: Kisiela, W\u0142adys\u0142awa Grabskiego i Edwarda Lipi\u0144skiego, doktor <em>honoris causa<\/em> Szko\u0142y G\u0142\u00f3wnej Handlowej w Warszawie.<\/p>\n<\/div>\r\n                    <\/div>\r\n                <\/div>[\/vc_column_inner][\/vc_row_inner][vc_row_inner content_placement=&#8221;middle&#8221; css=&#8221;.vc_custom_1651737696691{margin-right: 0% !important;margin-left: 0% !important;}&#8221;][vc_column_inner][vc_empty_space][\/vc_column_inner][\/vc_row_inner][vc_row_inner content_placement=&#8221;middle&#8221; css=&#8221;.vc_custom_1651735865374{margin-right: 0% !important;margin-left: 0% !important;background-color: #f2f2f2 !important;}&#8221;][vc_column_inner width=&#8221;1\/3&#8243;][vc_single_image image=&#8221;17352&#8243; img_size=&#8221;large&#8221; style=&#8221;vc_box_circle_2&#8243;][vc_column_text]&#8230;[\/vc_column_text][\/vc_column_inner][vc_column_inner width=&#8221;2\/3&#8243;]\r\n                <div class=\"text-modules\">\r\n                    <div class=\"container\">\r\n                        \r\n                        <div class=\"text-modules__content\"><\/p>\n<h4><strong>Prof. dr hab. Przemys\u0142aw Czapli\u0144ski<\/strong><\/h4>\n<p>&nbsp;<\/p>\n<p><strong>Historyk literatury polskiej i europejskiej XX i XXI wieku, eseista, t\u0142umacz, krytyk<\/strong><\/p>\n<p>Wsp\u00f3\u0142tw\u00f3rca Zak\u0142adu Antropologii Literatury (UAM), dyrektor Centrum Humanistyki Otwartej (Uniwersytet im. Adama Mickiewicza w Poznaniu), cz\u0142onek redakcji czasopisma \u201eTeksty Drugie\u201d.<\/p>\n<p>Jego ostatnie publikacje: \u201ePoruszona mapa\u201d (2016), \u201eLiteratura i jej natury\u201d (2017; wsp\u00f3\u0142autorzy: Joanna B. Bednarek, Dawid Gosty\u0144ski), \u201e O jeden las za daleko. Demokracja, kapitalizm i niepos\u0142usze\u0144stwo ekologiczne w Polsce\u201d (wsp\u00f3\u0142redaktorzy: J.B. Bednarek, D. Gosty\u0144ski; 2019), \u201eTo\u017csamo\u015b\u0107 po pogromie. \u015awiadectwa i interpretacje Marca \u201968\u201d (wsp\u00f3\u0142redaktor: Alina Molisak, Warszawa 2019), \u201eZnaki katastrofy, spacje ocalenia. O tw\u00f3rczo\u015bci W.G. Sebalda\u201d (wsp\u00f3\u0142redaktor: Katarzyna Ko\u0144czal, Warszawa 2020).<\/p>\n<\/div>\r\n                    <\/div>\r\n                <\/div>[\/vc_column_inner][\/vc_row_inner][vc_empty_space][vc_row_inner][vc_column_inner el_class=&#8221;container&#8221;]\r\n                <div class=\"text-modules\">\r\n                    <div class=\"container\">\r\n                        \r\n                        <div class=\"text-modules__content\"><\/p>\n<h3>Materia\u0142 wideo z seminarium<\/h3>\n<p>\n<\/div>\r\n                    <\/div>\r\n                <\/div>[\/vc_column_inner][\/vc_row_inner][vc_row_inner][vc_column_inner el_class=&#8221;container&#8221; css=&#8221;.vc_custom_1651072259333{padding-right: 0% !important;padding-left: 10% !important;}&#8221;]\r\n                <div class=\"text-modules\">\r\n                    <div class=\"container\">\r\n                        \r\n                        <div class=\"text-modules__content\"><p>Odtw\u00f3rz wideo:<\/p>\n<p><iframe loading=\"lazy\" title=\"Seminarium pt. \u201ePrzysz\u0142o\u015b\u0107 kszta\u0142cenia akademickiego\u201d #4 \u2013 prof. P. Czapli\u0144ski, prof. J. Hausner\" width=\"640\" height=\"360\" src=\"https:\/\/www.youtube.com\/embed\/tI-Z2BIKn7U?feature=oembed\" frameborder=\"0\" allow=\"accelerometer; autoplay; clipboard-write; encrypted-media; gyroscope; picture-in-picture; web-share\" allowfullscreen><\/iframe><\/p>\n<p>\n<\/div>\r\n                    <\/div>\r\n                <\/div>[\/vc_column_inner][\/vc_row_inner][vc_row_inner disable_element=&#8221;yes&#8221;][vc_column_inner el_class=&#8221;container&#8221; css=&#8221;.vc_custom_1651071172153{padding-left: 10% !important;}&#8221;]\r\n                <div class=\"text-modules\">\r\n                    <div class=\"container\">\r\n                        \r\n                        <div class=\"text-modules__content\"><\/p>\n<h3>Opis spotkania<\/h3>\n<p>\n<\/div>\r\n                    <\/div>\r\n                <\/div>\r\n                <div class=\"text-modules\">\r\n                    <div class=\"container\">\r\n                        \r\n                        <div class=\"text-modules__content\"><p>Lorem ipsum<\/p>\n<\/div>\r\n                    <\/div>\r\n                <\/div>[\/vc_column_inner][\/vc_row_inner][vc_row_inner][vc_column_inner]<div class=\"container\"><div class=\"separator\" style=\"background-color: #EBEBEB\"><\/div><\/div>\r\n                <div class=\"text-modules\">\r\n                    <div class=\"container\">\r\n                        \r\n                        <div class=\"text-modules__content\"><p>Odwied\u017a stron\u0119 projektu:<\/p>\n<\/div>\r\n                    <\/div>\r\n                <\/div>[vc_btn title=&#8221;Nowa Koncepcja Studi\u00f3w&#8221; style=&#8221;custom&#8221; custom_background=&#8221;#002e5a&#8221; custom_text=&#8221;#ffffff&#8221; shape=&#8221;square&#8221; size=&#8221;sm&#8221; custom_onclick=&#8221;true&#8221; link=&#8221;url:https%3A%2F%2Fus.edu.pl%2Fpracownik%2Fsprawy-dydaktyczne%2Fnowa-koncepcja-studiow%2F|title:przejd%C5%BA%20na%20stron%C4%99%20projektu%20||&#8221; css=&#8221;.vc_custom_1685534857833{padding-left: 10% !important;}&#8221;][\/vc_column_inner][\/vc_row_inner][\/vc_column][\/vc_row]<\/p>","protected":false},"excerpt":{"rendered":"<p>\u201eIdea uniwersytetu czy Uniwersytet-Idea\u201d oraz \u201eSplataj\u0105c na nowo, to co uniwersyteckie\u201d [&#8230;]<\/p>\n<p><a class=\"btn btn-secondary understrap-read-more-link\" href=\"https:\/\/us.edu.pl\/pracownik\/2022\/04\/21\/iv-seminarium-nt-nowej-koncepcji-studiow-prof-jerzy-hausner-oraz-prof-przemyslaw-czaplinski\/\">Read More&#8230;<\/a><\/p>\n","protected":false},"author":26,"featured_media":17377,"comment_status":"open","ping_status":"open","sticky":false,"template":"","format":"standard","meta":{"_expiration-date-status":"","_expiration-date":0,"_expiration-date-type":"","_expiration-date-categories":[],"_expiration-date-options":[]},"categories":[420],"tags":[],"acf":[],"_links":{"self":[{"href":"https:\/\/us.edu.pl\/pracownik\/wp-json\/wp\/v2\/posts\/18501"}],"collection":[{"href":"https:\/\/us.edu.pl\/pracownik\/wp-json\/wp\/v2\/posts"}],"about":[{"href":"https:\/\/us.edu.pl\/pracownik\/wp-json\/wp\/v2\/types\/post"}],"author":[{"embeddable":true,"href":"https:\/\/us.edu.pl\/pracownik\/wp-json\/wp\/v2\/users\/26"}],"replies":[{"embeddable":true,"href":"https:\/\/us.edu.pl\/pracownik\/wp-json\/wp\/v2\/comments?post=18501"}],"version-history":[{"count":3,"href":"https:\/\/us.edu.pl\/pracownik\/wp-json\/wp\/v2\/posts\/18501\/revisions"}],"predecessor-version":[{"id":21843,"href":"https:\/\/us.edu.pl\/pracownik\/wp-json\/wp\/v2\/posts\/18501\/revisions\/21843"}],"wp:featuredmedia":[{"embeddable":true,"href":"https:\/\/us.edu.pl\/pracownik\/wp-json\/wp\/v2\/media\/17377"}],"wp:attachment":[{"href":"https:\/\/us.edu.pl\/pracownik\/wp-json\/wp\/v2\/media?parent=18501"}],"wp:term":[{"taxonomy":"category","embeddable":true,"href":"https:\/\/us.edu.pl\/pracownik\/wp-json\/wp\/v2\/categories?post=18501"},{"taxonomy":"post_tag","embeddable":true,"href":"https:\/\/us.edu.pl\/pracownik\/wp-json\/wp\/v2\/tags?post=18501"}],"curies":[{"name":"wp","href":"https:\/\/api.w.org\/{rel}","templated":true}]}}