{"id":24118,"date":"2024-01-26T14:12:00","date_gmt":"2024-01-26T13:12:00","guid":{"rendered":"https:\/\/us.edu.pl\/pracownik\/?p=24118"},"modified":"2024-01-26T14:33:03","modified_gmt":"2024-01-26T13:33:03","slug":"mendeley-zarzadzanie-bibliografia-w-pracach-naukowych-kadra-dydaktyczna-i-badawczo-dydaktyczna","status":"publish","type":"post","link":"https:\/\/us.edu.pl\/pracownik\/2024\/01\/26\/mendeley-zarzadzanie-bibliografia-w-pracach-naukowych-kadra-dydaktyczna-i-badawczo-dydaktyczna\/","title":{"rendered":"Mendeley \u2013 zarz\u0105dzanie bibliografi\u0105 w pracach naukowych | kadra dydaktyczna i badawczo-dydaktyczna"},"content":{"rendered":"<p>[vc_row][vc_column][\/vc_column][\/vc_row][vc_row][vc_column]\r\n                <div class=\"text-modules \">\r\n                    <div class=\"container\">\r\n                         \r\n                        <div class=\"row m-0\">\r\n                            <div class=\"text-modules__content\">\r\n                                <\/p>\n<table style=\"border-collapse: collapse; width: 100%; height: 154px;\">\n<tbody>\n<tr style=\"height: 64px;\">\n<td style=\"width: 277.5px; height: 64px;\"><strong>Planowana data wydarzenia<\/strong><\/td>\n<td style=\"width: 277.5px; height: 64px;\">\n<ul>\n<li><strong>9 luty 2024 r.<\/strong><\/li>\n<li style=\"list-style-type: none;\"><\/li>\n<\/ul>\n<\/td>\n<\/tr>\n<tr style=\"height: 18px;\">\n<td style=\"width: 277.5px; height: 18px;\"><strong>Forma szkolenia<\/strong><\/td>\n<td style=\"width: 277.5px; height: 18px;\">stacjonarna &#8211; wymagany w\u0142asny laptop<\/td>\n<\/tr>\n<tr style=\"height: 18px;\">\n<td style=\"width: 277.5px; height: 18px;\"><strong>Godziny<\/strong><\/td>\n<td style=\"width: 277.5px; height: 18px;\"><strong>13.00 &#8211; 15.00<\/strong><\/td>\n<\/tr>\n<tr style=\"height: 36px;\">\n<td style=\"width: 277.5px; height: 36px;\"><strong>Uczestnicy szkolenia<\/strong><\/td>\n<td style=\"width: 277.5px; height: 36px;\">kadra dydaktyczna i badawczo-dydaktyczna<\/td>\n<\/tr>\n<tr style=\"height: 18px;\">\n<td style=\"width: 277.5px; height: 18px;\"><strong>Kategoria tematyczna<\/strong><\/td>\n<td style=\"width: 277.5px; height: 18px;\">szkolenia U\u015a<\/td>\n<\/tr>\n<\/tbody>\n<\/table>\n<p>&nbsp;<\/p>\n<p><strong>Miejsce szkolenia:<\/strong><\/p>\n<p>Centrum Dydaktyki w Uniwersytecie Otwartym (Katowice, ul. Uniwersytecka 4, sala B0.21) \r\n                                <div class=\"mt-3\"><a href=\"https:\/\/formularze.us.edu.pl\/centrum_dydaktyki\/781\/4638\" class=\"link-button mr-3 \">link do formularza zg\u0142oszeniowego i programu szkolenia<\/a><\/div>\r\n                            <\/div>\r\n                            \r\n                            <div class=\"text-modules__img\"><img src=\"https:\/\/us.edu.pl\/pracownik\/wp-content\/uploads\/sites\/2\/pracownik\/wiadomosci\/cowomen-3ALW9V3jNkc-unsplash-1-575x432-1.jpg\" alt=\"img\"><\/div>\r\n                        <\/div>\r\n                    <\/div>\r\n                <\/div>[\/vc_column][\/vc_row][vc_row][vc_column]<div class=\"container\"><div class=\"separator\" style=\"background-color: #EBEBEB\"><\/div><\/div>[\/vc_column][\/vc_row][vc_row][vc_column]\r\n                <div class=\"text-modules \">\r\n                    <div class=\"container\">\r\n                         \r\n                        <div class=\"row m-0\">\r\n                            <div class=\"text-modules__content\">\r\n                                <strong>Opis szkolenia<\/strong><\/p>\n<p>Mendeley to darmowe oprogramowanie u\u0142atwiaj\u0105ce zarz\u0105dzanie artyku\u0142ami naukowymi oraz generuj\u0105ce bibliografi\u0119 do artyku\u0142\u00f3w naukowych. Szkolenie z podstaw obs\u0142ugi Mendeley pozwoli Pa\u0144stwu rozpocz\u0105\u0107 prac\u0119 z programem znacznie u\u0142atwiaj\u0105cym i przyspieszaj\u0105cym pisanie prac naukowych. W ramach szkolenia przedstawione zostan\u0105 informacje dotycz\u0105ce:<\/p>\n<p>\u2022\u00a0\u00a0\u00a0\u00a0\u00a0\u00a0\u00a0 zarejestrowania si\u0119 i za\u0142o\u017cenia konta w serwisie Mendeley,<\/p>\n<p>\u2022\u00a0\u00a0\u00a0\u00a0\u00a0\u00a0\u00a0 dodawania artyku\u0142\u00f3w i tworzenia w\u0142asnej biblioteki,<\/p>\n<p>\u2022\u00a0\u00a0\u00a0\u00a0\u00a0\u00a0\u00a0 uzupe\u0142niania danych bibliograficznych,<\/p>\n<p>\u2022\u00a0\u00a0 \u00a0\u00a0\u00a0\u00a0\u00a0tworzenia przypis\u00f3w i bibliografii za\u0142\u0105cznikowej w programie Word.<\/p>\n<p>Zach\u0119cam do przyniesienia w\u0142asnego laptopa, gdy\u017c takie rozwi\u0105zanie pozwoli na bezpo\u015brednie zainstalowanie potrzebnej aplikacji Mendeley Desktop na Pa\u0144stwa komputerach.<\/p>\n<p><strong>Prowadz\u0105ca szkolenie<\/strong>: dr Joanna Korzekwa<\/p>\n<p><strong>Organizator szkolenia<\/strong>: Centrum Dydaktyki<\/p>\n<p><strong>Kontakt w sprawie szkolenia: <\/strong><a href=\"mailto:Joanna.korzekwa@us.edu.pl\">Joanna.korzekwa@us.edu.pl<\/a><\/p>\n<p>Wydzia\u0142 Nauk \u015acis\u0142ych i Technicznych<\/p>\n<p>Instytut In\u017cynierii Materia\u0142owej<\/p>\n<p>ul. \u017bytnia 10, 41-200 Sosnowiec, Polska<\/p>\n<p>tel.: (+48) 32 2691 910, pok\u00f3j 200 \r\n                                <div class=\"mt-3\"><\/div>\r\n                            <\/div>\r\n                            \r\n                            \r\n                        <\/div>\r\n                    <\/div>\r\n                <\/div>[\/vc_column][\/vc_row][vc_row][vc_column]<div class=\"container\"><div class=\"separator\" style=\"background-color: #EBEBEB\"><\/div><\/div>[\/vc_column][\/vc_row][vc_row][vc_column]\r\n                <div class=\"text-modules \">\r\n                    <div class=\"container\">\r\n                         \r\n                        <div class=\"row m-0\">\r\n                            <div class=\"text-modules__content\">\r\n                                <strong>Program warsztat\u00f3w <\/strong>(czas trwania:<strong> 2 godziny<\/strong>)<\/p>\n<p><strong>Cel warsztat\u00f3w:<\/strong> Zapoznanie uczestnik\u00f3w z podstawowymi funkcjami programu Mendeley oraz umo\u017cliwienie im skutecznego zarz\u0105dzania literatur\u0105 naukow\u0105.<\/p>\n<p><strong>Agenda:<\/strong><\/p>\n<p><span style=\"text-decoration: underline;\">I. Wprowadzenie<\/span><\/p>\n<p>Kr\u00f3tka prezentacja Mendeley i jego roli w zarz\u0105dzaniu literatur\u0105 naukow\u0105.<\/p>\n<p><span style=\"text-decoration: underline;\">II. Instalacja i konfiguracja<\/span><\/p>\n<p>Instrukcje dotycz\u0105ce pobierania i instalacji programu Mendeley.<\/p>\n<p>Tworzenie konta Mendeley i logowanie.<\/p>\n<p><span style=\"text-decoration: underline;\">III. Dodawanie dokument\u00f3w<\/span><\/p>\n<p>Importowanie artyku\u0142\u00f3w naukowych z r\u00f3\u017cnych \u017ar\u00f3de\u0142.<\/p>\n<p>Dodawanie dokument\u00f3w r\u0119cznie.<\/p>\n<p><span style=\"text-decoration: underline;\">IV. Organizacja biblioteki<\/span><\/p>\n<p>Tworzenie folder\u00f3w i kategorii.<\/p>\n<p>Praca z dokumentami.<\/p>\n<p><span style=\"text-decoration: underline;\">V. Cytowanie i bibliografia<\/span><\/p>\n<p>Tworzenie bibliografii i cytowa\u0144 za pomoc\u0105 Mendeley.<\/p>\n<p>Integracja Mendeley z programem MS Word (konieczna wersja MS Word od 2016)<\/p>\n<p><span style=\"text-decoration: underline;\">VI. Pytania i odpowiedzi<\/span><\/p>\n<p><span style=\"text-decoration: underline;\">VII. Informacja zwrotna<\/span><\/p>\n<p>Uczestnicy wype\u0142niaj\u0105 kr\u00f3tkiej ankiety ewaluacyjn\u0105. \r\n                                <div class=\"mt-3\"><\/div>\r\n                            <\/div>\r\n                            \r\n                            \r\n                        <\/div>\r\n                    <\/div>\r\n                <\/div>[\/vc_column][\/vc_row]<\/p>","protected":false},"excerpt":{"rendered":"<p>[vc_row][vc_column][\/vc_column][\/vc_row][vc_row][vc_column][\/vc_column][\/vc_row][vc_row][vc_column][\/vc_column][\/vc_row][vc_row][vc_column][\/vc_column][\/vc_row][vc_row][vc_column][\/vc_column][\/vc_row][vc_row][vc_column][\/vc_column][\/vc_row] [&#8230;]<\/p>\n<p><a class=\"btn btn-secondary understrap-read-more-link\" href=\"https:\/\/us.edu.pl\/pracownik\/2024\/01\/26\/mendeley-zarzadzanie-bibliografia-w-pracach-naukowych-kadra-dydaktyczna-i-badawczo-dydaktyczna\/\">Read More&#8230;<\/a><\/p>\n","protected":false},"author":41,"featured_media":0,"comment_status":"open","ping_status":"open","sticky":false,"template":"","format":"standard","meta":{"_expiration-date-status":"","_expiration-date":0,"_expiration-date-type":"","_expiration-date-categories":[],"_expiration-date-options":[]},"categories":[428],"tags":[],"acf":[],"_links":{"self":[{"href":"https:\/\/us.edu.pl\/pracownik\/wp-json\/wp\/v2\/posts\/24118"}],"collection":[{"href":"https:\/\/us.edu.pl\/pracownik\/wp-json\/wp\/v2\/posts"}],"about":[{"href":"https:\/\/us.edu.pl\/pracownik\/wp-json\/wp\/v2\/types\/post"}],"author":[{"embeddable":true,"href":"https:\/\/us.edu.pl\/pracownik\/wp-json\/wp\/v2\/users\/41"}],"replies":[{"embeddable":true,"href":"https:\/\/us.edu.pl\/pracownik\/wp-json\/wp\/v2\/comments?post=24118"}],"version-history":[{"count":5,"href":"https:\/\/us.edu.pl\/pracownik\/wp-json\/wp\/v2\/posts\/24118\/revisions"}],"predecessor-version":[{"id":24124,"href":"https:\/\/us.edu.pl\/pracownik\/wp-json\/wp\/v2\/posts\/24118\/revisions\/24124"}],"wp:attachment":[{"href":"https:\/\/us.edu.pl\/pracownik\/wp-json\/wp\/v2\/media?parent=24118"}],"wp:term":[{"taxonomy":"category","embeddable":true,"href":"https:\/\/us.edu.pl\/pracownik\/wp-json\/wp\/v2\/categories?post=24118"},{"taxonomy":"post_tag","embeddable":true,"href":"https:\/\/us.edu.pl\/pracownik\/wp-json\/wp\/v2\/tags?post=24118"}],"curies":[{"name":"wp","href":"https:\/\/api.w.org\/{rel}","templated":true}]}}