{"id":42156,"date":"2026-01-23T08:41:15","date_gmt":"2026-01-23T07:41:15","guid":{"rendered":"https:\/\/us.edu.pl\/pracownik\/?p=42156"},"modified":"2026-01-23T12:40:58","modified_gmt":"2026-01-23T11:40:58","slug":"nabor-do-udzialu-w-projekcie-wsparcie-uczelni-w-ograniczaniu-przedwczesnego-konczenia-nauki-przy-wykorzystaniu-danych-z-systemu-ela","status":"publish","type":"post","link":"https:\/\/us.edu.pl\/pracownik\/2026\/01\/23\/nabor-do-udzialu-w-projekcie-wsparcie-uczelni-w-ograniczaniu-przedwczesnego-konczenia-nauki-przy-wykorzystaniu-danych-z-systemu-ela\/","title":{"rendered":"Nab\u00f3r do udzia\u0142u w projekcie \u201eWsparcie uczelni w ograniczaniu przedwczesnego ko\u0144czenia nauki przy wykorzystaniu danych z systemu ELA\u201d"},"content":{"rendered":"<p>[vc_row][vc_column]\r\n                <div class=\"text-modules\">\r\n                    <div class=\"container\">\r\n                        \r\n                        <div class=\"text-modules__content\"><p>Uniwersytet \u015al\u0105ski w Katowicach og\u0142asza nab\u00f3r przedstawicieli kadry akademickiej oraz pracownik\u00f3w administracji do udzia\u0142u w projekcie <strong>\u201eWsparcie uczelni w ograniczaniu przedwczesnego ko\u0144czenia nauki przy wykorzystaniu danych z systemu ELA\u201d.<\/strong><\/p>\n<p>Celem naboru jest wy\u0142onienie\u00a0<strong>22 os\u00f3b<\/strong>:<\/p>\n<ul>\n<li><strong>18 nauczycieli akademickich<\/strong> (w tym 2 trener\u00f3w regionalnych i 16 lokalnych);<\/li>\n<li><strong>4 pracownik\u00f3w administracji<\/strong>\u00a0(trenerzy lokalni).<\/li>\n<\/ul>\n<p>Je\u017celi chcesz wzi\u0105\u0107 udzia\u0142 w projekcie:<\/p>\n<p>Zapoznaj si\u0119 z regulaminem oraz kryteriami.<br \/>\nPrzygotuj formularz zg\u0142oszeniowy na wzorze stanowi\u0105cym\u00a0<strong>za\u0142\u0105cznik nr 3\u00a0<\/strong>(nauczyciele akademiccy) lub\u00a0<strong>za\u0142\u0105cznik nr 2<\/strong>\u00a0(pracownicy administracyjni).<br \/>\nPrze\u015blij formularz na adres\u00a0<a href=\"mailto:urszula.miemiec@us.edu.pl\">urszula.miemiec@us.edu.pl<\/a>\u00a0w terminie do <strong>28 stycznia 2026 r.<\/strong><\/p>\n<p>Wi\u0119cej informacji o projekcie znajdziesz\u00a0tutaj.<\/p>\n<p>Dokumenty:<\/p>\n<ol>\n<li><a href=\"https:\/\/us.edu.pl\/wp-content\/uploads\/Bez-kategorii\/regulamin_konkursu_ELA.pdf\" class=\"mtli_attachment mtli_pdf\" class=\"mtli_attachment mtli_pdf\">Regulamin_konkursu_ELA(PDF, 139 KB)<\/a><\/li>\n<li><a href=\"https:\/\/us.edu.pl\/wp-content\/uploads\/2026\/01\/zalacznik_1_KRYTERIA.pdf\" class=\"mtli_attachment mtli_pdf\" class=\"mtli_attachment mtli_pdf\">Za\u0142\u0105cznik nr_1_KRYTERIA(PDF, 137 KB)<\/a><\/li>\n<li><a href=\"https:\/\/us.edu.pl\/wp-content\/uploads\/2026\/01\/zalacznik_2_administracja_rekrutacja.docx\" class=\"mtli_attachment mtli_docx\" class=\"mtli_attachment mtli_docx\">Za\u0142\u0105cznik_nr 2_REKRUTACJA \u2013 administracja(DOCX, 174 KB)<\/a><\/li>\n<li><a href=\"https:\/\/us.edu.pl\/wp-content\/uploads\/2026\/01\/zalacznik_3_NA_rekrutacja.docx\" class=\"mtli_attachment mtli_docx\" class=\"mtli_attachment mtli_docx\">za\u0142\u0105cznik_nr 3_REKRUTACJA \u2013 NA(DOCX, 173 KB)<\/a><\/li>\n<li><a href=\"https:\/\/us.edu.pl\/wp-content\/uploads\/2026\/01\/zalacznik_4_ELA_RODO.pdf\" class=\"mtli_attachment mtli_pdf\" class=\"mtli_attachment mtli_pdf\">za\u0142\u0105cznik_4_ELA_RODO(PDF, 154 KB)<\/a><\/li>\n<\/ol>\n<p>\n<\/div>\r\n                    <\/div>\r\n                <\/div>[\/vc_column][\/vc_row]<\/p>","protected":false},"excerpt":{"rendered":"<p>[vc_row][vc_column][\/vc_column][\/vc_row] [&#8230;]<\/p>\n<p><a class=\"btn btn-secondary understrap-read-more-link\" href=\"https:\/\/us.edu.pl\/pracownik\/2026\/01\/23\/nabor-do-udzialu-w-projekcie-wsparcie-uczelni-w-ograniczaniu-przedwczesnego-konczenia-nauki-przy-wykorzystaniu-danych-z-systemu-ela\/\">Read More&#8230;<\/a><\/p>\n","protected":false},"author":2887,"featured_media":0,"comment_status":"closed","ping_status":"open","sticky":false,"template":"","format":"standard","meta":{"_expiration-date-status":"","_expiration-date":0,"_expiration-date-type":"","_expiration-date-categories":[],"_expiration-date-options":[]},"categories":[19,57,26,32],"tags":[],"acf":[],"_links":{"self":[{"href":"https:\/\/us.edu.pl\/pracownik\/wp-json\/wp\/v2\/posts\/42156"}],"collection":[{"href":"https:\/\/us.edu.pl\/pracownik\/wp-json\/wp\/v2\/posts"}],"about":[{"href":"https:\/\/us.edu.pl\/pracownik\/wp-json\/wp\/v2\/types\/post"}],"author":[{"embeddable":true,"href":"https:\/\/us.edu.pl\/pracownik\/wp-json\/wp\/v2\/users\/2887"}],"replies":[{"embeddable":true,"href":"https:\/\/us.edu.pl\/pracownik\/wp-json\/wp\/v2\/comments?post=42156"}],"version-history":[{"count":5,"href":"https:\/\/us.edu.pl\/pracownik\/wp-json\/wp\/v2\/posts\/42156\/revisions"}],"predecessor-version":[{"id":42161,"href":"https:\/\/us.edu.pl\/pracownik\/wp-json\/wp\/v2\/posts\/42156\/revisions\/42161"}],"wp:attachment":[{"href":"https:\/\/us.edu.pl\/pracownik\/wp-json\/wp\/v2\/media?parent=42156"}],"wp:term":[{"taxonomy":"category","embeddable":true,"href":"https:\/\/us.edu.pl\/pracownik\/wp-json\/wp\/v2\/categories?post=42156"},{"taxonomy":"post_tag","embeddable":true,"href":"https:\/\/us.edu.pl\/pracownik\/wp-json\/wp\/v2\/tags?post=42156"}],"curies":[{"name":"wp","href":"https:\/\/api.w.org\/{rel}","templated":true}]}}