{"id":42678,"date":"2026-04-08T17:02:25","date_gmt":"2026-04-08T15:02:25","guid":{"rendered":"https:\/\/us.edu.pl\/pracownik\/?p=42678"},"modified":"2026-04-10T13:22:58","modified_gmt":"2026-04-10T11:22:58","slug":"webinar-molestowanie-seksualne-w-miejscu-pracy-rozumienie-zjawiska-i-strategie-reagowania","status":"publish","type":"post","link":"https:\/\/us.edu.pl\/pracownik\/2026\/04\/08\/webinar-molestowanie-seksualne-w-miejscu-pracy-rozumienie-zjawiska-i-strategie-reagowania\/","title":{"rendered":"Webinar | Molestowanie seksualne w miejscu pracy \u2013 rozumienie zjawiska i strategie reagowania"},"content":{"rendered":"<p>[vc_row][vc_column][\/vc_column][\/vc_row][vc_row][vc_column width=&#8221;2\/3&#8243;]\r\n                <div class=\"text-modules\">\r\n                    <div class=\"container\">\r\n                        \r\n                        <div class=\"text-modules__content\"><\/p>\n<table style=\"border-collapse: collapse; width: 100%; height: 135px;\">\n<tbody>\n<tr style=\"height: 78px;\">\n<td style=\"width: 279.5px; height: 35px;\"><strong>Planowana data wydarzenia\u00a0<\/strong><\/td>\n<td style=\"width: 279.5px; height: 35px;\">10. kwietnia 2026 (pi\u0105tek)<\/td>\n<\/tr>\n<tr style=\"height: 18px;\">\n<td style=\"width: 279.5px; height: 18px;\"><strong>Forma i miejsce szkolenia<\/strong><\/td>\n<td style=\"width: 279.5px; height: 18px;\">online na platformie Microsoft Teams<\/td>\n<\/tr>\n<tr style=\"height: 18px;\">\n<td style=\"width: 279.5px; height: 18px;\"><strong>Godziny<\/strong><\/td>\n<td style=\"width: 279.5px; height: 18px;\">9:00-10:00<\/td>\n<\/tr>\n<tr style=\"height: 18px;\">\n<td style=\"width: 279.5px; height: 18px;\"><strong>Uczestnicy szkolenia<\/strong><\/td>\n<td style=\"width: 279.5px; height: 18px;\">wszyscy pracownicy U\u015a<\/td>\n<\/tr>\n<tr style=\"height: 18px;\">\n<td style=\"width: 279.5px; height: 18px;\"><strong>Kategoria tematyczna<\/strong><\/td>\n<td style=\"width: 279.5px; height: 18px;\">szkolenia, warsztaty<\/td>\n<\/tr>\n<tr style=\"height: 28px;\">\n<td style=\"width: 279.5px; height: 28px;\"><strong>Maksymalna liczba uczestnik\u00f3w w grupie<\/strong><\/td>\n<td style=\"width: 279.5px; height: 28px;\">bez limitu miejsc<\/td>\n<\/tr>\n<\/tbody>\n<\/table>\n<p>&nbsp;<\/p>\n<p><strong>Lokalizacja spotkania:<\/strong><\/p>\n<ul>\n<li><strong>platforma Microsoft Teams<\/strong>, link do spotkania: <a href=\"https:\/\/teams.microsoft.com\/meet\/35445943263986?p=yzDbhYnlppJTfKpFH6\">Webinar: Molestowanie seksualne w miejscu pracy \u2013 rozumienie zjawiska i strategie reagowania | Do\u0142\u0105czanie do spotkania | Microsoft Teams<\/a><\/li>\n<\/ul>\n<p><strong>Osoba prowadz\u0105ca webinar:\u00a0<\/strong><\/p>\n<ul>\n<li><strong>dr Dagna Kocur, prof. U\u015a<\/strong>, <a href=\"https:\/\/us.edu.pl\/uczelnia\/rowne-traktowanie\/przeciwdzialanie-molestowaniu-seksualnemu\/\">Pe\u0142nomocniczka Rektora ds. przeciwdzia\u0142ania molestowaniu seksualnemu<\/a>, Zast\u0119pczyni Dyrektora Instytutu Psychologii WNS U\u015a<\/li>\n<\/ul>\n<p>\n<\/div>\r\n                    <\/div>\r\n                <\/div>[\/vc_column][vc_column width=&#8221;1\/3&#8243;]\r\n                <div class=\"text-modules\">\r\n                    <div class=\"container\">\r\n                        \r\n                        <div class=\"text-modules__content\"><\/p>\n<p><img class=\" wp-image-42680\" src=\"https:\/\/us.edu.pl\/pracownik\/wp-content\/uploads\/sites\/2\/Bez-kategorii\/Dagna-Kocur_fot-Julia-Agnieszka-Szymala-640x640-1.webp\" alt=\"\" width=\"309\" height=\"309\" srcset=\"https:\/\/us.edu.pl\/pracownik\/wp-content\/uploads\/sites\/2\/Bez-kategorii\/Dagna-Kocur_fot-Julia-Agnieszka-Szymala-640x640-1.webp 640w, https:\/\/us.edu.pl\/pracownik\/wp-content\/uploads\/sites\/2\/Bez-kategorii\/Dagna-Kocur_fot-Julia-Agnieszka-Szymala-640x640-1-150x150.webp 150w, https:\/\/us.edu.pl\/pracownik\/wp-content\/uploads\/sites\/2\/Bez-kategorii\/Dagna-Kocur_fot-Julia-Agnieszka-Szymala-640x640-1-575x575.webp 575w\" sizes=\"(max-width: 309px) 100vw, 309px\" \/><\/p>\n<p><em>dr Dagna Kocur, prof. U\u015a<\/em><\/p>\n<\/div>\r\n                    <\/div>\r\n                <\/div>[\/vc_column][\/vc_row][vc_row disable_element=&#8221;yes&#8221;][vc_column]\r\n                <div class=\"text-modules \">\r\n                    <div class=\"container\">\r\n                         \r\n                        <div class=\"row m-0\">\r\n                            <div class=\"text-modules__content\">\r\n                                <\/p>\n<table style=\"border-collapse: collapse; width: 100%; height: 135px;\">\n<tbody>\n<tr style=\"height: 78px;\">\n<td style=\"width: 279.5px; height: 35px;\"><strong>Planowana data wydarzenia\u00a0<\/strong><\/td>\n<td style=\"width: 279.5px; height: 35px;\">10. kwietnia 2026 (pi\u0105tek)<\/td>\n<\/tr>\n<tr style=\"height: 18px;\">\n<td style=\"width: 279.5px; height: 18px;\"><strong>Forma i miejsce szkolenia<\/strong><\/td>\n<td style=\"width: 279.5px; height: 18px;\">online na platformie Microsoft Teams<\/td>\n<\/tr>\n<tr style=\"height: 18px;\">\n<td style=\"width: 279.5px; height: 18px;\"><strong>Godziny<\/strong><\/td>\n<td style=\"width: 279.5px; height: 18px;\">9:00-10:00<\/td>\n<\/tr>\n<tr style=\"height: 18px;\">\n<td style=\"width: 279.5px; height: 18px;\"><strong>Uczestnicy szkolenia<\/strong><\/td>\n<td style=\"width: 279.5px; height: 18px;\">wszyscy pracownicy U\u015a<\/td>\n<\/tr>\n<tr style=\"height: 18px;\">\n<td style=\"width: 279.5px; height: 18px;\"><strong>Kategoria tematyczna<\/strong><\/td>\n<td style=\"width: 279.5px; height: 18px;\">szkolenia, warsztaty<\/td>\n<\/tr>\n<tr style=\"height: 28px;\">\n<td style=\"width: 279.5px; height: 28px;\"><strong>Maksymalna liczba uczestnik\u00f3w w grupie<\/strong><\/td>\n<td style=\"width: 279.5px; height: 28px;\">bez limitu miejsc<\/td>\n<\/tr>\n<\/tbody>\n<\/table>\n<p>&nbsp;<\/p>\n<p><strong>Lokalizacja spotkania:<\/strong><\/p>\n<ul>\n<li><strong>platforma Microsoft Teams<\/strong>, link do spotkania: <a href=\"https:\/\/teams.microsoft.com\/meet\/35445943263986?p=yzDbhYnlppJTfKpFH6\">Webinar: Molestowanie seksualne w miejscu pracy \u2013 rozumienie zjawiska i strategie reagowania | Do\u0142\u0105czanie do spotkania | Microsoft Teams<\/a><\/li>\n<\/ul>\n<p><strong>Osoba prowadz\u0105ca webinar:\u00a0<\/strong><\/p>\n<ul>\n<li><strong>dr Dagna Kocur, prof. U\u015a<\/strong>, <a href=\"https:\/\/us.edu.pl\/uczelnia\/rowne-traktowanie\/przeciwdzialanie-molestowaniu-seksualnemu\/\">Pe\u0142nomocniczka Rektora ds. przeciwdzia\u0142ania molestowaniu seksualnemu<\/a>, Zast\u0119pczyni Dyrektora Instytutu Psychologii WNS U\u015a<\/li>\n<\/ul>\n<div class=\"mt-3\"><\/div>\r\n                            <\/div>\r\n                            \r\n                            <div class=\"text-modules__img\"><img src=\"https:\/\/us.edu.pl\/pracownik\/wp-content\/uploads\/sites\/2\/pracownik\/Szkolenia\/Obraz-copilot-zapobieganie-molestowaniu.png\" alt=\"img\"><\/div>\r\n                        <\/div>\r\n                    <\/div>\r\n                <\/div>[\/vc_column][\/vc_row][vc_row][vc_column]<div class=\"container\"><div class=\"separator\" style=\"background-color: #EBEBEB\"><\/div><\/div>[\/vc_column][\/vc_row][vc_row][vc_column]\r\n                <div class=\"text-modules \">\r\n                    <div class=\"container\">\r\n                         <h3 class=\"subtitle text-modules__subtitle\">Informacje dotycz\u0105ce webinaru<\/h3>\r\n                        <div class=\"row m-0\">\r\n                            <div class=\"text-modules__content\">\r\n                                Webinar po\u015bwi\u0119cony b\u0119dzie problemowi molestowania seksualnego w miejscu pracy. Molestowanie seksualne to nieakceptowane zachowanie o charakterze seksualnym \u2013 fizyczne, werbalne lub niewerbalne \u2013 kt\u00f3re narusza godno\u015b\u0107 osoby nim dotkni\u0119tej lub prowadzi do jej poni\u017cenia.<\/p>\n<p>Podczas webinaru om\u00f3wione zostan\u0105 rodzaje molestowania seksualnego, skala problemu oraz jego konsekwencje dla funkcjonowania zawodowego i zdrowia psychicznego. Uczestnicy poznaj\u0105 tak\u017ce sposoby zapobiegania takim sytuacjom oraz w\u0142a\u015bciwego reagowania.<\/p>\n<p>Podczas webinaru przekazane zostan\u0105 r\u00f3wnie\u017c informacje o nowo uruchomionym kursie e-learningowym dla os\u00f3b pracuj\u0105cych pt. <a href=\"https:\/\/logowanie.us.edu.pl\/cas\/login?service=https%3A%2F%2Fel.us.edu.pl%2Fsw%2Flogin%2Findex.php%3FauthCASattras%3DCASattras\">\u201ePrzeciwdzia\u0142anie molestowaniu seksualnemu w szkolnictwie wy\u017cszym\u201d<\/a> (kurs wymaga logowania). \r\n                                <div class=\"mt-3\"><\/div>\r\n                            <\/div>\r\n                            \r\n                            \r\n                        <\/div>\r\n                    <\/div>\r\n                <\/div>[\/vc_column][\/vc_row][vc_column][\/vc_column]<\/p>","protected":false},"excerpt":{"rendered":"<p>[vc_row][vc_column][\/vc_column][\/vc_row][vc_row][vc_column width=&#8221;2\/3&#8243;][\/vc_column][vc_column width=&#8221;1\/3&#8243;][\/vc_column][\/vc_row][vc_row disable_element=&#8221;yes&#8221;][vc_column][\/vc_column][\/vc_row][vc_row][vc_column][\/vc_column][\/vc_row][vc_row][vc_column][\/vc_column][\/vc_row][vc_column][\/vc_column] [&#8230;]<\/p>\n<p><a class=\"btn btn-secondary understrap-read-more-link\" href=\"https:\/\/us.edu.pl\/pracownik\/2026\/04\/08\/webinar-molestowanie-seksualne-w-miejscu-pracy-rozumienie-zjawiska-i-strategie-reagowania\/\">Read More&#8230;<\/a><\/p>\n","protected":false},"author":7260,"featured_media":42710,"comment_status":"closed","ping_status":"open","sticky":false,"template":"","format":"standard","meta":{"_expiration-date-status":"","_expiration-date":0,"_expiration-date-type":"","_expiration-date-categories":[],"_expiration-date-options":[]},"categories":[1],"tags":[],"acf":[],"_links":{"self":[{"href":"https:\/\/us.edu.pl\/pracownik\/wp-json\/wp\/v2\/posts\/42678"}],"collection":[{"href":"https:\/\/us.edu.pl\/pracownik\/wp-json\/wp\/v2\/posts"}],"about":[{"href":"https:\/\/us.edu.pl\/pracownik\/wp-json\/wp\/v2\/types\/post"}],"author":[{"embeddable":true,"href":"https:\/\/us.edu.pl\/pracownik\/wp-json\/wp\/v2\/users\/7260"}],"replies":[{"embeddable":true,"href":"https:\/\/us.edu.pl\/pracownik\/wp-json\/wp\/v2\/comments?post=42678"}],"version-history":[{"count":10,"href":"https:\/\/us.edu.pl\/pracownik\/wp-json\/wp\/v2\/posts\/42678\/revisions"}],"predecessor-version":[{"id":42702,"href":"https:\/\/us.edu.pl\/pracownik\/wp-json\/wp\/v2\/posts\/42678\/revisions\/42702"}],"wp:featuredmedia":[{"embeddable":true,"href":"https:\/\/us.edu.pl\/pracownik\/wp-json\/wp\/v2\/media\/42710"}],"wp:attachment":[{"href":"https:\/\/us.edu.pl\/pracownik\/wp-json\/wp\/v2\/media?parent=42678"}],"wp:term":[{"taxonomy":"category","embeddable":true,"href":"https:\/\/us.edu.pl\/pracownik\/wp-json\/wp\/v2\/categories?post=42678"},{"taxonomy":"post_tag","embeddable":true,"href":"https:\/\/us.edu.pl\/pracownik\/wp-json\/wp\/v2\/tags?post=42678"}],"curies":[{"name":"wp","href":"https:\/\/api.w.org\/{rel}","templated":true}]}}