{"id":42914,"date":"2026-04-15T08:50:17","date_gmt":"2026-04-15T06:50:17","guid":{"rendered":"https:\/\/us.edu.pl\/pracownik\/?p=42914"},"modified":"2026-06-19T13:41:01","modified_gmt":"2026-06-19T11:41:01","slug":"komunikat-wnioski-o-dofinansowanie-swiadczenia-z-zfss-grusza-karp-2026-r","status":"publish","type":"post","link":"https:\/\/us.edu.pl\/pracownik\/2026\/04\/15\/komunikat-wnioski-o-dofinansowanie-swiadczenia-z-zfss-grusza-karp-2026-r\/","title":{"rendered":"Komunikat | wnioski o przyznanie \u015bwiadcze\u0144 z ZF\u015aS (tzw. grusza, karp) | 2026 r."},"content":{"rendered":"<p>[vc_row][vc_column][\/vc_column][\/vc_row][vc_row][vc_column width=&#8221;2\/3&#8243;]\r\n                <div class=\"text-modules \">\r\n                    <div class=\"container\">\r\n                         <h3 class=\"subtitle text-modules__subtitle\">INFORMACJA<\/h3>\r\n                        <div class=\"row m-0\">\r\n                            <div class=\"text-modules__content\">\r\n                                od <strong>15 kwietnia 2026 r<\/strong>. <strong>do 15 pa\u017adziernika 2026 r<\/strong>. trwa okres zbierania wniosk\u00f3w na \u015bwiadczenia socjalne w ramach Zak\u0142adowego Funduszu \u015awiadcze\u0144 Socjalnych (ZF\u015aS) obejmuj\u0105cego dofinansowania dla uprawnionych pracownik\u00f3w (oraz by\u0142ych pracownik\u00f3w) i ich dzieci:<\/p>\n<ul>\n<li>do wczas\u00f3w, wypoczynku, oboz\u00f3w, kolonii (\u015bwiadczenie wczasowo-wypoczynkowe, tzw. grusza),<\/li>\n<li>z tytu\u0142u zapomogi socjalnej na zwi\u0119kszone wydatki w okresie zimowym (tzw. karp).<\/li>\n<\/ul>\n<div class=\"mt-3\"><a href=\"https:\/\/us.edu.pl\/pracownik\/2026\/04\/16\/message-applications-for-co-financing-from-the-university-social-benefits-fund-2026\/?ppwp=1\" class=\"link-button mr-3 \">Message | Applications for co-financing from the University Social Benefits Fund | 2026<\/a><\/div>\r\n                            <\/div>\r\n                            \r\n                            \r\n                        <\/div>\r\n                    <\/div>\r\n                <\/div>[\/vc_column][vc_column width=&#8221;1\/3&#8243;]\r\n                <div class=\"text-modules \">\r\n                    <div class=\"container\">\r\n                         <h3 class=\"subtitle text-modules__subtitle\">kontakt<\/h3>\r\n                        <div class=\"row m-0\">\r\n                            <div class=\"text-modules__content\">\r\n                                Centrum Spraw Pracowniczych<br \/>\n<strong>Biuro Spraw Socjalnych<br \/>\n<\/strong>ul. Bankowa 14, Katowice,<br \/>\npok. 422 (pawilon D)<br \/>\ntel.: 32\/359 1515<br \/>\ne-mail: <a href=\"bss@us.edu.pl\" target=\"_blank\" rel=\"noopener\">bss@us.edu.pl<\/a> \r\n                                <div class=\"mt-3\"><\/div>\r\n                            <\/div>\r\n                            \r\n                            \r\n                        <\/div>\r\n                    <\/div>\r\n                <\/div>[\/vc_column][\/vc_row][vc_row][vc_column width=&#8221;2\/3&#8243;]<div class=\"container\"><div class=\"separator\" style=\"background-color: #002E5A\"><\/div><\/div>[\/vc_column][vc_column width=&#8221;1\/3&#8243;]<div class=\"container\"><div class=\"separator\" style=\"background-color: #002E5A\"><\/div><\/div>[\/vc_column][\/vc_row][vc_row][vc_column width=&#8221;2\/3&#8243;]\r\n                <div class=\"text-modules \">\r\n                    <div class=\"container\">\r\n                         <h3 class=\"subtitle text-modules__subtitle\">sk\u0142adanie wniosk\u00f3w<\/h3>\r\n                        <div class=\"row m-0\">\r\n                            <div class=\"text-modules__content\">\r\n                                <strong>W tym roku uruchomiony b\u0119dzie jeden wsp\u00f3lny wniosek w ramach ww. \u015bwiadcze\u0144.<\/strong><\/p>\n<p>Informacje potrzebne do prawid\u0142owego z\u0142o\u017cenia wniosku s\u0105 dost\u0119pne:<\/p>\n<ul>\n<li><strong>w systemie e-wniosek <\/strong>&#8211; po otwarciu ikonki <strong><img class=\"alignnone wp-image-42945\" src=\"https:\/\/us.edu.pl\/pracownik\/wp-content\/uploads\/sites\/2\/pracownik\/Ikony-graficzne\/grafika-i.jpg\" alt=\"\" width=\"30\" height=\"33\" \/><\/strong><\/li>\n<\/ul>\n<ul>\n<li><strong>w druku wniosku papierowego <\/strong>&#8211; informacje znajduj\u0105 si\u0119 w tre\u015bci wniosku<\/li>\n<li>w Regulaminie ZF\u015aS.<\/li>\n<\/ul>\n<p>Informacje te dotycz\u0105 m.in. dostarczenia pracownikowi Biura Spraw Socjalnych (BSS) (je\u015bli dotyczy):<\/p>\n<ul>\n<li>do wgl\u0105du legitymacji,<\/li>\n<li>orygina\u0142u faktury (w przypadku kolonii, oboz\u00f3w dla dzieci pracownik\u00f3w),<\/li>\n<li>do wgl\u0105du za\u015bwiadczenia o niepe\u0142nosprawno\u015bci (dotyczy dziecka niepe\u0142nosprawnego, kt\u00f3re uko\u0144czy\u0142o 18. rok \u017cycia).<\/li>\n<\/ul>\n<div class=\"mt-3\"><a href=\"https:\/\/us.edu.pl\/pracownik\/wp-content\/uploads\/sites\/2\/druki-wnioskow-sprawy-socjale\/2026-wniosek-Pracownik-Grusza_karp.pdf\" class=\"mtli_attachment mtli_pdf\" data-mtli=\"mtli_filesize361,66kB\" class=\"link-button mr-3 \">PRACOWNIK | wniosek o \u015bwiadczenie socjalne w ramach ZF\u015aS: wczasowo-wypoczynkowe (tzw. grusza), kolonie, obozy oraz zapomoga (tzw. karp)<\/a><a href=\"https:\/\/us.edu.pl\/pracownik\/wp-content\/uploads\/sites\/2\/druki-wnioskow-sprawy-socjale\/2026-wniosek-Pracownik-Grusza_karp.docx\" class=\"mtli_attachment mtli_docx\" data-mtli=\"mtli_filesize60,04kB\" class=\"link-button mr-3 \">PRACOWNIK | wniosek o \u015bwiadczenie socjalne w ramach ZF\u015aS: wczasowo-wypoczynkowe (tzw. grusza), kolonie, obozy oraz zapomoga (tzw. karp)<\/a><\/div>\r\n                            <\/div>\r\n                            \r\n                            \r\n                        <\/div>\r\n                    <\/div>\r\n                <\/div><div class=\"container\"><div class=\"separator\" style=\"background-color: #002E5A\"><\/div><\/div>\r\n                <div class=\"text-modules \">\r\n                    <div class=\"container\">\r\n                         \r\n                        <div class=\"row m-0\">\r\n                            <div class=\"text-modules__content\">\r\n                                 \r\n                                <div class=\"mt-3\"><a href=\"https:\/\/us.edu.pl\/pracownik\/wp-content\/uploads\/sites\/2\/druki-wnioskow-sprawy-socjale\/Emeryt-Grusza_karp2.pdf\" class=\"mtli_attachment mtli_pdf\" data-mtli=\"mtli_filesize314,73kB\" class=\"link-button mr-3 \">EMERYT_RENCISTA | wniosek o \u015bwiadczenie socjalne w ramach ZF\u015aS: wczasowo-wypoczynkowe (tzw. grusza), kolonie, obozy oraz zapomoga (tzw. karp)<\/a><a href=\"https:\/\/us.edu.pl\/pracownik\/wp-content\/uploads\/sites\/2\/druki-wnioskow-sprawy-socjale\/Emeryt-Grusza_karp2.docx\" class=\"mtli_attachment mtli_docx\" data-mtli=\"mtli_filesize56,87kB\" class=\"link-button mr-3 \">EMERYT_RENCISTA | wniosek o \u015bwiadczenie socjalne w ramach ZF\u015aS: wczasowo-wypoczynkowe (tzw. grusza), kolonie, obozy oraz zapomoga (tzw. karp)<\/a><\/div>\r\n                            <\/div>\r\n                            \r\n                            \r\n                        <\/div>\r\n                    <\/div>\r\n                <\/div>[\/vc_column][vc_column width=&#8221;1\/3&#8243;]\r\n                <div class=\"text-modules \">\r\n                    <div class=\"container\">\r\n                         <h3 class=\"subtitle text-modules__subtitle\">system e-wniosk\u00f3w<\/h3>\r\n                        <div class=\"row m-0\">\r\n                            <div class=\"text-modules__content\">\r\n                                Uruchomieniu systemu e-wniosk\u00f3w upraszcza z\u0142o\u017cenie wniosku w ramach ZF\u015aS. System zostaje uruchomiony po raz pierwszy. W razie uwag prosimy o informacj\u0119 na <a href=\"mailto:bss@us.edu.pl\">bss@us.edu.pl<\/a>. \r\n                                <div class=\"mt-3\"><a href=\"https:\/\/edoc.us.edu.pl\/\" class=\"link-button mr-3 \">PRACOWNIK | system e-Doc | e-wnioski<\/a><\/div>\r\n                            <\/div>\r\n                            \r\n                            \r\n                        <\/div>\r\n                    <\/div>\r\n                <\/div><div class=\"container\"><div class=\"separator\" style=\"background-color: #002E5A\"><\/div><\/div>\r\n                <div class=\"text-modules \">\r\n                    <div class=\"container\">\r\n                         <h3 class=\"subtitle text-modules__subtitle\">EMERYT_RENCISTA | system e-wniosk\u00f3w<\/h3>\r\n                        <div class=\"row m-0\">\r\n                            <div class=\"text-modules__content\">\r\n                                System b\u0119dzie aktywny wkr\u00f3tce. Przepraszamy za niedogodno\u015bci. \r\n                                <div class=\"mt-3\"><\/div>\r\n                            <\/div>\r\n                            \r\n                            \r\n                        <\/div>\r\n                    <\/div>\r\n                <\/div>[\/vc_column][\/vc_row][vc_row][vc_column width=&#8221;2\/3&#8243;]<div class=\"container\"><div class=\"separator\" style=\"background-color: #002E5A\"><\/div><\/div>[\/vc_column][vc_column width=&#8221;1\/3&#8243;]<div class=\"container\"><div class=\"separator\" style=\"background-color: #002E5A\"><\/div><\/div>[\/vc_column][\/vc_row][vc_row][vc_column width=&#8221;2\/3&#8243;]\r\n                <div class=\"text-modules \">\r\n                    <div class=\"container\">\r\n                         <h3 class=\"subtitle text-modules__subtitle\">WARUNKI KONIECZNE<\/h3>\r\n                        <div class=\"row m-0\">\r\n                            <div class=\"text-modules__content\">\r\n                                <span style=\"font-size: 18pt;\">do uzyskania \u015bwiadczenia wczasowo-wypoczynkowego (tzw. grusza)<\/span><\/p>\n<ul>\n<li>z\u0142o\u017cenie <strong>wniosku<\/strong> przez osob\u0119 uprawnion\u0105 do \u015bwiadcze\u0144 (e-wniosek lub wniosek papierowy)<\/li>\n<li>z\u0142o\u017cenie przez osob\u0119 uprawnion\u0105 w Dziale Spraw Osobowych (DSO) <strong>karty urlopowej<\/strong> potwierdzaj\u0105cej wymagany okres urlopu (d\u0142ugo\u015b\u0107 urlopu nie mo\u017ce by\u0107 kr\u00f3tsza ni\u017c 14 kolejnych dni kalendarzowych):\n<ul>\n<li><strong><em>pracownik NNA <\/em><\/strong>sk\u0142ada kart\u0119 urlopow\u0105 podpisan\u0105 przez bezpo\u015bredniego prze\u0142o\u017conego;<\/li>\n<li><strong><em>pracownik NA<\/em><\/strong> wskazuje we wniosku terminu wykorzystania urlopu obj\u0119tego planem urlop\u00f3w w jednostce organizacyjnej, w kt\u00f3rej jest zatrudniony.<\/li>\n<\/ul>\n<\/li>\n<\/ul>\n<p><u>Uwaga! <\/u>Emeryt\u00f3w i rencist\u00f3w (by\u0142ych pracownik\u00f3w Uniwersytetu \u015al\u0105skiego) nie dotyczy wskazanie terminu urlopu i z\u0142o\u017cenie karty urlopowej.<\/p>\n<ul>\n<li>w przypadku starania si\u0119 o dofinansowanie <strong>wypoczynku dzieci<\/strong>, uprawniony powinien (je\u015bli dotyczy):\n<ul>\n<li>przed\u0142o\u017cy\u0107 do wgl\u0105du legitymacj\u0119 szkoln\u0105\/studenck\u0105 (dotyczy dziecka, kt\u00f3re uko\u0144czy\u0142o 18. rok \u017cycia),<\/li>\n<li>przed\u0142o\u017cy\u0107 do wgl\u0105du orzeczenie o znacznym stopniu niepe\u0142nosprawno\u015bci dziecka,<\/li>\n<li>z\u0142o\u017cy\u0107 wraz z wnioskiem orygina\u0142y faktur potwierdzaj\u0105ce poniesione koszty za wypoczynek dziecka (dot. kolonii, oboz\u00f3w, zimowisk, wypoczynku zorganizowanego)<\/li>\n<\/ul>\n<\/li>\n<\/ul>\n<div class=\"mt-3\"><\/div>\r\n                            <\/div>\r\n                            \r\n                            \r\n                        <\/div>\r\n                    <\/div>\r\n                <\/div>[\/vc_column][vc_column width=&#8221;1\/3&#8243;]\r\n                <div class=\"text-modules \">\r\n                    <div class=\"container\">\r\n                         <h3 class=\"subtitle text-modules__subtitle\">ZASADY PRZYZNAWANIA<\/h3>\r\n                        <div class=\"row m-0\">\r\n                            <div class=\"text-modules__content\">\r\n                                <span style=\"font-size: 18pt;\">\u015bwiadczenia z tytu\u0142u zapomogi socjalnej na zwi\u0119kszone wydatki w okresie zimowym (tzw. karp)<\/span><\/p>\n<p>Z uwagi na wprowadzenie jednego wniosku na \u015bwiadczenia socjalne (tzw. grusza i karp), wnioski o <strong>zapomog\u0119 socjaln\u0105 na zwi\u0119kszone wydatki w okresie zimowym (tzw. karp)<\/strong> nale\u017cy z\u0142o\u017cy\u0107 w terminie od 15.04.2026 do 15.10.2026 r., tj. razem ze \u015bwiadczeniem wczasowo-wypoczynkowym (tzw. grusz\u0105)<\/p>\n<p>&nbsp;<\/p>\n<p><strong>Wyp\u0142ata zapomogi socjalnej na zwi\u0119kszone wydatki w okresie zimowym (tzw. karp) jest uzale\u017cniona od \u015brodk\u00f3w finansowych Funduszu i mo\u017ce by\u0107 realizowana w miesi\u0105cach listopad-grudzie\u0144 2026 r.<\/strong> \r\n                                <div class=\"mt-3\"><\/div>\r\n                            <\/div>\r\n                            \r\n                            \r\n                        <\/div>\r\n                    <\/div>\r\n                <\/div>[\/vc_column][\/vc_row][vc_row][vc_column width=&#8221;2\/3&#8243;]<div class=\"container\"><div class=\"separator\" style=\"background-color: #002E5A\"><\/div><\/div>[\/vc_column][vc_column width=&#8221;1\/3&#8243;]<div class=\"container\"><div class=\"separator\" style=\"background-color: #002E5A\"><\/div><\/div>[\/vc_column][\/vc_row][vc_row][vc_column width=&#8221;2\/3&#8243;]\r\n                <div class=\"text-modules \">\r\n                    <div class=\"container\">\r\n                         <h3 class=\"subtitle text-modules__subtitle\">PR\u00d3G PRZYCHOD\u00d3W<\/h3>\r\n                        <div class=\"row m-0\">\r\n                            <div class=\"text-modules__content\">\r\n                                Uzyskany w poprzednim roku kalendarzowym \u015bredni miesi\u0119czny przych\u00f3d brutto przypadaj\u0105cy na jedn\u0105 osob\u0119 we wsp\u00f3lnym gospodarstwie domowym.<\/p>\n<p><strong>Wyliczenie progu przychod\u00f3w<\/strong><\/p>\n<p>Przych\u00f3d wylicza si\u0119 w oparciu o sum\u0119 wszystkich przychod\u00f3w (osi\u0105gni\u0119tych w poprzednim roku kalendarzowym) osoby uprawnionej, a tak\u017ce os\u00f3b pozostaj\u0105cych z ni\u0105 we wsp\u00f3lnym gospodarstwie domowym (tzn. zamieszkuj\u0105cych razem i wsp\u00f3lnie utrzymuj\u0105cych si\u0119).<\/p>\n<p>Przych\u00f3d dzieli si\u0119 przez liczb\u0119 <strong>12 miesi\u0119cy<\/strong> a nast\u0119pnie dzieli si\u0119 przez aktualn\u0105 liczb\u0119 wszystkich os\u00f3b pozostaj\u0105cych we wsp\u00f3lnym gospodarstwie domowym (aktualna liczba os\u00f3b w czasie sk\u0142adania wniosku).<\/p>\n<p>Maksymaln\u0105 wysoko\u015b\u0107 kwot \u015bwiadcze\u0144 (dofinansowa\u0144) dla uprawnionych: pracownik\u00f3w, by\u0142ych pracownik\u00f3w (emeryt\/rencista) oraz ich dzieci okre\u015bla <em><strong>Za\u0142\u0105cznik nr 1<\/strong><\/em> do Regulaminu ZF\u015aS. \r\n                                <div class=\"mt-3\"><a href=\"https:\/\/us.edu.pl\/pracownik\/wp-content\/uploads\/sites\/2\/pliki-dodatkowe\/sprawy-socjalne\/progi-przychodow-i-roczne-limity-dofinansowan.pdf\" class=\"mtli_attachment mtli_pdf\" data-mtli=\"mtli_filesize166,44kB\" class=\"link-button mr-3 \">Progi przychod\u00f3w i roczne limity dofinansowa\u0144 z ZF\u015aS (tzw. grusza)<\/a><a href=\"https:\/\/us.edu.pl\/pracownik\/wp-content\/uploads\/sites\/2\/druki-wnioskow-sprawy-socjale\/Zalacznik-nr-1-do-zarzadzenia-nr-49_2026.pdf\" class=\"mtli_attachment mtli_pdf\" data-mtli=\"mtli_filesize119,00kB\" class=\"link-button mr-3 \">Tabela rocznych limit\u00f3w dofinansowa\u0144 (za\u0142. 1)<\/a><a href=\"https:\/\/aktyprawne.us.edu.pl\/d\/9091\/5\/\" class=\"link-button mr-3 \">Regulamin Zak\u0142adowego Funduszu \u015awiadcze\u0144 Socjalnych U\u015a<\/a><\/div>\r\n                            <\/div>\r\n                            \r\n                            \r\n                        <\/div>\r\n                    <\/div>\r\n                <\/div>[\/vc_column][vc_column width=&#8221;1\/3&#8243;]\r\n                <div class=\"text-modules \">\r\n                    <div class=\"container\">\r\n                         <h3 class=\"subtitle text-modules__subtitle\">UPRAWNIENI<\/h3>\r\n                        <div class=\"row m-0\">\r\n                            <div class=\"text-modules__content\">\r\n                                <span style=\"font-size: 18pt;\">do \u015bwiadcze\u0144 (zgodnie z Regulaminem ZF\u015aS)<\/span><\/p>\n<ul>\n<li><strong>pracownicy <\/strong>Uniwersytetu \u015al\u0105skiego (zatrudnieni na umow\u0119 o prac\u0119, niezale\u017cnie od wymiaru zatrudnienia, <span style=\"font-size: 10pt;\">w tym pracownicy przebywaj\u0105cy na urlopie macierzy\u0144skim, rodzicielskim, wychowawczym, bezp\u0142atnym, dla poratowania zdrowia, \u015bwiadczeniu rehabilitacyjnym &#8211; z tym, \u017ce do tych os\u00f3b nie stosuje si\u0119 12 ust.1 pkt. 1 Regulaminu ZF\u015aS);<\/span><\/li>\n<li><strong>byli pracownicy<\/strong> Uniwersytetu, kt\u00f3rzy po uko\u0144czeniu zatrudnienia w Uniwersytecie przeszli na emerytur\u0119 lub rent\u0119 (dalej jako \u201eemeryci\/renci\u015bci \u2013 byli pracownicy\u201d);<\/li>\n<li><strong>dzieci <\/strong>w\u0142asne, przysposobione\u00a0lub\u00a0przyj\u0119te na wychowanie w ramach rodziny zast\u0119pczej, pozostaj\u0105ce na wychowaniu i utrzymaniu\u00a0pracownika b\u0105d\u017a by\u0142ego pracownika Uniwersytetu (emeryta\/rencisty)<\/li>\n<\/ul>\n<div class=\"mt-3\"><\/div>\r\n                            <\/div>\r\n                            \r\n                            \r\n                        <\/div>\r\n                    <\/div>\r\n                <\/div>[\/vc_column][\/vc_row][vc_row][vc_column width=&#8221;2\/3&#8243;]<div class=\"container\"><div class=\"separator\" style=\"background-color: #002E5A\"><\/div><\/div>[\/vc_column][vc_column width=&#8221;1\/3&#8243;]<div class=\"container\"><div class=\"separator\" style=\"background-color: #002E5A\"><\/div><\/div>[\/vc_column][\/vc_row]<\/p>\n<style type=\"text\/css\">a[data-mtli~=\"mtli_filesize361,66kB\"]:after {content:\" (361,66 kB)\"}a[data-mtli~=\"mtli_filesize60,04kB\"]:after {content:\" (60,04 kB)\"}a[data-mtli~=\"mtli_filesize314,73kB\"]:after {content:\" (314,73 kB)\"}a[data-mtli~=\"mtli_filesize56,87kB\"]:after {content:\" (56,87 kB)\"}a[data-mtli~=\"mtli_filesize166,44kB\"]:after {content:\" (166,44 kB)\"}a[data-mtli~=\"mtli_filesize119,00kB\"]:after {content:\" (119,00 kB)\"}<\/style>","protected":false},"excerpt":{"rendered":"<p>[vc_row][vc_column][\/vc_column][\/vc_row][vc_row][vc_column width=&#8221;2\/3&#8243;][\/vc_column][vc_column width=&#8221;1\/3&#8243;][\/vc_column][\/vc_row][vc_row][vc_column width=&#8221;2\/3&#8243;][\/vc_column][vc_column width=&#8221;1\/3&#8243;][\/vc_column][\/vc_row][vc_row][vc_column width=&#8221;2\/3&#8243;][\/vc_column][vc_column width=&#8221;1\/3&#8243;][\/vc_column][\/vc_row][vc_row][vc_column width=&#8221;2\/3&#8243;][\/vc_column][vc_column width=&#8221;1\/3&#8243;][\/vc_column][\/vc_row][vc_row][vc_column width=&#8221;2\/3&#8243;][\/vc_column][vc_column width=&#8221;1\/3&#8243;][\/vc_column][\/vc_row][vc_row][vc_column width=&#8221;2\/3&#8243;][\/vc_column][vc_column width=&#8221;1\/3&#8243;][\/vc_column][\/vc_row][vc_row][vc_column width=&#8221;2\/3&#8243;][\/vc_column][vc_column width=&#8221;1\/3&#8243;][\/vc_column][\/vc_row][vc_row][vc_column width=&#8221;2\/3&#8243;][\/vc_column][vc_column width=&#8221;1\/3&#8243;][\/vc_column][\/vc_row] [&#8230;]<\/p>\n<p><a class=\"btn btn-secondary understrap-read-more-link\" href=\"https:\/\/us.edu.pl\/pracownik\/2026\/04\/15\/komunikat-wnioski-o-dofinansowanie-swiadczenia-z-zfss-grusza-karp-2026-r\/\">Read More&#8230;<\/a><\/p>\n","protected":false},"author":41,"featured_media":3455,"comment_status":"closed","ping_status":"open","sticky":false,"template":"","format":"standard","meta":{"_expiration-date-status":"","_expiration-date":0,"_expiration-date-type":"","_expiration-date-categories":[],"_expiration-date-options":[]},"categories":[57,101,429],"tags":[],"acf":[],"_links":{"self":[{"href":"https:\/\/us.edu.pl\/pracownik\/wp-json\/wp\/v2\/posts\/42914"}],"collection":[{"href":"https:\/\/us.edu.pl\/pracownik\/wp-json\/wp\/v2\/posts"}],"about":[{"href":"https:\/\/us.edu.pl\/pracownik\/wp-json\/wp\/v2\/types\/post"}],"author":[{"embeddable":true,"href":"https:\/\/us.edu.pl\/pracownik\/wp-json\/wp\/v2\/users\/41"}],"replies":[{"embeddable":true,"href":"https:\/\/us.edu.pl\/pracownik\/wp-json\/wp\/v2\/comments?post=42914"}],"version-history":[{"count":10,"href":"https:\/\/us.edu.pl\/pracownik\/wp-json\/wp\/v2\/posts\/42914\/revisions"}],"predecessor-version":[{"id":43969,"href":"https:\/\/us.edu.pl\/pracownik\/wp-json\/wp\/v2\/posts\/42914\/revisions\/43969"}],"wp:featuredmedia":[{"embeddable":true,"href":"https:\/\/us.edu.pl\/pracownik\/wp-json\/wp\/v2\/media\/3455"}],"wp:attachment":[{"href":"https:\/\/us.edu.pl\/pracownik\/wp-json\/wp\/v2\/media?parent=42914"}],"wp:term":[{"taxonomy":"category","embeddable":true,"href":"https:\/\/us.edu.pl\/pracownik\/wp-json\/wp\/v2\/categories?post=42914"},{"taxonomy":"post_tag","embeddable":true,"href":"https:\/\/us.edu.pl\/pracownik\/wp-json\/wp\/v2\/tags?post=42914"}],"curies":[{"name":"wp","href":"https:\/\/api.w.org\/{rel}","templated":true}]}}