{"id":43300,"date":"2026-04-23T10:03:21","date_gmt":"2026-04-23T08:03:21","guid":{"rendered":"https:\/\/us.edu.pl\/pracownik\/?p=43300"},"modified":"2026-04-24T12:36:53","modified_gmt":"2026-04-24T10:36:53","slug":"ncn-warsztaty-dla-pracownikow-administracyjnych-jednostek-naukowych","status":"publish","type":"post","link":"https:\/\/us.edu.pl\/pracownik\/2026\/04\/23\/ncn-warsztaty-dla-pracownikow-administracyjnych-jednostek-naukowych\/","title":{"rendered":"NCN | Warsztaty dla pracownik\u00f3w administracyjnych jednostek naukowych"},"content":{"rendered":"<p>[vc_row][vc_column][\/vc_column][\/vc_row][vc_row][vc_column]\r\n                <div class=\"text-modules \">\r\n                    <div class=\"container\">\r\n                         \r\n                        <div class=\"row m-0\">\r\n                            <div class=\"text-modules__content\">\r\n                                <\/p>\n<table style=\"border-collapse: collapse; width: 100%; height: 150px;\">\n<tbody>\n<tr style=\"height: 78px;\">\n<td style=\"width: 277.5px; height: 78px;\"><strong>Planowana data<\/strong><\/td>\n<td style=\"width: 277.5px; height: 78px;\">\n<ul>\n<li><strong>06.05.2026 (grupa I)<\/strong><\/li>\n<li><strong>07.05.2026 (grupa II)<\/strong><\/li>\n<\/ul>\n<\/td>\n<\/tr>\n<tr style=\"height: 18px;\">\n<td style=\"width: 277.5px; height: 18px;\"><strong>Forma i miejsce wydarzenia<\/strong><\/td>\n<td style=\"width: 277.5px; height: 18px;\">stacjonarnie<\/td>\n<\/tr>\n<tr style=\"height: 18px;\">\n<td style=\"width: 277.5px; height: 18px;\"><strong>Godziny<\/strong><\/td>\n<td style=\"width: 277.5px; height: 18px;\">\n<ul>\n<li>9:00 &#8211; 14:45 (06.05.2026)<\/li>\n<li>9:00 &#8211; 16:30 (07.05.2026)<\/li>\n<\/ul>\n<\/td>\n<\/tr>\n<tr style=\"height: 18px;\">\n<td style=\"width: 277.5px; height: 18px;\"><strong>Uczestnicy szkolenia<\/strong><\/td>\n<td style=\"width: 277.5px; height: 18px;\">kadra administracyjna jednostek naukowych<\/td>\n<\/tr>\n<tr style=\"height: 18px;\">\n<td style=\"width: 277.5px; height: 18px;\"><strong>Kategoria tematyczna<\/strong><\/td>\n<td style=\"width: 277.5px; height: 18px;\">szkolenia, warsztaty<\/td>\n<\/tr>\n<\/tbody>\n<\/table>\n<p>&nbsp;<\/p>\n<p><strong>Lokalizacja spotkania (warsztaty): <\/strong>Wydzia\u0142 Humanistyczny, Aula im. Ireneusza Opackiego, ul. Uniwersytecka 4, 40-007 Katowice,<\/p>\n<ul>\n<li>(06.05.2026, g. 9:00 &#8211; 14:30) gr. I<\/li>\n<li><strong><strong>(07.05.2026, g. 9:00 &#8211; 14:30) <\/strong><\/strong>gr. II<\/li>\n<\/ul>\n<p class=\"v1MsoNormal\"><strong>Warsztaty<\/strong> poprowadz\u0105 pracownicy NCN, kt\u00f3rzy na co dzie\u0144 zajmuj\u0105 si\u0119 obs\u0142ug\u0105 projekt\u00f3w badawczych oraz wsp\u00f3\u0142prac\u0105 z administracj\u0105 jednostek naukowych. Podczas spotkania om\u00f3wione zostan\u0105 kluczowe kwestie zwi\u0105zane z realizacj\u0105 grant\u00f3w, zaczynaj\u0105c od podpisania umowy po zako\u0144czenie projektu tj.\u00a0 aneksowanie, raportowanie, rozliczanie oraz analiza problem\u00f3w zg\u0142oszonych przez uczestnik\u00f3w.<\/p>\n<p class=\"v1MsoNormal\">Serdecznie zapraszamy <strong>pracownik\u00f3w administracyjnych jednostek naukowych wspieraj\u0105c\u0105 kierownik\u00f3w projekt\u00f3w w realizacji projekt\u00f3w finansowanych przez NCN\u00a0<\/strong>na wsp\u00f3lne poszerzenie wiedzy (ze strony formalnej\/administracyjnej) realizacji projektu oraz dzieleniem si\u0119 do\u015bwiadczeniem i pomys\u0142ami na spotykaj\u0105ce nas wyzwania.<\/p>\n<p>Zapisy na szkolenia nale\u017cy zg\u0142asza\u0107 mailowo na adres <strong>karolina.habdas@us.edu.pl<\/strong><\/p>\n<p><strong>Uwaga!<\/strong> obowi\u0105zuje limit miejsc (40 os\u00f3b w grupie) \r\n                                <div class=\"mt-3\"><a href=\"https:\/\/www.ncn.gov.pl\/o-ncn\/wydarzenia\/dni-ncn\/2026\" class=\"link-button mr-3 \">link do wydarzenia | Dni NCN 2026 na \u015al\u0105sku<\/a><\/div>\r\n                            <\/div>\r\n                            \r\n                            <div class=\"text-modules__img\"><img src=\"https:\/\/us.edu.pl\/pracownik\/wp-content\/uploads\/sites\/2\/pracownik\/wiadomosci\/ru-recovery-ministries-zAUFtGIWc0E-unsplash-600x450-1.jpg\" alt=\"img\"><\/div>\r\n                        <\/div>\r\n                    <\/div>\r\n                <\/div>[\/vc_column][\/vc_row][vc_row][vc_column]<div class=\"container\"><div class=\"separator\" style=\"background-color: #EBEBEB\"><\/div><\/div>[\/vc_column][\/vc_row][vc_row][vc_column]\r\n                <div class=\"text-modules \">\r\n                    <div class=\"container\">\r\n                         <h3 class=\"subtitle text-modules__subtitle\">Program warsztat\u00f3w (07.05.2026)<\/h3>\r\n                        <div class=\"row m-0\">\r\n                            <div class=\"text-modules__content\">\r\n                                <strong>9.00<\/strong> &#8211; Powitanie i informacje wprowadzaj\u0105ce<\/p>\n<p><strong>9.15<\/strong> &#8211; Wnioski<\/p>\n<p><strong>9.45<\/strong> &#8211; Umowy<\/p>\n<p><strong>10.15<\/strong> &#8211; Przerwa na kaw\u0119<\/p>\n<p><strong>10.45<\/strong> &#8211; Wynagrodzenia + stypendia<\/p>\n<p><strong>11.00<\/strong> &#8211; Zmiany w projektach<\/p>\n<p><strong>11.30<\/strong> &#8211; Raporty roczne<\/p>\n<p><strong>12.15<\/strong> \u2013 Obiad<\/p>\n<p><strong>13.00<\/strong> &#8211; Raporty ko\u0144cowe<\/p>\n<p><strong>13.30<\/strong> &#8211; Kontrola projektu w jednostce<\/p>\n<p><strong>14.00<\/strong> &#8211; Q&amp;A<\/p>\n<p><strong>14.30<\/strong> &#8211; Zako\u0144czenie<\/p>\n<p><strong>Lokalizacja:<\/strong> Aula Ireneusza Opackiego (B 0.39), Wydzia\u0142 Humanistyczny Uniwersytetu \u015al\u0105skiego, ul. Uniwersytecka 4, Katowice \r\n                                <div class=\"mt-3\"><\/div>\r\n                            <\/div>\r\n                            \r\n                            \r\n                        <\/div>\r\n                    <\/div>\r\n                <\/div>[\/vc_column][\/vc_row][vc_column][\/vc_column]<\/p>","protected":false},"excerpt":{"rendered":"<p>[vc_row][vc_column][\/vc_column][\/vc_row][vc_row][vc_column][\/vc_column][\/vc_row][vc_row][vc_column][\/vc_column][\/vc_row][vc_row][vc_column][\/vc_column][\/vc_row][vc_column][\/vc_column] [&#8230;]<\/p>\n<p><a class=\"btn btn-secondary understrap-read-more-link\" href=\"https:\/\/us.edu.pl\/pracownik\/2026\/04\/23\/ncn-warsztaty-dla-pracownikow-administracyjnych-jednostek-naukowych\/\">Read More&#8230;<\/a><\/p>\n","protected":false},"author":41,"featured_media":17604,"comment_status":"closed","ping_status":"open","sticky":false,"template":"","format":"standard","meta":{"_expiration-date-status":"","_expiration-date":0,"_expiration-date-type":"","_expiration-date-categories":[],"_expiration-date-options":[]},"categories":[428,16],"tags":[],"acf":[],"_links":{"self":[{"href":"https:\/\/us.edu.pl\/pracownik\/wp-json\/wp\/v2\/posts\/43300"}],"collection":[{"href":"https:\/\/us.edu.pl\/pracownik\/wp-json\/wp\/v2\/posts"}],"about":[{"href":"https:\/\/us.edu.pl\/pracownik\/wp-json\/wp\/v2\/types\/post"}],"author":[{"embeddable":true,"href":"https:\/\/us.edu.pl\/pracownik\/wp-json\/wp\/v2\/users\/41"}],"replies":[{"embeddable":true,"href":"https:\/\/us.edu.pl\/pracownik\/wp-json\/wp\/v2\/comments?post=43300"}],"version-history":[{"count":6,"href":"https:\/\/us.edu.pl\/pracownik\/wp-json\/wp\/v2\/posts\/43300\/revisions"}],"predecessor-version":[{"id":43327,"href":"https:\/\/us.edu.pl\/pracownik\/wp-json\/wp\/v2\/posts\/43300\/revisions\/43327"}],"wp:featuredmedia":[{"embeddable":true,"href":"https:\/\/us.edu.pl\/pracownik\/wp-json\/wp\/v2\/media\/17604"}],"wp:attachment":[{"href":"https:\/\/us.edu.pl\/pracownik\/wp-json\/wp\/v2\/media?parent=43300"}],"wp:term":[{"taxonomy":"category","embeddable":true,"href":"https:\/\/us.edu.pl\/pracownik\/wp-json\/wp\/v2\/categories?post=43300"},{"taxonomy":"post_tag","embeddable":true,"href":"https:\/\/us.edu.pl\/pracownik\/wp-json\/wp\/v2\/tags?post=43300"}],"curies":[{"name":"wp","href":"https:\/\/api.w.org\/{rel}","templated":true}]}}