{"id":43311,"date":"2026-04-23T21:00:43","date_gmt":"2026-04-23T19:00:43","guid":{"rendered":"https:\/\/us.edu.pl\/pracownik\/?p=43311"},"modified":"2026-04-23T21:17:32","modified_gmt":"2026-04-23T19:17:32","slug":"webinar-rzecznik-praw-i-wartosci-akademickich-i-jego-rola-w-procedurach-zglaszania-naruszen-w-uczelni","status":"publish","type":"post","link":"https:\/\/us.edu.pl\/pracownik\/2026\/04\/23\/webinar-rzecznik-praw-i-wartosci-akademickich-i-jego-rola-w-procedurach-zglaszania-naruszen-w-uczelni\/","title":{"rendered":"Webinar | Rzecznik praw i warto\u015bci akademickich i jego rola w procedurach zg\u0142aszania narusze\u0144 w uczelni"},"content":{"rendered":"","protected":false},"excerpt":{"rendered":"","protected":false},"author":7260,"featured_media":43313,"comment_status":"closed","ping_status":"open","sticky":false,"template":"","format":"standard","meta":{"_expiration-date-status":"","_expiration-date":0,"_expiration-date-type":"","_expiration-date-categories":[],"_expiration-date-options":[]},"categories":[1],"tags":[],"acf":[],"_links":{"self":[{"href":"https:\/\/us.edu.pl\/pracownik\/wp-json\/wp\/v2\/posts\/43311"}],"collection":[{"href":"https:\/\/us.edu.pl\/pracownik\/wp-json\/wp\/v2\/posts"}],"about":[{"href":"https:\/\/us.edu.pl\/pracownik\/wp-json\/wp\/v2\/types\/post"}],"author":[{"embeddable":true,"href":"https:\/\/us.edu.pl\/pracownik\/wp-json\/wp\/v2\/users\/7260"}],"replies":[{"embeddable":true,"href":"https:\/\/us.edu.pl\/pracownik\/wp-json\/wp\/v2\/comments?post=43311"}],"version-history":[{"count":6,"href":"https:\/\/us.edu.pl\/pracownik\/wp-json\/wp\/v2\/posts\/43311\/revisions"}],"predecessor-version":[{"id":43323,"href":"https:\/\/us.edu.pl\/pracownik\/wp-json\/wp\/v2\/posts\/43311\/revisions\/43323"}],"wp:featuredmedia":[{"embeddable":true,"href":"https:\/\/us.edu.pl\/pracownik\/wp-json\/wp\/v2\/media\/43313"}],"wp:attachment":[{"href":"https:\/\/us.edu.pl\/pracownik\/wp-json\/wp\/v2\/media?parent=43311"}],"wp:term":[{"taxonomy":"category","embeddable":true,"href":"https:\/\/us.edu.pl\/pracownik\/wp-json\/wp\/v2\/categories?post=43311"},{"taxonomy":"post_tag","embeddable":true,"href":"https:\/\/us.edu.pl\/pracownik\/wp-json\/wp\/v2\/tags?post=43311"}],"curies":[{"name":"wp","href":"https:\/\/api.w.org\/{rel}","templated":true}]}}