{"id":44272,"date":"2026-07-13T10:23:56","date_gmt":"2026-07-13T08:23:56","guid":{"rendered":"https:\/\/us.edu.pl\/pracownik\/?p=44272"},"modified":"2026-07-13T14:40:16","modified_gmt":"2026-07-13T12:40:16","slug":"komunikat-dni-wolne-a-urlop-wycieczki-dofinansowane-przez-zwiazki-zawodowe-ze-srodkow-zfss","status":"publish","type":"post","link":"https:\/\/us.edu.pl\/pracownik\/2026\/07\/13\/komunikat-dni-wolne-a-urlop-wycieczki-dofinansowane-przez-zwiazki-zawodowe-ze-srodkow-zfss\/","title":{"rendered":"Komunikat | URLOP \u2013 wycieczki organizowane przez Zwi\u0105zki Zawodowe"},"content":{"rendered":"<p>[vc_row][vc_column width=&#8221;1\/2&#8243;]\r\n                <div class=\"text-modules \">\r\n                    <div class=\"container\">\r\n                         \r\n                        <div class=\"row m-0\">\r\n                            <div class=\"text-modules__content\">\r\n                                W zwi\u0105zku z wycieczkami organizowanymi przez Zwi\u0105zki Zawodowe przypominamy, \u017ce zgodnie z <strong>\u00a7 18 Regulaminu<\/strong> Zak\u0142adowego Funduszu \u015awiadcze\u0144 Socjalnych dofinansowanie do dzia\u0142alno\u015bci kulturalno-rekreacyjno-turystycznej przys\u0142uguje pracownikom m.in. w przypadku wypoczynku organizowanego przez Zwi\u0105zki Zawodowe w formie wycieczek trwaj\u0105cych nie d\u0142u\u017cej ni\u017c 10 dni kalendarzowych.<\/p>\n<p>Je\u017celi wycieczka odbywa si\u0119 w terminie obejmuj\u0105cym dni, w kt\u00f3rych pracownik zgodnie z harmonogramem powinien \u015bwiadczy\u0107 prac\u0119, warunkiem otrzymania dofinansowania jest wykorzystanie na te dni urlopu wypoczynkowego i przed\u0142o\u017cenie karty urlopu w Dziale Spraw Osobowych. \r\n                                <div class=\"mt-3\"><\/div>\r\n                            <\/div>\r\n                            \r\n                            \r\n                        <\/div>\r\n                    <\/div>\r\n                <\/div>[\/vc_column][vc_column width=&#8221;1\/2&#8243;]\r\n                <div class=\"text-modules \">\r\n                    <div class=\"container\">\r\n                         <h3 class=\"subtitle text-modules__subtitle\">Przyk\u0142ad<\/h3>\r\n                        <div class=\"row m-0\">\r\n                            <div class=\"text-modules__content\">\r\n                                Pracownik uczestniczy\u0142 w wycieczce organizowanej przez Zwi\u0105zki Zawodowe w dniach 3\u20137 czerwca 2026 r. Je\u015bli 3 i 5 czerwca by\u0142y dla niego dniami pracy, powinien z\u0142o\u017cy\u0107 w Dziale Spraw Osobowych kart\u0119 urlopu wypoczynkowego obejmuj\u0105c\u0105 te dni.<\/p>\n<p><strong>Uwaga!<\/strong> Odpracowanie dni pracy przypadaj\u0105cych w czasie trwania wycieczki nie spe\u0142nia wymog\u00f3w okre\u015blonych w<strong> \u00a7 18 Regulaminu ZF\u015aS<\/strong>. Nawet je\u015bli pracownik odpracowa\u0142 te dni w innym terminie, nie b\u0119dzie uprawniony do otrzymania dofinansowania, poniewa\u017c warunek wykorzystania urlopu wypoczynkowego nie zosta\u0142 spe\u0142niony. \r\n                                <div class=\"mt-3\"><\/div>\r\n                            <\/div>\r\n                            \r\n                            \r\n                        <\/div>\r\n                    <\/div>\r\n                <\/div>[\/vc_column][\/vc_row]<\/p>","protected":false},"excerpt":{"rendered":"<p>[vc_row][vc_column width=&#8221;1\/2&#8243;][\/vc_column][vc_column width=&#8221;1\/2&#8243;][\/vc_column][\/vc_row] [&#8230;]<\/p>\n<p><a class=\"btn btn-secondary understrap-read-more-link\" href=\"https:\/\/us.edu.pl\/pracownik\/2026\/07\/13\/komunikat-dni-wolne-a-urlop-wycieczki-dofinansowane-przez-zwiazki-zawodowe-ze-srodkow-zfss\/\">Read More&#8230;<\/a><\/p>\n","protected":false},"author":41,"featured_media":13696,"comment_status":"closed","ping_status":"open","sticky":false,"template":"","format":"standard","meta":{"_expiration-date-status":"","_expiration-date":0,"_expiration-date-type":"","_expiration-date-categories":[],"_expiration-date-options":[]},"categories":[429],"tags":[],"acf":[],"_links":{"self":[{"href":"https:\/\/us.edu.pl\/pracownik\/wp-json\/wp\/v2\/posts\/44272"}],"collection":[{"href":"https:\/\/us.edu.pl\/pracownik\/wp-json\/wp\/v2\/posts"}],"about":[{"href":"https:\/\/us.edu.pl\/pracownik\/wp-json\/wp\/v2\/types\/post"}],"author":[{"embeddable":true,"href":"https:\/\/us.edu.pl\/pracownik\/wp-json\/wp\/v2\/users\/41"}],"replies":[{"embeddable":true,"href":"https:\/\/us.edu.pl\/pracownik\/wp-json\/wp\/v2\/comments?post=44272"}],"version-history":[{"count":3,"href":"https:\/\/us.edu.pl\/pracownik\/wp-json\/wp\/v2\/posts\/44272\/revisions"}],"predecessor-version":[{"id":44276,"href":"https:\/\/us.edu.pl\/pracownik\/wp-json\/wp\/v2\/posts\/44272\/revisions\/44276"}],"wp:featuredmedia":[{"embeddable":true,"href":"https:\/\/us.edu.pl\/pracownik\/wp-json\/wp\/v2\/media\/13696"}],"wp:attachment":[{"href":"https:\/\/us.edu.pl\/pracownik\/wp-json\/wp\/v2\/media?parent=44272"}],"wp:term":[{"taxonomy":"category","embeddable":true,"href":"https:\/\/us.edu.pl\/pracownik\/wp-json\/wp\/v2\/categories?post=44272"},{"taxonomy":"post_tag","embeddable":true,"href":"https:\/\/us.edu.pl\/pracownik\/wp-json\/wp\/v2\/tags?post=44272"}],"curies":[{"name":"wp","href":"https:\/\/api.w.org\/{rel}","templated":true}]}}