{"id":44452,"date":"2026-08-10T15:36:47","date_gmt":"2026-08-10T13:36:47","guid":{"rendered":"https:\/\/us.edu.pl\/pracownik\/?p=44452"},"modified":"2026-08-10T16:01:53","modified_gmt":"2026-08-10T14:01:53","slug":"rekrutacja-na-wyjazdy-w-ramach-programu-erasmus-dla-nauczycieli-akademickich","status":"publish","type":"post","link":"https:\/\/us.edu.pl\/pracownik\/2026\/08\/10\/rekrutacja-na-wyjazdy-w-ramach-programu-erasmus-dla-nauczycieli-akademickich\/","title":{"rendered":"Rekrutacja na wyjazdy w ramach programu Erasmus+ dla nauczycieli akademickich"},"content":{"rendered":"<p>[vc_row][vc_column width=&#8221;1\/2&#8243;]\r\n                <div class=\"text-modules\">\r\n                    <div class=\"container\">\r\n                        \r\n                        <div class=\"text-modules__content\"><p>Ruszy\u0142a rekrutacja na wyjazdy w ramach programu Erasmus+ dla nauczycieli akademickich!<\/p>\n<p>Rekrutacja dla pracownik\u00f3w nieb\u0119d\u0105cych nauczycielami akademickimi rozpocznie si\u0119 ju\u017c wkr\u00f3tce.<\/p>\n<p><span style=\"font-size: 14pt;\"><strong>Zasady uczestnictwa<\/strong><\/span><\/p>\n<p>Zapraszamy do odwiedzenia strony: <a href=\"https:\/\/erasmus.us.edu.pl\/wyjazdy-pracownikow\/\">https:\/\/erasmus.us.edu.pl\/wyjazdy-pracownikow\/<\/a><br \/>\nPracownicy Uniwersytetu \u015al\u0105skiego mog\u0105 realizowa\u0107 w ramach programu Erasmus+ wyjazdy zagraniczne do partnerskich uczelni przyjmuj\u0105cych (nauczyciele akademiccy \u2013 wyjazdy w celu przeprowadzenia zaj\u0119\u0107 dydaktycznych \u2013 mobilno\u015b\u0107 STA) lub instytucji przyjmuj\u0105cych, w tym partnerskich uczelni przyjmuj\u0105cych (wszyscy pracownicy \u2013 wyjazdy w celu uczestnictwa w szkoleniu \u2013 mobilno\u015b\u0107 STT).<\/p>\n<p>Wyjazdy w celu przeprowadzenia zaj\u0119\u0107 dydaktycznych (mobilno\u015b\u0107 STA) mo\u017cliwe s\u0105 wy\u0142\u0105cznie do uczelni przyjmuj\u0105cych, z kt\u00f3rymi zawarta zosta\u0142a umowa o wymianie edukacyjnej w ramach Programu Erasmus+ (Erasmus+ Inter-Institutional Agreement \u2013 IIA). Miejscami w poszczeg\u00f3lnych uczelniach przyjmuj\u0105cych dysponuj\u0105 poszczeg\u00f3lne wydzia\u0142y Uniwersytetu \u015al\u0105skiego, wed\u0142ug dziedzin edukacyjnych wskazanych w IIA. Pracownik mo\u017ce ubiega\u0107 si\u0119 o mobilno\u015b\u0107 STA wy\u0142\u0105cznie w ramach IIA pozostaj\u0105cej w dyspozycji w\u0142a\u015bciwego wydzia\u0142u i zgodnie ze szczeg\u00f3\u0142owymi zasadami okre\u015blonymi w tej umowie.<\/p>\n<p>W trakcie ca\u0142ego okresu realizacji projektu pracownik Uniwersytetu \u015al\u0105skiego mo\u017ce zrealizowa\u0107 maksymalnie 2 wyjazdy, w tym 1 wyjazd w celu uczestnictwa w szkoleniu (mobilno\u015b\u0107 STT). Minimalny okres pobytu i realizacji mobilno\u015bci wynosi 2 dni, bez uwzgl\u0119dnienia dni podr\u00f3\u017cy. Maksymalny okres finansowania mobilno\u015bci w projekcie 2026-1-PL01-KA131-HED-000438982 wynosi \u0142\u0105cznie 5 dni (uwzgl\u0119dniaj\u0105c dni pobytu i realizacji mobilno\u015bci potwierdzone przez uczelni\u0119 przyjmuj\u0105c\u0105 lub instytucj\u0119 przyjmuj\u0105c\u0105 w dokumencie confirmation of mobility oraz maksymalnie 2 dni na podr\u00f3\u017c).<\/p>\n<p>Podstaw\u0119 zakwalifikowania stanowi wype\u0142niony i zatwierdzony przez jednostk\u0119 macierzyst\u0105 pracownika program pobytu (program nauczania lub program szkolenia).<\/p>\n<\/div>\r\n                    <\/div>\r\n                <\/div>[\/vc_column][vc_column width=&#8221;1\/2&#8243;]\r\n                <div class=\"text-modules\">\r\n                    <div class=\"container\">\r\n                        \r\n                        <div class=\"text-modules__content\"><p><img class=\"alignnone size-medium wp-image-44457\" src=\"https:\/\/us.edu.pl\/pracownik\/wp-content\/uploads\/sites\/2\/Bez-kategorii\/Rekrutacja-erasmus-800x800.jpg\" alt=\"\" width=\"800\" height=\"800\" srcset=\"https:\/\/us.edu.pl\/pracownik\/wp-content\/uploads\/sites\/2\/Bez-kategorii\/Rekrutacja-erasmus-800x800.jpg 800w, https:\/\/us.edu.pl\/pracownik\/wp-content\/uploads\/sites\/2\/Bez-kategorii\/Rekrutacja-erasmus-1024x1024.jpg 1024w, https:\/\/us.edu.pl\/pracownik\/wp-content\/uploads\/sites\/2\/Bez-kategorii\/Rekrutacja-erasmus-150x150.jpg 150w, https:\/\/us.edu.pl\/pracownik\/wp-content\/uploads\/sites\/2\/Bez-kategorii\/Rekrutacja-erasmus-768x768.jpg 768w, https:\/\/us.edu.pl\/pracownik\/wp-content\/uploads\/sites\/2\/Bez-kategorii\/Rekrutacja-erasmus-1536x1536.jpg 1536w, https:\/\/us.edu.pl\/pracownik\/wp-content\/uploads\/sites\/2\/Bez-kategorii\/Rekrutacja-erasmus-575x575.jpg 575w, https:\/\/us.edu.pl\/pracownik\/wp-content\/uploads\/sites\/2\/Bez-kategorii\/Rekrutacja-erasmus.jpg 1663w\" sizes=\"(max-width: 800px) 100vw, 800px\" \/><\/p>\n<\/div>\r\n                    <\/div>\r\n                <\/div>[\/vc_column][\/vc_row][vc_row][vc_column]<div class=\"container\"><div class=\"separator\" style=\"background-color: #002E5A\"><\/div><\/div>\r\n                <div class=\"text-modules\">\r\n                    <div class=\"container\">\r\n                        \r\n                        <div class=\"text-modules__content\"><p><strong>Na etapie kwalifikacji skan zatwierdzonego przez jednostk\u0119 macierzyst\u0105 programu pobytu nale\u017cy przes\u0142a\u0107 poczt\u0105 elektroniczn\u0105 do Dzia\u0142u Mobilno\u015bci Mi\u0119dzynarodowej \u2013 Biura Wymiany Mi\u0119dzynarodowej, na adres:\u00a0<a href=\"mailto:erasmus@us.edu.pl\">erasmus@us.edu.pl<\/a>\u00a0w podanym ni\u017cej terminie:<\/strong><br \/>\nWyjazdy nauczycieli akademickich STA:<\/p>\n<ul>\n<li>do 15.08.2026<br \/>\ndla mobilno\u015bci, kt\u00f3rych rozpocz\u0119cie planowane jest w okresie:<br \/>\n1.09.2026 \u2013 15.10.2026<\/li>\n<\/ul>\n<ul>\n<li>do 31.08.2026<br \/>\ndla mobilno\u015bci, kt\u00f3rych rozpocz\u0119cie planowane jest w okresie:<br \/>\n16.10.2026 \u2013 15.11.2026<\/li>\n<\/ul>\n<ul>\n<li>do 30.09.2026<br \/>\ndla mobilno\u015bci, kt\u00f3rych rozpocz\u0119cie planowane jest w okresie:<br \/>\n16.11.2026 \u2013 31.12.2026<\/li>\n<\/ul>\n<ul>\n<li>do 15.11.2026<br \/>\ndla mobilno\u015bci, kt\u00f3rych rozpocz\u0119cie planowane jest w okresie:<br \/>\n1.01.2027 \u2013 31.03.2027<\/li>\n<\/ul>\n<ul>\n<li>do 15.02.2027<br \/>\ndla mobilno\u015bci, kt\u00f3rych rozpocz\u0119cie planowane jest w okresie:<br \/>\n1.04.2027 \u2013 30.09.2027<\/li>\n<\/ul>\n<p>ZAPRASZAMY!<\/p>\n<\/div>\r\n                    <\/div>\r\n                <\/div>[\/vc_column][\/vc_row]<\/p>","protected":false},"excerpt":{"rendered":"<p>[vc_row][vc_column width=&#8221;1\/2&#8243;][\/vc_column][vc_column width=&#8221;1\/2&#8243;][\/vc_column][\/vc_row][vc_row][vc_column][\/vc_column][\/vc_row] [&#8230;]<\/p>\n<p><a class=\"btn btn-secondary understrap-read-more-link\" href=\"https:\/\/us.edu.pl\/pracownik\/2026\/08\/10\/rekrutacja-na-wyjazdy-w-ramach-programu-erasmus-dla-nauczycieli-akademickich\/\">Read More&#8230;<\/a><\/p>\n","protected":false},"author":7260,"featured_media":44462,"comment_status":"closed","ping_status":"open","sticky":false,"template":"","format":"standard","meta":{"_expiration-date-status":"","_expiration-date":0,"_expiration-date-type":"","_expiration-date-categories":[],"_expiration-date-options":[]},"categories":[16],"tags":[],"acf":[],"_links":{"self":[{"href":"https:\/\/us.edu.pl\/pracownik\/wp-json\/wp\/v2\/posts\/44452"}],"collection":[{"href":"https:\/\/us.edu.pl\/pracownik\/wp-json\/wp\/v2\/posts"}],"about":[{"href":"https:\/\/us.edu.pl\/pracownik\/wp-json\/wp\/v2\/types\/post"}],"author":[{"embeddable":true,"href":"https:\/\/us.edu.pl\/pracownik\/wp-json\/wp\/v2\/users\/7260"}],"replies":[{"embeddable":true,"href":"https:\/\/us.edu.pl\/pracownik\/wp-json\/wp\/v2\/comments?post=44452"}],"version-history":[{"count":6,"href":"https:\/\/us.edu.pl\/pracownik\/wp-json\/wp\/v2\/posts\/44452\/revisions"}],"predecessor-version":[{"id":44461,"href":"https:\/\/us.edu.pl\/pracownik\/wp-json\/wp\/v2\/posts\/44452\/revisions\/44461"}],"wp:featuredmedia":[{"embeddable":true,"href":"https:\/\/us.edu.pl\/pracownik\/wp-json\/wp\/v2\/media\/44462"}],"wp:attachment":[{"href":"https:\/\/us.edu.pl\/pracownik\/wp-json\/wp\/v2\/media?parent=44452"}],"wp:term":[{"taxonomy":"category","embeddable":true,"href":"https:\/\/us.edu.pl\/pracownik\/wp-json\/wp\/v2\/categories?post=44452"},{"taxonomy":"post_tag","embeddable":true,"href":"https:\/\/us.edu.pl\/pracownik\/wp-json\/wp\/v2\/tags?post=44452"}],"curies":[{"name":"wp","href":"https:\/\/api.w.org\/{rel}","templated":true}]}}