{"id":44568,"date":"2026-09-03T16:05:29","date_gmt":"2026-09-03T14:05:29","guid":{"rendered":"https:\/\/us.edu.pl\/pracownik\/?p=44568"},"modified":"2026-09-04T11:32:24","modified_gmt":"2026-09-04T09:32:24","slug":"rekrutacja-do-udzialu-w-specjalistycznych-szkoleniach-z-wykorzystania-dronow","status":"publish","type":"post","link":"https:\/\/us.edu.pl\/pracownik\/2026\/09\/03\/rekrutacja-do-udzialu-w-specjalistycznych-szkoleniach-z-wykorzystania-dronow\/","title":{"rendered":"Rekrutacja do udzia\u0142u w Specjalistycznych szkoleniach z wykorzystania dron\u00f3w"},"content":{"rendered":"<p>[vc_row][vc_column]\r\n                <div class=\"text-modules \">\r\n                    <div class=\"container\">\r\n                         \r\n                        <div class=\"row m-0\">\r\n                            <div class=\"text-modules__content\">\r\n                                O\u015brodek szkoleniowy <strong>CamFLY<\/strong> zaprasza do udzia\u0142u w rekrutacji do projektu obejmuj\u0105cego <strong>specjalistyczne szkolenia z wykorzystania dron\u00f3w<\/strong>\u00a0w wybranych dziedzinach:<\/p>\n<ul>\n<li>fotografii i filmowaniu,<\/li>\n<li>po\u017carnictwie i ratownictwie,<\/li>\n<li>fotogrametrii,<\/li>\n<li>le\u015bnictwie i \u0142owiectwie,<\/li>\n<li>dzia\u0142aniach wojskowych,<\/li>\n<li>termowizji.<\/li>\n<\/ul>\n<p>Po uko\u0144czeniu szkolenia uczestnicy uzyskuj\u0105 europejskie uprawnienia STS-01.<\/p>\n<p>Szkolenie trwa 3 dni i odbywa si\u0119 stacjonarnie. Instruktorzy doje\u017cd\u017caj\u0105 do uczestnik\u00f3w, dzi\u0119ki czemu nie ma konieczno\u015bci organizowania wyjazdu do o\u015brodka szkoleniowego. Zaj\u0119cia mog\u0105 odbywa\u0107 si\u0119 zar\u00f3wno w dni robocze, jak i w weekendy.<\/p>\n<p><strong>Dofinansowanie<\/strong><br \/>\nSzkolenie jest dofinansowane w 95%, a wk\u0142ad w\u0142asny uczestnika wynosi 225 z\u0142. \r\n                                <div class=\"mt-3\"><\/div>\r\n                            <\/div>\r\n                            \r\n                            <div class=\"text-modules__img\"><img src=\"https:\/\/us.edu.pl\/pracownik\/wp-content\/uploads\/sites\/2\/pracownik\/wiadomosci\/grafika-dron.jpg\" alt=\"img\"><\/div>\r\n                        <\/div>\r\n                    <\/div>\r\n                <\/div>[\/vc_column][\/vc_row][vc_row][vc_column]<div class=\"container\"><div class=\"separator\" style=\"background-color: #002E5A\"><\/div><\/div>\r\n                <div class=\"text-modules\">\r\n                    <div class=\"container\">\r\n                        \r\n                        <div class=\"text-modules__content\"><p><strong>Kto mo\u017ce wzi\u0105\u0107 udzia\u0142?<\/strong><\/p>\n<p>Projekt skierowany jest do os\u00f3b, kt\u00f3re spe\u0142niaj\u0105 poni\u017csze kryteria:<\/p>\n<p>-s\u0105 pe\u0142noletnie,<\/p>\n<p>-nie prowadz\u0105 dzia\u0142alno\u015bci gospodarczej,<\/p>\n<p>-mieszkaj\u0105 lub pracuj\u0105 na terenie wojew\u00f3dztwa \u015bl\u0105skiego.<\/p>\n<p><strong>Najbli\u017csze terminy nabor\u00f3w:<\/strong><\/p>\n<p>-7\u201311 wrze\u015bnia<\/p>\n<p>-14\u201318 wrze\u015bnia<\/p>\n<p>-21\u201325 wrze\u015bnia<\/p>\n<p>-28 wrze\u015bnia\u20132 pa\u017adziernika<\/p>\n<p><strong>Wa\u017cne:<\/strong> obecnie prowadzona jest rekrutacja do projektu. Dok\u0142adny termin szkolenia zostanie ustalony po zako\u0144czeniu procesu rekrutacyjnego.<\/p>\n<p><strong>Jak si\u0119 zg\u0142osi\u0107?<\/strong><\/p>\n<p>Pierwszym krokiem jest wype\u0142nienie formularza zg\u0142oszeniowego. Po jego przes\u0142aniu organizator skontaktuje si\u0119 z uczestnikiem i przedstawi szczeg\u00f3\u0142owe informacje dotycz\u0105ce dalszego przebiegu rekrutacji.<\/p>\n<p>Osoby zainteresowane udzia\u0142em w projekcie zach\u0119camy do zapoznania si\u0119 ze szczeg\u00f3\u0142ami i wype\u0142nienia <a href=\"https:\/\/docs.google.com\/forms\/d\/e\/1FAIpQLSecdmGn4YgDg-7unBZapEoxAbBdViDJy4pjvynUyrBq_Je25A\/viewform\">formularza zg\u0142oszeniowego<\/a>.<\/p>\n<p>&nbsp;<\/p>\n<p>W razie pyta\u0144 zach\u0119camy do kontaktu z przedstawicielk\u0105 organizatora szkolenia:<\/p>\n<p class=\"xmsonormal\" style=\"background: white;\"><b><span style=\"font-size: 11.0pt; font-family: 'Verdana',sans-serif; color: black;\">Marlena M\u0142odzianowska &#8211; <\/span><\/b><span class=\"xspanwithbackgroundcolor\"><span style=\"font-size: 11.0pt; font-family: 'Verdana',sans-serif; color: black; background: white;\">specjalista ds. obs\u0142ugi klienta biznesowego<\/span><\/span><\/p>\n<p class=\"xmsonormal\" style=\"background: white;\"><span style=\"font-size: 11.0pt; font-family: 'Verdana',sans-serif; color: black;\">Tel: +48\u00a0723 759 339<\/span><\/p>\n<p class=\"xmsonormal\" style=\"background: white;\"><span style=\"font-size: 11.0pt; font-family: 'Verdana',sans-serif; color: black;\">Mail: <a title=\"mailto:dotacje@camfly.com.pl\" href=\"mailto:dotacje@camfly.com.pl\">dofinansowania@camfly.com.pl<\/a><\/span><\/p>\n<p class=\"xmsonormal\" style=\"background: white;\"><span style=\"font-size: 11.0pt; font-family: 'Verdana',sans-serif; color: black;\"><a title=\"http:\/\/www.camfly.com.pl\/\" href=\"http:\/\/www.camfly.com.pl\/\">www.camfly.com.pl<\/a><\/span><\/p>\n<p>\n<\/div>\r\n                    <\/div>\r\n                <\/div>[\/vc_column][\/vc_row]<\/p>","protected":false},"excerpt":{"rendered":"<p>[vc_row][vc_column][\/vc_column][\/vc_row][vc_row][vc_column][\/vc_column][\/vc_row] [&#8230;]<\/p>\n<p><a class=\"btn btn-secondary understrap-read-more-link\" href=\"https:\/\/us.edu.pl\/pracownik\/2026\/09\/03\/rekrutacja-do-udzialu-w-specjalistycznych-szkoleniach-z-wykorzystania-dronow\/\">Read More&#8230;<\/a><\/p>\n","protected":false},"author":7260,"featured_media":44570,"comment_status":"closed","ping_status":"open","sticky":false,"template":"","format":"standard","meta":{"_expiration-date-status":"","_expiration-date":0,"_expiration-date-type":"","_expiration-date-categories":[],"_expiration-date-options":[]},"categories":[16],"tags":[],"acf":[],"_links":{"self":[{"href":"https:\/\/us.edu.pl\/pracownik\/wp-json\/wp\/v2\/posts\/44568"}],"collection":[{"href":"https:\/\/us.edu.pl\/pracownik\/wp-json\/wp\/v2\/posts"}],"about":[{"href":"https:\/\/us.edu.pl\/pracownik\/wp-json\/wp\/v2\/types\/post"}],"author":[{"embeddable":true,"href":"https:\/\/us.edu.pl\/pracownik\/wp-json\/wp\/v2\/users\/7260"}],"replies":[{"embeddable":true,"href":"https:\/\/us.edu.pl\/pracownik\/wp-json\/wp\/v2\/comments?post=44568"}],"version-history":[{"count":7,"href":"https:\/\/us.edu.pl\/pracownik\/wp-json\/wp\/v2\/posts\/44568\/revisions"}],"predecessor-version":[{"id":44578,"href":"https:\/\/us.edu.pl\/pracownik\/wp-json\/wp\/v2\/posts\/44568\/revisions\/44578"}],"wp:featuredmedia":[{"embeddable":true,"href":"https:\/\/us.edu.pl\/pracownik\/wp-json\/wp\/v2\/media\/44570"}],"wp:attachment":[{"href":"https:\/\/us.edu.pl\/pracownik\/wp-json\/wp\/v2\/media?parent=44568"}],"wp:term":[{"taxonomy":"category","embeddable":true,"href":"https:\/\/us.edu.pl\/pracownik\/wp-json\/wp\/v2\/categories?post=44568"},{"taxonomy":"post_tag","embeddable":true,"href":"https:\/\/us.edu.pl\/pracownik\/wp-json\/wp\/v2\/tags?post=44568"}],"curies":[{"name":"wp","href":"https:\/\/api.w.org\/{rel}","templated":true}]}}