{"id":5999,"date":"2020-02-14T13:10:37","date_gmt":"2020-02-14T12:10:37","guid":{"rendered":"https:\/\/us.edu.pl\/pracownik\/?p=5999"},"modified":"2020-02-14T13:37:33","modified_gmt":"2020-02-14T12:37:33","slug":"dzien-z-narodowa-agencja-wymiany-akademickiej","status":"publish","type":"post","link":"https:\/\/us.edu.pl\/pracownik\/2020\/02\/14\/dzien-z-narodowa-agencja-wymiany-akademickiej\/","title":{"rendered":"Dzie\u0144 z Narodow\u0105 Agencj\u0105 Wymiany Akademickiej"},"content":{"rendered":"<p>[vc_row][vc_column][\/vc_column][\/vc_row][vc_row][vc_column]\r\n                <div class=\"text-modules\">\r\n                    <div class=\"container\">\r\n                        \r\n                        <div class=\"text-modules__content\"><p>Serdecznie zapraszamy na <strong>\u201eDzie\u0144 z Narodow\u0105 Agencj\u0105 Wymiany Akademickiej\u201d w Katowicach<\/strong>, kt\u00f3ry odb\u0119dzie si\u0119 <strong>3 marca 2020 <\/strong>roku na Wydziale Nauk Spo\u0142ecznych Uniwersytetu \u015al\u0105skiego w Katowicach.<\/p>\n<p>Spotkanie prowadzone b\u0119dzie przez przedstawicieli Narodowej Agencji Wymiany Akademickiej. G\u0142\u00f3wn\u0105 rol\u0105 NAWA jest wspieranie wymiany akademickiej i wsp\u00f3\u0142pracy mi\u0119dzynarodowej dla wzmocnienia potencja\u0142u polskiej nauki i szkolnictwa wy\u017cszego. Agencja jest odpowiedzialna za prowadzenie d\u0142ugofalowej polityki na rzecz wsparcia mobilno\u015bci akademickiej oraz projako\u015bciowego umi\u0119dzynarodowienia oferty polskich uczelni m.in. przez realizacj\u0119 program\u00f3w adresowanych do student\u00f3w i kadry naukowej, zar\u00f3wno z Polski jak i z zagranicy.<\/p>\n<p>&nbsp;<\/p>\n<p><u>Celem spotkania jest\u00a0 zaprezentowanie oferty programowej NAWA, w tym w szczeg\u00f3lno\u015bci<\/u>:<\/p>\n<p><em>Polskie Powroty<\/em>; <em>Program im. Ulama<\/em>; <em>Program im. Bekkera<\/em>; <em>Program im. Walczaka<\/em>; <em>Wsp\u00f3\u0142praca i wymiana mi\u0119dzynarodowa<\/em>; <em>Program PROM \u2013 Mi\u0119dzynarodowa wymiana stypendialna doktorant\u00f3w i kadry akademickiej<\/em>; <em>Akademickie Partnerstwa Mi\u0119dzynarodowe<\/em>; <em>Welcome to Poland<\/em>; <em>STER &#8211; Umi\u0119dzynarodowienie szk\u00f3\u0142 doktorskich<\/em>; <em>KATAMARAN &#8211; Realizacja wsp\u00f3lnych studi\u00f3w II stopni; <\/em>\u00a0<em>Promocja Zagraniczna; Targi mi\u0119dzynarodowe, Kampania Ready, Study, Go! Poland, szkolenia.<\/em><\/p>\n<p><strong><a href=\"https:\/\/us.edu.pl\/pracownik\/wp-content\/uploads\/sites\/2\/new-folder\/Program-Dzien-z-NAWA-2020.pdf\" class=\"mtli_attachment mtli_pdf\" data-mtli=\"mtli_filesize759,02kB\" class=\"mtli_attachment mtli_pdf\" data-mtli=\"mtli_filesize759,02kB\">Szczeg\u00f3\u0142owy program spotkania<\/a>\u00a0<\/strong><\/p>\n<p>&nbsp;<\/p>\n<p>Wszystkich zainteresowanych ofert\u0105 NAWA serdecznie zapraszamy do udzia\u0142y w wydarzeniu.<\/p>\n<p><u>Udzia\u0142 w spotkaniu jest mo\u017cliwy tylko dla zarejestrowanych uczestnik\u00f3w<\/u>, a liczba miejsc jest ograniczona. O mo\u017cliwo\u015bci uczestnictwa decyduje kolejno\u015b\u0107 zg\u0142osze\u0144. Szczeg\u00f3\u0142owe informacje dotycz\u0105ce sali, zostan\u0105 przes\u0142ane do zarejestrowanych os\u00f3b po zako\u0144czeniu przyjmowania zg\u0142osze\u0144.<\/p>\n<p>&nbsp;<\/p>\n<p><strong>Prosimy o dokonanie rejestracji pod adresem: <\/strong><\/p>\n<p><strong><a href=\"https:\/\/formularze.us.edu.pl\/site\/index\/330\">https:\/\/formularze.us.edu.pl\/site\/index\/330<\/a><\/strong><\/p>\n<p>W przypadku pyta\u0144 prosimy o kontakt z Biurem Ewaluacji i Obs\u0142ugi Instytut\u00f3w Wydzia\u0142u Nauk Spo\u0142ecznych pod nr <strong>tel. 32 359 18 16<\/strong> lub adresem e-mail: <a href=\"mailto:natalia.galica@us.edu.pl\">natalia.galica@us.edu.pl<\/a><\/p>\n<style type=\"text\/css\">a[data-mtli~=\"mtli_filesize759,02kB\"]:after {content:\" (759,02 kB)\"}<\/style><\/div>\r\n                    <\/div>\r\n                <\/div>[\/vc_column][\/vc_row]<\/p>\n<style type=\"text\/css\">a[data-mtli~=\"mtli_filesize759,02kB\"]:after {content:\" (759,02 kB)\"}<\/style>","protected":false},"excerpt":{"rendered":"<p>[vc_row][vc_column][\/vc_column][\/vc_row][vc_row][vc_column][\/vc_column][\/vc_row] [&#8230;]<\/p>\n<p><a class=\"btn btn-secondary understrap-read-more-link\" href=\"https:\/\/us.edu.pl\/pracownik\/2020\/02\/14\/dzien-z-narodowa-agencja-wymiany-akademickiej\/\">Read More&#8230;<\/a><\/p>\n","protected":false},"author":41,"featured_media":6005,"comment_status":"open","ping_status":"open","sticky":false,"template":"","format":"standard","meta":{"_expiration-date-status":"saved","_expiration-date":0,"_expiration-date-type":"","_expiration-date-categories":[],"_expiration-date-options":[]},"categories":[57,38],"tags":[],"acf":[],"_links":{"self":[{"href":"https:\/\/us.edu.pl\/pracownik\/wp-json\/wp\/v2\/posts\/5999"}],"collection":[{"href":"https:\/\/us.edu.pl\/pracownik\/wp-json\/wp\/v2\/posts"}],"about":[{"href":"https:\/\/us.edu.pl\/pracownik\/wp-json\/wp\/v2\/types\/post"}],"author":[{"embeddable":true,"href":"https:\/\/us.edu.pl\/pracownik\/wp-json\/wp\/v2\/users\/41"}],"replies":[{"embeddable":true,"href":"https:\/\/us.edu.pl\/pracownik\/wp-json\/wp\/v2\/comments?post=5999"}],"version-history":[{"count":3,"href":"https:\/\/us.edu.pl\/pracownik\/wp-json\/wp\/v2\/posts\/5999\/revisions"}],"predecessor-version":[{"id":6017,"href":"https:\/\/us.edu.pl\/pracownik\/wp-json\/wp\/v2\/posts\/5999\/revisions\/6017"}],"wp:featuredmedia":[{"embeddable":true,"href":"https:\/\/us.edu.pl\/pracownik\/wp-json\/wp\/v2\/media\/6005"}],"wp:attachment":[{"href":"https:\/\/us.edu.pl\/pracownik\/wp-json\/wp\/v2\/media?parent=5999"}],"wp:term":[{"taxonomy":"category","embeddable":true,"href":"https:\/\/us.edu.pl\/pracownik\/wp-json\/wp\/v2\/categories?post=5999"},{"taxonomy":"post_tag","embeddable":true,"href":"https:\/\/us.edu.pl\/pracownik\/wp-json\/wp\/v2\/tags?post=5999"}],"curies":[{"name":"wp","href":"https:\/\/api.w.org\/{rel}","templated":true}]}}