{"id":6691,"date":"2020-03-12T12:26:56","date_gmt":"2020-03-12T11:26:56","guid":{"rendered":"https:\/\/us.edu.pl\/pracownik\/?p=6691"},"modified":"2020-03-12T13:26:01","modified_gmt":"2020-03-12T12:26:01","slug":"dodatkowy-zasilek-opiekunczy-covid-19","status":"publish","type":"post","link":"https:\/\/us.edu.pl\/pracownik\/2020\/03\/12\/dodatkowy-zasilek-opiekunczy-covid-19\/","title":{"rendered":"Dodatkowy zasi\u0142ek opieku\u0144czy \u2013 COVID-19"},"content":{"rendered":"<p>[vc_row][vc_column]\r\n                <div class=\"text-modules\">\r\n                    <div class=\"container\">\r\n                        \r\n                        <div class=\"text-modules__content\"><\/p>\n<h3 style=\"text-align: center\"><strong>Wyja\u015bnienie dotycz\u0105ce wyp\u0142aty dodatkowego zasi\u0142ku opieku\u0144czego w sytuacji zagro\u017cenia koronawirusem<\/strong><\/h3>\n<p>W zwi\u0105zku z licznymi pytaniami dotycz\u0105cymi dodatkowego zasi\u0142ku opieku\u0144czego Dzia\u0142 P\u0142ac wyja\u015bnia:<\/p>\n<p>Dodatkowy zasi\u0142ek opieku\u0144czy zosta\u0142 okre\u015blony w art. 4 <a href=\"http:\/\/isap.sejm.gov.pl\/isap.nsf\/DocDetails.xsp?id=WDU20200000374\" target=\"_blank\" rel=\"noopener noreferrer\">ustawy z dnia 02 marca 2020 r. o szczeg\u00f3lnych rozwi\u0105zaniach zwi\u0105zanych z zapobieganiem, przeciwdzia\u0142aniem i zwalczaniem COVID-19, innych chor\u00f3b zaka\u017anych oraz wywo\u0142anych nimi sytuacji kryzysowych<\/a> (Dz. Ustaw z dnia 7 marca 2020,\u00a0 poz.374).<\/p>\n<\/div>\r\n                    <\/div>\r\n                <\/div>[\/vc_column][\/vc_row][vc_row][vc_column]\r\n                <div class=\"text-modules\">\r\n                    <div class=\"container\">\r\n                        \r\n                        <div class=\"text-modules__content\"><\/p>\n<h3><strong>Komu przys\u0142uguje dodatkowy zasi\u0142ek opieku\u0144czy?<\/strong><\/h3>\n<ol>\n<li>Dodatkowy zasi\u0142ek opieku\u0144czy przyznawany jest w trybie i na zasadach okre\u015blonych w ustawie z dnia 25 czerwca 1999 r. o \u015bwiadczeniach pieni\u0119\u017cnych z ubezpieczenia spo\u0142ecznego w razie choroby i macierzy\u0144stwa (Dz. U. z 2019 r. poz. 645 i 1590).<\/li>\n<li>Dodatkowy zasi\u0142ek opieku\u0144czy przys\u0142uguje rodzicom lub opiekunom prawnym dzieci, kt\u00f3rzy:\n<ol style=\"list-style-type: lower-alpha\">\n<li>opiekuj\u0105 si\u0119 dzieckiem poni\u017cej 8. roku \u017cycia,<\/li>\n<li>s\u0105 obj\u0119ci ubezpieczeniem chorobowym (np. s\u0105 pracownikami, zleceniobiorcami, osobami prowadz\u0105cymi dzia\u0142alno\u015b\u0107 pozarolnicz\u0105).<\/li>\n<\/ol>\n<\/li>\n<li>W przypadku zamkni\u0119cia \u017c\u0142obka, klubu dzieci\u0119cego, przedszkola lub szko\u0142y do kt\u00f3rych ucz\u0119szcza dziecko, z powodu COVID-19, ubezpieczonemu zwolnionemu od wykonywania pracy z powodu konieczno\u015bci osobistego sprawowania opieki nad dzieckiem, o kt\u00f3rym mowa w art. 32 ust. 1 pkt 1 ustawy z dnia 25 czerwca 1999 r. o \u015bwiadczeniach pieni\u0119\u017cnych z ubezpieczenia spo\u0142ecznego w razie choroby i macierzy\u0144stwa (Dz. U. z 2019 r. poz. 645 i 1590) przys\u0142uguje dodatkowy zasi\u0142ek opieku\u0144czy <strong>za okres nie d\u0142u\u017cszy ni\u017c 14 dni.<\/strong><\/li>\n<li>Okresu wyp\u0142aty dodatkowego zasi\u0142ku opieku\u0144czego (14 dni) <strong>nie wlicza si\u0119<\/strong> do og\u00f3lnego limitu 60 dni, kt\u00f3re przys\u0142uguj\u0105 na opiek\u0119 nad dzieckiem do lat 14.<\/li>\n<\/ol>\n<p>&nbsp;<\/p>\n<h3><strong>Jakie dokumenty nale\u017cy z\u0142o\u017cy\u0107, aby skorzysta\u0107 z dodatkowego zasi\u0142ku opieku\u0144czego?<\/strong><\/h3>\n<ol>\n<li>W celu skorzystania z dodatkowego zasi\u0142ku opieku\u0144czego wystarczy z\u0142o\u017cy\u0107 u swojego pracodawcy tylko i wy\u0142\u0105cznie o\u015bwiadczenie wg za\u0142\u0105czonego wzoru:<br \/>\n<a href=\"https:\/\/us.edu.pl\/pracownik\/wp-content\/uploads\/sites\/2\/pracownik\/komunikaty-sprawy-kadrowe\/komunikaty-og\u00f3lne\/O\u015aWIADCZENIE-dodatkowy-zasi\u0142ek-opieku\u0144czy.docx\" class=\"mtli_attachment mtli_docx\" data-mtli=\"mtli_filesize15,12kB\" class=\"mtli_attachment mtli_docx\" data-mtli=\"mtli_filesize15,12kB\">O\u015aWIADCZENIE o sprawowaniu opieki nad dzieckiem w wieku do 8 lat<\/a><\/li>\n<li>W przypadku braku z\u0142o\u017cenia o\u015bwiadczenia nie jest mo\u017cliwa wyp\u0142ata zasi\u0142ku opieku\u0144czego.<\/li>\n<li>O\u015bwiadczenie musi zosta\u0107 z\u0142o\u017cone w oryginale.<\/li>\n<li>Mo\u017cna dostarczy\u0107 je osobi\u015bcie do Dzia\u0142u P\u0142ac Uniwersytetu \u015al\u0105skiego lub przes\u0142a\u0107 droga pocztow\u0105 lub poczta wewn\u0119trzn\u0105 z Wydzia\u0142u.<\/li>\n<\/ol>\n<p>&nbsp;<\/p>\n<h3><strong>Warunki wyp\u0142aty zasi\u0142ku opieku\u0144czego<\/strong><\/h3>\n<ol>\n<li>Zasi\u0142ek opieku\u0144czy jest wyp\u0142acany za ka\u017cdy dzie\u0144 sprawowania opieki.<\/li>\n<li>Je\u017celi oboje rodzice dziecka pracuj\u0105, to o dodatkowy zasi\u0142ek opieku\u0144czy mo\u017ce wyst\u0105pi\u0107 tylko jedno z rodzic\u00f3w.Mog\u0105 te\u017c podzieli\u0107 si\u0119 opiek\u0105 nad dzieckiem w ramach limitu 14 dni.<\/li>\n<li><strong>Dodatkowy zasi\u0142ek opieku\u0144czy przys\u0142uguje rodzicom \u0142\u0105cznie przez 14 dni, niezale\u017cnie od liczby dzieci wymagaj\u0105cych opieki.<\/strong><\/li>\n<\/ol>\n<p>&nbsp;<\/p>\n<h3><strong>Dodatkowe uwagi<\/strong><\/h3>\n<ol>\n<li>Sk\u0142adaj\u0105c o\u015bwiadczenie, <strong>nie sk\u0142ada si\u0119 \u017cadnych innych dokument\u00f3w<\/strong>.<\/li>\n<li>Nie jest konieczne zwolnienie lekarskie, kt\u00f3re\u00a0 \u015bwiadczy o tym, \u017ce dziecko jest chore.<\/li>\n<li>Dodatkowy zasi\u0142ek opieku\u0144czy dotyczy opieki nad zdrowym dzieckiem do lat 8 \u2013 nie chorym.<\/li>\n<\/ol>\n<p>&nbsp;<\/p>\n<h3><strong>Infolinia ZUS<\/strong><\/h3>\n<ol>\n<li>Zak\u0142ad Ubezpiecze\u0144 Spo\u0142ecznych uruchomi\u0142 specjaln\u0105 infolini\u0119 z liniami dedykowanymi na temat:\n<ol style=\"list-style-type: lower-alpha\">\n<li><strong>ulgi i umorzenia dla p\u0142atnik\u00f3w sk\u0142adek<\/strong>: gdzie b\u0119d\u0105 mogli uzyska\u0107 informacje m.in. dotycz\u0105ce ulg w sp\u0142acie nale\u017cno\u015bci, umorze\u0144, roz\u0142o\u017cenia nale\u017cno\u015bci z tytu\u0142u sk\u0142adek na raty, zawieszenia dzia\u0142alno\u015bci gospodarczej,<\/li>\n<li><strong>\u201ekoronawirus \u2013 zasi\u0142ki\u201d<\/strong> \u2013 infolinia dotycz\u0105ca zasi\u0142ku opieku\u0144czego dla opiekun\u00f3w \u00a0oraz zasi\u0142ku chorobowego w zwi\u0105zku z COVID-19, w tym z powodu poddania si\u0119 kwarantannie lub izolacji. Nr infolinii: 22 560 16 00.<\/li>\n<\/ol>\n<\/li>\n<li>Informacje dotycz\u0105ce dodatkowego zasi\u0142ku opieku\u0144czego, obowi\u0105zuj\u0105cego wzoru o\u015bwiadczenia , dost\u0119pne s\u0105 r\u00f3wnie\u017c na stronie ZUS: <a href=\"https:\/\/www.zus.pl\/\" target=\"_blank\" rel=\"noopener noreferrer\">www.zus.pl<\/a>.<\/li>\n<\/ol>\n<p>\n<style type=\"text\/css\">a[data-mtli~=\"mtli_filesize15,12kB\"]:after {content:\" (15,12 kB)\"}<\/style><\/div>\r\n                    <\/div>\r\n                <\/div>[\/vc_column][\/vc_row]<\/p>\n<style type=\"text\/css\">a[data-mtli~=\"mtli_filesize15,12kB\"]:after {content:\" (15,12 kB)\"}<\/style>","protected":false},"excerpt":{"rendered":"<p>[vc_row][vc_column][\/vc_column][\/vc_row][vc_row][vc_column][\/vc_column][\/vc_row] [&#8230;]<\/p>\n<p><a class=\"btn btn-secondary understrap-read-more-link\" href=\"https:\/\/us.edu.pl\/pracownik\/2020\/03\/12\/dodatkowy-zasilek-opiekunczy-covid-19\/\">Read More&#8230;<\/a><\/p>\n","protected":false},"author":41,"featured_media":6681,"comment_status":"open","ping_status":"open","sticky":false,"template":"","format":"standard","meta":{"_expiration-date-status":"saved","_expiration-date":0,"_expiration-date-type":"","_expiration-date-categories":[],"_expiration-date-options":[]},"categories":[19,26],"tags":[],"acf":[],"_links":{"self":[{"href":"https:\/\/us.edu.pl\/pracownik\/wp-json\/wp\/v2\/posts\/6691"}],"collection":[{"href":"https:\/\/us.edu.pl\/pracownik\/wp-json\/wp\/v2\/posts"}],"about":[{"href":"https:\/\/us.edu.pl\/pracownik\/wp-json\/wp\/v2\/types\/post"}],"author":[{"embeddable":true,"href":"https:\/\/us.edu.pl\/pracownik\/wp-json\/wp\/v2\/users\/41"}],"replies":[{"embeddable":true,"href":"https:\/\/us.edu.pl\/pracownik\/wp-json\/wp\/v2\/comments?post=6691"}],"version-history":[{"count":13,"href":"https:\/\/us.edu.pl\/pracownik\/wp-json\/wp\/v2\/posts\/6691\/revisions"}],"predecessor-version":[{"id":6704,"href":"https:\/\/us.edu.pl\/pracownik\/wp-json\/wp\/v2\/posts\/6691\/revisions\/6704"}],"wp:featuredmedia":[{"embeddable":true,"href":"https:\/\/us.edu.pl\/pracownik\/wp-json\/wp\/v2\/media\/6681"}],"wp:attachment":[{"href":"https:\/\/us.edu.pl\/pracownik\/wp-json\/wp\/v2\/media?parent=6691"}],"wp:term":[{"taxonomy":"category","embeddable":true,"href":"https:\/\/us.edu.pl\/pracownik\/wp-json\/wp\/v2\/categories?post=6691"},{"taxonomy":"post_tag","embeddable":true,"href":"https:\/\/us.edu.pl\/pracownik\/wp-json\/wp\/v2\/tags?post=6691"}],"curies":[{"name":"wp","href":"https:\/\/api.w.org\/{rel}","templated":true}]}}