{"id":6723,"date":"2020-03-12T17:23:09","date_gmt":"2020-03-12T16:23:09","guid":{"rendered":"https:\/\/us.edu.pl\/pracownik\/?p=6723"},"modified":"2020-03-13T13:30:05","modified_gmt":"2020-03-13T12:30:05","slug":"komunikat-prorektora-ds-finansow-i-rozwoju-ws-sars-cov-2","status":"publish","type":"post","link":"https:\/\/us.edu.pl\/pracownik\/2020\/03\/12\/komunikat-prorektora-ds-finansow-i-rozwoju-ws-sars-cov-2\/","title":{"rendered":"Komunikat prorektora ds. finans\u00f3w i rozwoju ws. SARS-CoV-2"},"content":{"rendered":"<p>[vc_row][vc_column][\/vc_column][\/vc_row][vc_row][vc_column]\r\n                <div class=\"text-modules\">\r\n                    <div class=\"container\">\r\n                        \r\n                        <div class=\"text-modules__content\"><p><strong><em>Szanowni Pa\u0144stwo,<\/em><\/strong><\/p>\n<p>zgodnie z zaleceniami MNiSW, uczelnie nie zosta\u0142y zamkni\u0119te. Oznacza to, \u017ce dzia\u0142alno\u015b\u0107 badawcza i funkcjonowanie administracji jest podtrzymane.<\/p>\n<p>Jednak\u017ce w \u015bwietle ostatnich doniesie\u0144 i komunikat\u00f3w medialnych, a tak\u017ce zarz\u0105dzenia JM Rektora, maj\u0105c na wzgl\u0119dzie bezpiecze\u0144stwo wszystkich grup Pracownik\u00f3w, zwracam si\u0119 do Pa\u0144stwa z apelem, aby ograniczy\u0107 do niezb\u0119dnego minimum kontakty bezpo\u015brednie wewn\u0105trz uczelni i zachowa\u0107 nale\u017cyt\u0105 ostro\u017cno\u015b\u0107, r\u00f3wnie\u017c poza miejscem pracy.<\/p>\n<p>Prosz\u0119 zauwa\u017cy\u0107, \u017ce wiele spraw, kt\u00f3rych rozwi\u0105zanie wymaga wsparcia pracownik\u00f3w nieb\u0119d\u0105cych nauczycielami akademickimi i\/lub pracownik\u00f3w szeroko poj\u0119tej administracji, mo\u017ce by\u0107 skutecznie realizowane czy uzgadniane w trybie telefonicznym, a tak\u017ce poprzez kontakt e-mail. W zwi\u0105zku z powy\u017cszym, kontakt bezpo\u015bredni w celu za\u0142atwiania spraw s\u0142u\u017cbowych jest zalecany tylko w przypadku spraw o najwy\u017cszej wadze i tych kt\u00f3re tego bezwzgl\u0119dnie wymagaj\u0105.<\/p>\n<p>Zobowi\u0105zuj\u0119 Kierownik\u00f3w wszystkich Jednostek, aby dostosowywali tryb funkcjonowania podleg\u0142ych im kom\u00f3rek, wyznaczyli harmonogram dy\u017cur\u00f3w i zapewnili mo\u017cliwo\u015b\u0107 telefonicznego kontaktu w sprawach bie\u017c\u0105cych. Zaistnia\u0142e okoliczno\u015bci zmuszaj\u0105 mnie do zobligowania Kierownik\u00f3w Jednostek i wyznaczonych przez nie os\u00f3b do sprawowania telefonicznego dy\u017curu, a\u017c do odwo\u0142ania. Numery kontaktowe nale\u017cy przekaza\u0107 pracownikom wszystkich Jednostek.<\/p>\n<p>Pojawiaj\u0105ce si\u0119 pytania prosz\u0119 kierowa\u0107 do bezpo\u015brednich prze\u0142o\u017conych, a Pracownik\u00f3w prosz\u0119 o \u015bledzenie komunikat\u00f3w zamieszczanych na g\u0142\u00f3wnej stronie Uniwersytetu \u015al\u0105skiego.<\/p>\n<p>&nbsp;<\/p>\n<p><strong><em>Z wyrazami szacunku<\/em><\/strong><\/p>\n<p><strong><em>prof. dr hab. Micha\u0142 Daszykowski<\/em><\/strong><\/p>\n<p><strong><em>prorektor ds. finans\u00f3w i rozwoju<\/em><\/strong><\/p>\n<p><strong><em>Uniwersytet \u015al\u0105ski w Katowicach<\/em><\/strong><\/p>\n<\/div>\r\n                    <\/div>\r\n                <\/div>[\/vc_column][\/vc_row]<\/p>","protected":false},"excerpt":{"rendered":"<p>[vc_row][vc_column][\/vc_column][\/vc_row][vc_row][vc_column][\/vc_column][\/vc_row] [&#8230;]<\/p>\n<p><a class=\"btn btn-secondary understrap-read-more-link\" href=\"https:\/\/us.edu.pl\/pracownik\/2020\/03\/12\/komunikat-prorektora-ds-finansow-i-rozwoju-ws-sars-cov-2\/\">Read More&#8230;<\/a><\/p>\n","protected":false},"author":41,"featured_media":4972,"comment_status":"open","ping_status":"open","sticky":false,"template":"","format":"standard","meta":{"_expiration-date-status":"saved","_expiration-date":0,"_expiration-date-type":"","_expiration-date-categories":[],"_expiration-date-options":[]},"categories":[19,26],"tags":[],"acf":[],"_links":{"self":[{"href":"https:\/\/us.edu.pl\/pracownik\/wp-json\/wp\/v2\/posts\/6723"}],"collection":[{"href":"https:\/\/us.edu.pl\/pracownik\/wp-json\/wp\/v2\/posts"}],"about":[{"href":"https:\/\/us.edu.pl\/pracownik\/wp-json\/wp\/v2\/types\/post"}],"author":[{"embeddable":true,"href":"https:\/\/us.edu.pl\/pracownik\/wp-json\/wp\/v2\/users\/41"}],"replies":[{"embeddable":true,"href":"https:\/\/us.edu.pl\/pracownik\/wp-json\/wp\/v2\/comments?post=6723"}],"version-history":[{"count":1,"href":"https:\/\/us.edu.pl\/pracownik\/wp-json\/wp\/v2\/posts\/6723\/revisions"}],"predecessor-version":[{"id":6724,"href":"https:\/\/us.edu.pl\/pracownik\/wp-json\/wp\/v2\/posts\/6723\/revisions\/6724"}],"wp:featuredmedia":[{"embeddable":true,"href":"https:\/\/us.edu.pl\/pracownik\/wp-json\/wp\/v2\/media\/4972"}],"wp:attachment":[{"href":"https:\/\/us.edu.pl\/pracownik\/wp-json\/wp\/v2\/media?parent=6723"}],"wp:term":[{"taxonomy":"category","embeddable":true,"href":"https:\/\/us.edu.pl\/pracownik\/wp-json\/wp\/v2\/categories?post=6723"},{"taxonomy":"post_tag","embeddable":true,"href":"https:\/\/us.edu.pl\/pracownik\/wp-json\/wp\/v2\/tags?post=6723"}],"curies":[{"name":"wp","href":"https:\/\/api.w.org\/{rel}","templated":true}]}}