{"id":6730,"date":"2020-03-13T15:25:11","date_gmt":"2020-03-13T14:25:11","guid":{"rendered":"https:\/\/us.edu.pl\/pracownik\/?p=6730"},"modified":"2020-03-13T15:28:10","modified_gmt":"2020-03-13T14:28:10","slug":"komunikat-prorektor-ds-ksztalcenia-i-studentow-us-ws-sars-cov-2","status":"publish","type":"post","link":"https:\/\/us.edu.pl\/pracownik\/2020\/03\/13\/komunikat-prorektor-ds-ksztalcenia-i-studentow-us-ws-sars-cov-2\/","title":{"rendered":"Komunikat prorektora ds. kszta\u0142cenia i student\u00f3w U\u015a ws. SARS-CoV-2"},"content":{"rendered":"<p>[vc_row][vc_column][\/vc_column][\/vc_row][vc_row][vc_column]\r\n                <div class=\"text-modules\">\r\n                    <div class=\"container\">\r\n                        \r\n                        <div class=\"text-modules__content\"><p>Szanowni Pa\u0144stwo,<\/p>\n<p>&nbsp;<\/p>\n<p>w zwi\u0105zku\u00a0 z rosn\u0105cym zagro\u017ceniem epidemi\u0105 wirusa SARS-CoV-2 i zwi\u0105zanymi z\u00a0tym zaleceniami ograniczenia przemieszczania si\u0119 oraz unikania du\u017cych skupisk ludzkich oraz\u00a0w\u00a0nawi\u0105zaniu do <em>zarz\u0105dzenia nr 28 Rektora Uniwersytetu \u015al\u0105skiego w Katowicach z\u00a0dnia 12 marca 2020 r. w sprawie przeciwdzia\u0142ania rozprzestrzenianiu si\u0119 wirusa SARS-CoV-2<\/em> uprzejmie informuj\u0119, \u017ce:<\/p>\n<ol>\n<li>zaleci\u0142em studentom, aby kontaktowali si\u0119 z Pa\u0144stwem za\u00a0po\u015brednictwem s\u0142u\u017cbowej poczty elektronicznej, a jedynie w sytuacjach absolutnie koniecznych prosili o\u00a0bezpo\u015brednie spotkania. Dlatego bardzo prosz\u0119 o regularne odbieranie maili kierowanych na skrzynki w domenie @us.edu.pl.<\/li>\n<li>nauczyciele akademiccy maj\u0105 mo\u017cliwo\u015b\u0107 kontaktu ze studentami za po\u015brednictwem poczty elektronicznej z wykorzystaniem systemu USOSweb (zak\u0142adka \u201eM\u00f3j USOSweb\u201d-&gt;USOSMAIL). Prosimy, aby pozostawa\u0107 ze studentami w systematycznym kontakcie elektronicznym. Zalecamy odbywanie tak\u017ce w ten spos\u00f3b konsultacji i dy\u017cur\u00f3w. Je\u015bli zachodzi konieczno\u015b\u0107 spotkania bezpo\u015bredniego, prosimy o zachowanie nale\u017cytych \u015brodk\u00f3w ostro\u017cno\u015bci.<\/li>\n<li>semestr zimowy zostanie rozliczony na podstawie ocen wpisanych studentom do systemu USOSweb. Nale\u017cy wi\u0119c jak najszybciej uzupe\u0142ni\u0107 brakuj\u0105ce oceny. Prosimy o\u00a0powstrzymanie si\u0119 z wpisywaniem ocen do indeks\u00f3w (po zako\u0144czeniu okresu zawieszenia zaj\u0119\u0107 ustalimy jak rozwi\u0105za\u0107 t\u0119 kwesti\u0119).<\/li>\n<li>studentom, kt\u00f3rzy w ostatnich dniach sesji nie b\u0119d\u0105 mogli stawi\u0107 si\u0119 na zaliczenie lub\u00a0egzamin w zwi\u0105zku z zawieszeniem zaj\u0119\u0107 dydaktycznych, b\u0119d\u0105 przywracane terminy zaliczenia\/egzaminu po\u00a0zako\u0144czeniu tego okresu.<\/li>\n<li>studenci, kt\u00f3rzy z innych powod\u00f3w nie zd\u0105\u017c\u0105 do czasu zako\u0144czenia sesji poprawkowej zdoby\u0107 wymaganych zalicze\u0144 lub egzamin\u00f3w, a nie zwr\u00f3cili si\u0119 jeszcze o przed\u0142u\u017cenie sesji, b\u0119d\u0105 mogli to zrobi\u0107 po zako\u0144czeniu okresu zawieszenia zaj\u0119\u0107 dydaktycznych i\u00a0wtedy uzyska\u0107 niezb\u0119dne oceny.<\/li>\n<li>obrony prac dyplomowych odbywaj\u0105 si\u0119 na zasadach okre\u015blonych przez dziekan\u00f3w.<\/li>\n<li>przewidujemy, \u017ce mo\u017cliwie jak najwi\u0119ksza cz\u0119\u015b\u0107 zaj\u0119\u0107 semestru letniego prowadzona b\u0119dzie zdalnie do zako\u0144czenia okresu zawieszenia zaj\u0119\u0107 dydaktycznych. Szczeg\u00f3\u0142owe informacje w tym zakresie otrzymacie Pa\u0144stwo odr\u0119bnie.<\/li>\n<\/ol>\n<p>&nbsp;<\/p>\n<p>Z wyrazami szacunku<\/p>\n<p>prof. dr hab. Ryszard Kozio\u0142ek<\/p>\n<p>prorektor ds. kszta\u0142cenia i student\u00f3w Uniwersytet \u015al\u0105ski w Katowicach<\/p>\n<\/div>\r\n                    <\/div>\r\n                <\/div>[\/vc_column][\/vc_row]<\/p>","protected":false},"excerpt":{"rendered":"<p>[vc_row][vc_column][\/vc_column][\/vc_row][vc_row][vc_column][\/vc_column][\/vc_row] [&#8230;]<\/p>\n<p><a class=\"btn btn-secondary understrap-read-more-link\" href=\"https:\/\/us.edu.pl\/pracownik\/2020\/03\/13\/komunikat-prorektor-ds-ksztalcenia-i-studentow-us-ws-sars-cov-2\/\">Read More&#8230;<\/a><\/p>\n","protected":false},"author":41,"featured_media":6680,"comment_status":"open","ping_status":"open","sticky":false,"template":"","format":"standard","meta":{"_expiration-date-status":"saved","_expiration-date":0,"_expiration-date-type":"","_expiration-date-categories":[],"_expiration-date-options":[]},"categories":[19,26],"tags":[],"acf":[],"_links":{"self":[{"href":"https:\/\/us.edu.pl\/pracownik\/wp-json\/wp\/v2\/posts\/6730"}],"collection":[{"href":"https:\/\/us.edu.pl\/pracownik\/wp-json\/wp\/v2\/posts"}],"about":[{"href":"https:\/\/us.edu.pl\/pracownik\/wp-json\/wp\/v2\/types\/post"}],"author":[{"embeddable":true,"href":"https:\/\/us.edu.pl\/pracownik\/wp-json\/wp\/v2\/users\/41"}],"replies":[{"embeddable":true,"href":"https:\/\/us.edu.pl\/pracownik\/wp-json\/wp\/v2\/comments?post=6730"}],"version-history":[{"count":6,"href":"https:\/\/us.edu.pl\/pracownik\/wp-json\/wp\/v2\/posts\/6730\/revisions"}],"predecessor-version":[{"id":6737,"href":"https:\/\/us.edu.pl\/pracownik\/wp-json\/wp\/v2\/posts\/6730\/revisions\/6737"}],"wp:featuredmedia":[{"embeddable":true,"href":"https:\/\/us.edu.pl\/pracownik\/wp-json\/wp\/v2\/media\/6680"}],"wp:attachment":[{"href":"https:\/\/us.edu.pl\/pracownik\/wp-json\/wp\/v2\/media?parent=6730"}],"wp:term":[{"taxonomy":"category","embeddable":true,"href":"https:\/\/us.edu.pl\/pracownik\/wp-json\/wp\/v2\/categories?post=6730"},{"taxonomy":"post_tag","embeddable":true,"href":"https:\/\/us.edu.pl\/pracownik\/wp-json\/wp\/v2\/tags?post=6730"}],"curies":[{"name":"wp","href":"https:\/\/api.w.org\/{rel}","templated":true}]}}