{"id":6774,"date":"2020-03-13T15:20:20","date_gmt":"2020-03-13T14:20:20","guid":{"rendered":"https:\/\/us.edu.pl\/pracownik\/?p=6774"},"modified":"2020-03-13T15:23:32","modified_gmt":"2020-03-13T14:23:32","slug":"informacja-dot-komunikatu-kanclerza-us-z-11-marca-oraz-komunikatu-prorektora-ds-finansow-i-rozwoju-z-12-marca","status":"publish","type":"post","link":"https:\/\/us.edu.pl\/pracownik\/2020\/03\/13\/informacja-dot-komunikatu-kanclerza-us-z-11-marca-oraz-komunikatu-prorektora-ds-finansow-i-rozwoju-z-12-marca\/","title":{"rendered":"Informacja dot. komunikatu kanclerza U\u015a z 11 marca oraz komunikatu prorektora ds. finans\u00f3w i rozwoju z 12 marca"},"content":{"rendered":"<p>[vc_row][vc_column]\r\n                <div class=\"text-modules\">\r\n                    <div class=\"container\">\r\n                        \r\n                        <div class=\"text-modules__content\"><\/p>\n<p style=\"text-align: center;\">Informacja<\/p>\n<p style=\"text-align: center;\"><em>dotycz\u0105ca komunikatu Kanclerza Uniwersytetu \u015al\u0105skiego w Katowicach z dnia 11 marca 2020 roku oraz komunikatu Prorektora ds. Finans\u00f3w i Rozwoju z dnia 12.03.2020 roku<\/em><\/p>\n<p>W zwi\u0105zku z pojawiaj\u0105cymi si\u0119 pytaniami dotycz\u0105cymi \u015bwiadczenia pracy przez pracownik\u00f3w nieb\u0119d\u0105cych nauczycielami akademickimi uprzejmie wyja\u015bniam, \u017ce\u00a0 bezpo\u015bredni prze\u0142o\u017cony mo\u017ce poleci\u0107 pracownikowi:<\/p>\n<ul>\n<li>wykonanie pracy zdalnej\u00a0 poza miejscem sta\u0142ego wykonywania pracy, uzgadniaj\u0105c z pracownikiem zakres i czas\u00a0 pracy tego rodzaju. Pracownik wykonuj\u0105cy prac\u0119 zdaln\u0105 jest zobowi\u0105zany do wykonania zleconych zada\u0144, monitorowania poczty s\u0142u\u017cbowej (prowadzenie korespondencji) oraz obs\u0142ugi\/korzystania ze\u00a0 s\u0142u\u017cbowego telefonu kom\u00f3rkowego i\/lub komputera (je\u017celi takim dysponuje) w obowi\u0105zuj\u0105cych go normalnie godzinach pracy;<\/li>\n<\/ul>\n<ul>\n<li>\u015bwiadczenie pracy w miejscu wykonywania pracy\u00a0 w obowi\u0105zuj\u0105cych go normalnie godzinach pracy ( tzw. \u201epe\u0142nienie dy\u017curu\u201d).<\/li>\n<\/ul>\n<p>&nbsp;<\/p>\n<p><strong>Kanclerz<br \/>\ndr Agnieszka Sko\u0142ucka<\/strong><\/p>\n<\/div>\r\n                    <\/div>\r\n                <\/div>[\/vc_column][\/vc_row]<\/p>","protected":false},"excerpt":{"rendered":"<p>[vc_row][vc_column][\/vc_column][\/vc_row] [&#8230;]<\/p>\n<p><a class=\"btn btn-secondary understrap-read-more-link\" href=\"https:\/\/us.edu.pl\/pracownik\/2020\/03\/13\/informacja-dot-komunikatu-kanclerza-us-z-11-marca-oraz-komunikatu-prorektora-ds-finansow-i-rozwoju-z-12-marca\/\">Read More&#8230;<\/a><\/p>\n","protected":false},"author":26,"featured_media":6775,"comment_status":"open","ping_status":"open","sticky":false,"template":"","format":"standard","meta":{"_expiration-date-status":"saved","_expiration-date":0,"_expiration-date-type":"","_expiration-date-categories":[],"_expiration-date-options":[]},"categories":[19,26],"tags":[172],"acf":[],"_links":{"self":[{"href":"https:\/\/us.edu.pl\/pracownik\/wp-json\/wp\/v2\/posts\/6774"}],"collection":[{"href":"https:\/\/us.edu.pl\/pracownik\/wp-json\/wp\/v2\/posts"}],"about":[{"href":"https:\/\/us.edu.pl\/pracownik\/wp-json\/wp\/v2\/types\/post"}],"author":[{"embeddable":true,"href":"https:\/\/us.edu.pl\/pracownik\/wp-json\/wp\/v2\/users\/26"}],"replies":[{"embeddable":true,"href":"https:\/\/us.edu.pl\/pracownik\/wp-json\/wp\/v2\/comments?post=6774"}],"version-history":[{"count":2,"href":"https:\/\/us.edu.pl\/pracownik\/wp-json\/wp\/v2\/posts\/6774\/revisions"}],"predecessor-version":[{"id":6776,"href":"https:\/\/us.edu.pl\/pracownik\/wp-json\/wp\/v2\/posts\/6774\/revisions\/6776"}],"wp:featuredmedia":[{"embeddable":true,"href":"https:\/\/us.edu.pl\/pracownik\/wp-json\/wp\/v2\/media\/6775"}],"wp:attachment":[{"href":"https:\/\/us.edu.pl\/pracownik\/wp-json\/wp\/v2\/media?parent=6774"}],"wp:term":[{"taxonomy":"category","embeddable":true,"href":"https:\/\/us.edu.pl\/pracownik\/wp-json\/wp\/v2\/categories?post=6774"},{"taxonomy":"post_tag","embeddable":true,"href":"https:\/\/us.edu.pl\/pracownik\/wp-json\/wp\/v2\/tags?post=6774"}],"curies":[{"name":"wp","href":"https:\/\/api.w.org\/{rel}","templated":true}]}}