{"id":26757,"date":"2020-12-10T13:31:27","date_gmt":"2020-12-10T12:31:27","guid":{"rendered":"https:\/\/us.edu.pl\/student\/?p=26757"},"modified":"2020-12-10T14:45:41","modified_gmt":"2020-12-10T13:45:41","slug":"masz-staz-us-uczestnikiem-akcji-gazety-wyborczej","status":"publish","type":"post","link":"https:\/\/us.edu.pl\/student\/masz-staz-us-uczestnikiem-akcji-gazety-wyborczej\/","title":{"rendered":"&#8221;Masz sta\u017c&#8221; &#8211; U\u015a partnerem akcji Gazety Wyborczej"},"content":{"rendered":"<p>[vc_row][vc_column][vc_column_text]\u201e<span style=\"font-size: 12pt\">Masz sta\u017c\u201d to og\u00f3lnopolski konkurs sp\u00f3\u0142ki \u201eAgora\u201d, do kt\u00f3rego przyst\u0105pi\u0142 tak\u017ce nasz Uniwersytet. Studenci-uczestnicy akcji otrzymaj\u0105 cyfrow\u0105 prenumerat\u0119 \u201eGazety Wyborczej\u201d, a pi\u0119cioro laureat\u00f3w b\u0119dzie mia\u0142o mo\u017cliwo\u015b\u0107 odbycia w przysz\u0142ym roku 3-miesi\u0119cznego p\u0142atnego sta\u017cu (3 tys. z\u0142 brutto na miesi\u0105c) w wydawnictwie \u201eGazety Wyborczej\u201d lub w portalu Wyborcza.pl. Prace konkursowe, w zale\u017cno\u015bci od typu zg\u0142oszenia, b\u0119d\u0105 mie\u0107 charakter tekst\u00f3w na tematy lokalne, materia\u0142\u00f3w informacyjnych dla czytelniczek, zapisu sondy przeprowadzonej w\u015br\u00f3d protestuj\u0105cych kobiet, wywiadu, podcastu itd. Akcja jest skierowana do os\u00f3b doros\u0142ych, studiuj\u0105cych na dowolnym kierunku w trybie stacjonarnym lub niestacjonarnym. Ponadto, w dniu rozpocz\u0119cia sta\u017cu uczestnik nie mo\u017ce mie\u0107 uko\u0144czonego trzydziestego roku \u017cycia.<\/span><\/p>\n<p><span style=\"font-size: 12pt\">Materia\u0142y konkursowe, po uprzednim dokonaniu zg\u0142oszenia, nale\u017cy przes\u0142a\u0107 organizatorowi do 31 grudnia br. Wszystkie szczeg\u00f3\u0142y, linki zg\u0142oszeniowe oraz regulamin konkursu mo\u017cna znale\u017a\u0107 w tek\u015bcie informacyjnym na stronie Biura Karier <a href=\"http:\/\/www.bk.us.edu.pl\/masz-staz-wspolna-akcja-gazety-wyborczej-i-uniwersytetu-slaskiego\">http:\/\/www.bk.us.edu.pl\/masz-staz-wspolna-akcja-gazety-wyborczej-i-uniwersytetu-slaskiego<\/a>.<\/span><\/p>\n<p>&nbsp;<\/p>\n<p><span style=\"font-size: 12pt\">Zach\u0119camy r\u00f3wnie\u017c do zapoznania si\u0119 z <a href=\"https:\/\/us.edu.pl\/student\/wp-content\/uploads\/sites\/3\/Nieprzypisane\/Masz-sta%C5%BC-prezentacja.pptx\">prezentacj\u0105 &#8222;Gazety Wyborczej&#8221;<\/a><\/span>[\/vc_column_text][\/vc_column][\/vc_row]<\/p>","protected":false},"excerpt":{"rendered":"<p>[vc_row][vc_column][vc_column_text]\u201eMasz sta\u017c\u201d to og\u00f3lnopolski konkurs sp\u00f3\u0142ki \u201eAgora\u201d, do kt\u00f3rego przyst\u0105pi\u0142 tak\u017ce nasz Uniwersytet. Studenci-uczestnicy akcji otrzymaj\u0105 cyfrow\u0105 prenumerat\u0119 \u201eGazety Wyborczej\u201d, a pi\u0119cioro laureat\u00f3w b\u0119dzie mia\u0142o mo\u017cliwo\u015b\u0107 odbycia w przysz\u0142ym roku 3-miesi\u0119cznego p\u0142atnego sta\u017cu (3 tys. z\u0142 brutto na miesi\u0105c) w wydawnictwie \u201eGazety Wyborczej\u201d lub w portalu Wyborcza.pl. Prace konkursowe, w zale\u017cno\u015bci od typu zg\u0142oszenia, b\u0119d\u0105 [&#8230;]<\/p>\n<p><a class=\"btn btn-secondary understrap-read-more-link\" href=\"https:\/\/us.edu.pl\/student\/masz-staz-us-uczestnikiem-akcji-gazety-wyborczej\/\">Read More&#8230;<\/a><\/p>\n","protected":false},"author":96,"featured_media":26758,"comment_status":"open","ping_status":"open","sticky":false,"template":"","format":"standard","meta":{"_expiration-date-status":"saved","_expiration-date":0,"_expiration-date-type":"","_expiration-date-categories":[],"_expiration-date-options":[]},"categories":[19,80],"tags":[269,268,190],"acf":[],"_links":{"self":[{"href":"https:\/\/us.edu.pl\/student\/wp-json\/wp\/v2\/posts\/26757"}],"collection":[{"href":"https:\/\/us.edu.pl\/student\/wp-json\/wp\/v2\/posts"}],"about":[{"href":"https:\/\/us.edu.pl\/student\/wp-json\/wp\/v2\/types\/post"}],"author":[{"embeddable":true,"href":"https:\/\/us.edu.pl\/student\/wp-json\/wp\/v2\/users\/96"}],"replies":[{"embeddable":true,"href":"https:\/\/us.edu.pl\/student\/wp-json\/wp\/v2\/comments?post=26757"}],"version-history":[{"count":0,"href":"https:\/\/us.edu.pl\/student\/wp-json\/wp\/v2\/posts\/26757\/revisions"}],"wp:featuredmedia":[{"embeddable":true,"href":"https:\/\/us.edu.pl\/student\/wp-json\/wp\/v2\/media\/26758"}],"wp:attachment":[{"href":"https:\/\/us.edu.pl\/student\/wp-json\/wp\/v2\/media?parent=26757"}],"wp:term":[{"taxonomy":"category","embeddable":true,"href":"https:\/\/us.edu.pl\/student\/wp-json\/wp\/v2\/categories?post=26757"},{"taxonomy":"post_tag","embeddable":true,"href":"https:\/\/us.edu.pl\/student\/wp-json\/wp\/v2\/tags?post=26757"}],"curies":[{"name":"wp","href":"https:\/\/api.w.org\/{rel}","templated":true}]}}