{"id":30354,"date":"2021-09-14T15:08:20","date_gmt":"2021-09-14T13:08:20","guid":{"rendered":"https:\/\/us.edu.pl\/student\/?p=30354"},"modified":"2021-09-15T10:09:15","modified_gmt":"2021-09-15T08:09:15","slug":"list-jm-rektora-do-studentow","status":"publish","type":"post","link":"https:\/\/us.edu.pl\/student\/list-jm-rektora-do-studentow\/","title":{"rendered":"List rektora do student\u00f3w"},"content":{"rendered":"<p>[vc_row][vc_column width=&#8221;2\/3&#8243;][vc_column_text]<span style=\"font-size: 12pt;\">Drogie Studentki, Drodzy Studenci, <\/span><\/p>\n<p><span style=\"font-size: 12pt;\">wprawdzie wakacje w pe\u0142ni, ale pora ju\u017c my\u015ble\u0107 o kolejnym roku akademickim. Od 1 pa\u017adziernika chcemy rozpocz\u0105\u0107 zaj\u0119cia w murach Uniwersytetu i mamy nadziej\u0119, \u017ce sytuacja epidemiologiczna nie pogorszy si\u0119 na tyle, aby te plany pokrzy\u017cowa\u0107.<\/span><\/p>\n<p><span style=\"font-size: 12pt;\">Apeluj\u0119 do wszystkich Pa\u0144stwa, kt\u00f3rzy nie przyj\u0119li jeszcze szczepionki, \u017ceby uczynili to w dba\u0142o\u015bci o siebie, o swoje rodziny oraz o kole\u017canki i koleg\u00f3w, z kt\u00f3rymi spotkacie si\u0119 w uniwersytecie. Warto przypomnie\u0107, \u017ce ju\u017c dzisiaj mo\u017cecie wzi\u0105\u0107 udzia\u0142 w szczepieniach organizowanych w ramach Narodowego Programu Szczepie\u0144. Informacje uzyskacie na stronie internetowej <a href=\"http:\/\/www.gov.pl\/szczepimysie\">www.gov.pl\/szczepimysie<\/a> oraz na bezp\u0142atnej infolinii pod nr 989.<\/span><\/p>\n<p><span style=\"font-size: 12pt;\">Nie uzale\u017cniamy prawa do obecno\u015bci na zaj\u0119ciach w murach uczelni od bycia zaszczepionym, pozostawiaj\u0105c to Pa\u0144stwa odpowiedzialnej wolno\u015bci i rozumnej trosce o siebie i innych.<\/span><\/p>\n<p><span style=\"font-size: 12pt;\">Z jednym wyj\u0105tkiem.<\/span><\/p>\n<p><span style=\"font-size: 12pt;\">W akademikach b\u0119d\u0105 mog\u0142y zameldowa\u0107 si\u0119 wy\u0142\u0105cznie osoby w pe\u0142ni zaszczepione, co nale\u017cy potwierdzi\u0107 stosownym za\u015bwiadczeniem o szczepieniu lub Certyfikatem Covid. Stawiamy ten warunek w obliczu ostrze\u017ce\u0144 przed kolejn\u0105 fal\u0105 epidemii, a tak\u017ce w przekonaniu, \u017ce przebywanie ze sob\u0105 w bliskiej odleg\u0142o\u015bci, w pokojach i korytarzach dom\u00f3w akademickich nara\u017ca Was szczeg\u00f3lnie na ryzyko infekcji.<\/span><\/p>\n<p><span style=\"font-size: 12pt;\">W czasie najwi\u0119kszego nat\u0119\u017cenia kwaterunkowego zorganizujemy w kampusach punkty szczepie\u0144, o czym poinformujemy Was odr\u0119bnym komunikatem we wrze\u015bniu.<\/span><\/p>\n<p><span style=\"font-size: 12pt;\">Jak co roku, aby zamieszka\u0107 w domu studenckim, musicie z\u0142o\u017cy\u0107 odpowiedni wniosek \u2013 informacje znajdziecie na stronie <a href=\"https:\/\/www.us.edu.pl\/student\">us.edu.pl\/student<\/a>. Osoby, kt\u00f3re takie miejsce uzyskaj\u0105, decyzj\u0119 znajd\u0105 na swoim indywidualnym koncie w systemie USOSweb. Mimo wakacji zagl\u0105dajcie wi\u0119c do swoich skrzynek mailowych i \u015bled\u017acie informacje na stronach internetowych U\u015a oraz w mediach spo\u0142eczno\u015bciowych.<\/span><\/p>\n<p><span style=\"font-size: 12pt;\">W nadziei na prawdziwe spotkanie, z \u017cyczeniami zdrowia i wspania\u0142ych wakacji.<\/span><\/p>\n<p>&nbsp;<\/p>\n<p><span style=\"font-size: 12pt;\">prof. dr hab. Ryszard Kozio\u0142ek<\/span><\/p>\n<p><span style=\"font-size: 12pt;\">Rektor Uniwersytetu \u015al\u0105skiego<\/span>[\/vc_column_text][\/vc_column][vc_column width=&#8221;1\/3&#8243;]\r\n                <div class=\"text-modules\">\r\n                    <div class=\"container\">\r\n                        \r\n                        <div class=\"text-modules__content\"><p><img class=\"alignnone wp-image-30355 size-full\" src=\"https:\/\/us.edu.pl\/student\/wp-content\/uploads\/sites\/3\/Nieprzypisane\/Letter.jpg\" alt=\"stal\u00f3wka wiecznego pi\u00f3ra\" width=\"500\" height=\"375\" srcset=\"https:\/\/us.edu.pl\/student\/wp-content\/uploads\/sites\/3\/Nieprzypisane\/Letter.jpg 500w, https:\/\/us.edu.pl\/student\/wp-content\/uploads\/sites\/3\/Nieprzypisane\/Letter-300x225.jpg 300w\" sizes=\"(max-width: 500px) 100vw, 500px\" \/><\/p>\n<\/div>\r\n                    <\/div>\r\n                <\/div>[\/vc_column][\/vc_row]<\/p>","protected":false},"excerpt":{"rendered":"<p>[vc_row][vc_column width=&#8221;2\/3&#8243;][vc_column_text]Drogie Studentki, Drodzy Studenci, wprawdzie wakacje w pe\u0142ni, ale pora ju\u017c my\u015ble\u0107 o kolejnym roku akademickim. Od 1 pa\u017adziernika chcemy rozpocz\u0105\u0107 zaj\u0119cia w murach Uniwersytetu i mamy nadziej\u0119, \u017ce sytuacja epidemiologiczna nie pogorszy si\u0119 na tyle, aby te plany pokrzy\u017cowa\u0107. Apeluj\u0119 do wszystkich Pa\u0144stwa, kt\u00f3rzy nie przyj\u0119li jeszcze szczepionki, \u017ceby uczynili to w dba\u0142o\u015bci [&#8230;]<\/p>\n<p><a class=\"btn btn-secondary understrap-read-more-link\" href=\"https:\/\/us.edu.pl\/student\/list-jm-rektora-do-studentow\/\">Read More&#8230;<\/a><\/p>\n","protected":false},"author":96,"featured_media":30355,"comment_status":"open","ping_status":"open","sticky":false,"template":"","format":"standard","meta":{"_expiration-date-status":"saved","_expiration-date":0,"_expiration-date-type":"","_expiration-date-categories":[],"_expiration-date-options":[]},"categories":[19,26],"tags":[395,399],"acf":[],"_links":{"self":[{"href":"https:\/\/us.edu.pl\/student\/wp-json\/wp\/v2\/posts\/30354"}],"collection":[{"href":"https:\/\/us.edu.pl\/student\/wp-json\/wp\/v2\/posts"}],"about":[{"href":"https:\/\/us.edu.pl\/student\/wp-json\/wp\/v2\/types\/post"}],"author":[{"embeddable":true,"href":"https:\/\/us.edu.pl\/student\/wp-json\/wp\/v2\/users\/96"}],"replies":[{"embeddable":true,"href":"https:\/\/us.edu.pl\/student\/wp-json\/wp\/v2\/comments?post=30354"}],"version-history":[{"count":0,"href":"https:\/\/us.edu.pl\/student\/wp-json\/wp\/v2\/posts\/30354\/revisions"}],"wp:featuredmedia":[{"embeddable":true,"href":"https:\/\/us.edu.pl\/student\/wp-json\/wp\/v2\/media\/30355"}],"wp:attachment":[{"href":"https:\/\/us.edu.pl\/student\/wp-json\/wp\/v2\/media?parent=30354"}],"wp:term":[{"taxonomy":"category","embeddable":true,"href":"https:\/\/us.edu.pl\/student\/wp-json\/wp\/v2\/categories?post=30354"},{"taxonomy":"post_tag","embeddable":true,"href":"https:\/\/us.edu.pl\/student\/wp-json\/wp\/v2\/tags?post=30354"}],"curies":[{"name":"wp","href":"https:\/\/api.w.org\/{rel}","templated":true}]}}