{"id":30772,"date":"2021-08-20T12:19:06","date_gmt":"2021-08-20T10:19:06","guid":{"rendered":"https:\/\/us.edu.pl\/student\/?p=30772"},"modified":"2021-08-20T13:58:44","modified_gmt":"2021-08-20T11:58:44","slug":"miedzynarodowy-studencki-festiwal-folklorystyczny","status":"publish","type":"post","link":"https:\/\/us.edu.pl\/student\/miedzynarodowy-studencki-festiwal-folklorystyczny\/","title":{"rendered":"Mi\u0119dzynarodowy Studencki Festiwal Folklorystyczny"},"content":{"rendered":"<p><span style=\"font-size: 12pt;\">W tym roku ju\u017c po raz drugi <strong>Mi\u0119dzynarodowy Studencki Festiwal Folklorystyczny<\/strong> odbywa\u0107 si\u0119 b\u0119dzie w przestrzeni wirtualnej. Cho\u0107 niezmiernie bardziej woleliby\u015bmy spotka\u0107 si\u0119 w Cieszynie, by jak przed pandemi\u0105 celebrowa\u0107 nasze \u015bwi\u0119to folkloru wsp\u00f3lnie, liczymy, \u017ce taka forma Festiwalu r\u00f3wnie\u017c dostarczy wspania\u0142ych prze\u017cy\u0107. Nasz Festiwal, kt\u00f3rego g\u0142\u00f3wnym organizatorem od 1979r. jest Uniwersytet \u015al\u0105ski, a gospodarzem- Studencki Zesp\u00f3\u0142 Pie\u015bni i Ta\u0144ca \u201eKatowice\u201d, by\u0142 i nadal jest imprez\u0105 wyj\u0105tkow\u0105, dobrze znan\u0105 w \u015brodowisku folklorystycznym. Nie mog\u0142oby jednak by\u0107 inaczej- wydarzenie to co roku wsp\u00f3\u0142tworzy ponad 300 os\u00f3b- wykonawc\u00f3w z ca\u0142ego \u015bwiata oraz organizator\u00f3w, dla kt\u00f3rych od wielu lat ko\u0144c\u00f3wka sierpnia niezmiennie oznacza d\u0142ugo wyczekiwane spotkanie z muzyk\u0105, ta\u0144cem i \u015bpiewem. Trudno gdzie\u015b indziej do\u015bwiadczy\u0107 tak intensywnej integracji kultur i tradycji z najr\u00f3\u017cniejszych zak\u0105tk\u00f3w \u015bwiata, kt\u00f3ra cz\u0119sto trwa d\u0142ugo po zako\u0144czeniu ostatniego koncertu. W nadchodz\u0105cej edycji Festiwalu zaprezentujemy siedem zespo\u0142\u00f3w zagranicznych oraz dwa polskie, bez kt\u00f3rych MSFF nie m\u00f3g\u0142by si\u0119 odby\u0107- Studencki Zesp\u00f3\u0142 Pie\u015bni i Ta\u0144ca \u201eKatowice\u201d oraz Zesp\u00f3\u0142 Pie\u015bni i Ta\u0144ca Ziemi Cieszy\u0144skiej im. J. Marcinkowej. Ju\u017c teraz zapraszamy tak\u017ce na koncerty zespo\u0142\u00f3w z Rumunii, Grecji, S\u0142owenii, Brazylii, Chile, Tajwanu oraz Japonii. Mamy nadziej\u0119, \u017ce uda nam si\u0119 odtworzy\u0107 atmosfer\u0119, kt\u00f3ra towarzyszy\u0142a zawsze rzeczywistym spotkaniom z zespo\u0142ami.<\/span><\/p>\n<p><span style=\"font-size: 12pt;\">Mi\u0119dzynarodowy Studencki Festiwal Folklorystyczny organizowany jest przez <em>Uniwersytet \u015al\u0105ski w Katowicach<\/em> oraz<em> Miasto Cieszyn<\/em>.<\/span><\/p>\n<p>&nbsp;<\/p>\n<p style=\"text-align: center;\"><span style=\"font-size: 12pt;\"><strong>Szczeg\u00f3\u0142owy program transmisji:<\/strong><\/span><\/p>\n<p style=\"text-align: center;\"><span style=\"font-size: 12pt;\">&#8211; 20.08, g.19.00 &#8211; Koncert: Zesp\u00f3\u0142 Folklorystyczny \u201eRomanasul\u201d &#8211; Rumunia<\/span><\/p>\n<p style=\"text-align: center;\"><span style=\"font-size: 12pt;\">&#8211; 21.08, g.20.00 &#8211; WESELE PO NASZYMU &#8211; Koncert Galowy MSFF &#8211; transmisja na \u017cywo<\/span><\/p>\n<p style=\"text-align: center;\"><span style=\"font-size: 12pt;\">&#8211; 22.08, g.19.00 &#8211; Koncert: Zesp\u00f3\u0142 Hibiki Rengo-kai &#8211; Japonia<\/span><\/p>\n<p style=\"text-align: center;\"><span style=\"font-size: 12pt;\">&#8211; 23.08, g.19.00 &#8211; Koncert: Balet Folklorystyczny Puente Alto Bafopal &#8211; Chile<\/span><\/p>\n<p style=\"text-align: center;\"><span style=\"font-size: 12pt;\">&#8211; 24.08, g.19.00 &#8211; Koncert: Feng Hsiang Dance Troupe &#8211; Tajwan<\/span><\/p>\n<p style=\"text-align: center;\"><span style=\"font-size: 12pt;\">&#8211; 25.08, g.10.00 &#8211; Koncert:\u00a0 Zesp\u00f3\u0142 \u201eNEI EPIVATES\u201d (grupa dzieci\u0119ca) \u2013 Grecja<\/span><\/p>\n<p style=\"text-align: center;\"><span style=\"font-size: 12pt;\">&#8211; 25.08, g.19.00 &#8211; Koncert: Studencki Zesp\u00f3\u0142 Ta\u0144ca Ludowego Franca Marolta &#8211; S\u0142owenia<\/span><\/p>\n<p style=\"text-align: center;\"><span style=\"font-size: 12pt;\">&#8211; 26.08, g.19.00 &#8211; Koncert: International Folk Group \u201cOs Gauchos\u201d &#8211; Brazylia<\/span><\/p>\n<p style=\"text-align: center;\"><span style=\"font-size: 12pt;\">Zapraszamy serdecznie!<\/span><\/p>\n<p>&nbsp;<\/p>\n<p><span style=\"font-size: 12pt;\">Wi\u0119cej informacji na :<br \/>\n<\/span><span style=\"font-size: 12pt;\"><a href=\"http:\/\/www.msff.us.edu.pl\">www.msff.us.edu.pl<\/a><br \/>\n<\/span><span style=\"font-size: 12pt;\"><a href=\"http:\/\/www.facebook.com\/MSFFolk\">www.facebook.com\/MSFFolk<\/a><\/span><\/p>\n<p>&nbsp;<\/p>","protected":false},"excerpt":{"rendered":"<p>W tym roku ju\u017c po raz drugi Mi\u0119dzynarodowy Studencki Festiwal Folklorystyczny odbywa\u0107 si\u0119 b\u0119dzie w przestrzeni wirtualnej. Cho\u0107 niezmiernie bardziej woleliby\u015bmy spotka\u0107 si\u0119 w Cieszynie, by jak przed pandemi\u0105 celebrowa\u0107 nasze \u015bwi\u0119to folkloru wsp\u00f3lnie, liczymy, \u017ce taka forma Festiwalu r\u00f3wnie\u017c dostarczy wspania\u0142ych prze\u017cy\u0107. Nasz Festiwal, kt\u00f3rego g\u0142\u00f3wnym organizatorem od 1979r. jest Uniwersytet \u015al\u0105ski, a gospodarzem- [&#8230;]<\/p>\n<p><a class=\"btn btn-secondary understrap-read-more-link\" href=\"https:\/\/us.edu.pl\/student\/miedzynarodowy-studencki-festiwal-folklorystyczny\/\">Read More&#8230;<\/a><\/p>\n","protected":false},"author":28,"featured_media":30775,"comment_status":"open","ping_status":"open","sticky":false,"template":"","format":"standard","meta":{"_expiration-date-status":"saved","_expiration-date":0,"_expiration-date-type":"","_expiration-date-categories":[],"_expiration-date-options":[]},"categories":[43],"tags":[401],"acf":[],"_links":{"self":[{"href":"https:\/\/us.edu.pl\/student\/wp-json\/wp\/v2\/posts\/30772"}],"collection":[{"href":"https:\/\/us.edu.pl\/student\/wp-json\/wp\/v2\/posts"}],"about":[{"href":"https:\/\/us.edu.pl\/student\/wp-json\/wp\/v2\/types\/post"}],"author":[{"embeddable":true,"href":"https:\/\/us.edu.pl\/student\/wp-json\/wp\/v2\/users\/28"}],"replies":[{"embeddable":true,"href":"https:\/\/us.edu.pl\/student\/wp-json\/wp\/v2\/comments?post=30772"}],"version-history":[{"count":0,"href":"https:\/\/us.edu.pl\/student\/wp-json\/wp\/v2\/posts\/30772\/revisions"}],"wp:featuredmedia":[{"embeddable":true,"href":"https:\/\/us.edu.pl\/student\/wp-json\/wp\/v2\/media\/30775"}],"wp:attachment":[{"href":"https:\/\/us.edu.pl\/student\/wp-json\/wp\/v2\/media?parent=30772"}],"wp:term":[{"taxonomy":"category","embeddable":true,"href":"https:\/\/us.edu.pl\/student\/wp-json\/wp\/v2\/categories?post=30772"},{"taxonomy":"post_tag","embeddable":true,"href":"https:\/\/us.edu.pl\/student\/wp-json\/wp\/v2\/tags?post=30772"}],"curies":[{"name":"wp","href":"https:\/\/api.w.org\/{rel}","templated":true}]}}