{"id":37406,"date":"2022-10-19T13:53:51","date_gmt":"2022-10-19T11:53:51","guid":{"rendered":"https:\/\/us.edu.pl\/student\/?p=37406"},"modified":"2022-10-19T13:53:51","modified_gmt":"2022-10-19T11:53:51","slug":"polsko-ukrainski-mlodziezowy-projekt-obywatelski","status":"publish","type":"post","link":"https:\/\/us.edu.pl\/student\/polsko-ukrainski-mlodziezowy-projekt-obywatelski\/","title":{"rendered":"Polsko-ukrai\u0144ski m\u0142odzie\u017cowy projekt obywatelski"},"content":{"rendered":"<p><span style=\"font-size: 12pt;\">Wystartowa\u0142a Polsko-Ukrai\u0144ska Inicjatywa M\u0142odzie\u017cowa na Rzecz Rozwoju Wojew\u00f3dztwa \u015al\u0105skiego, projekt dofinansowany ze \u015brodk\u00f3w programu Erasmus+. Jego celem jest diagnoza i identyfikacja problem\u00f3w m\u0142odzie\u017cy w nast\u0119puj\u0105cych obszarach:\u00a0<\/span><\/p>\n<ul>\n<li><span style=\"font-size: 12pt;\">prawo i ustawodawstwo<\/span><\/li>\n<li><span style=\"font-size: 12pt;\">edukacja<\/span><\/li>\n<li><span style=\"font-size: 12pt;\">rynek pracy<\/span><\/li>\n<li><span style=\"font-size: 12pt;\">ochrona \u015brodowiska.<\/span><\/li>\n<\/ul>\n<p><span style=\"font-size: 12pt;\">Uczestniczki i uczestnicy spotkaj\u0105 si\u0119 na 3-dniowych zjazdach, podzielonych na cz\u0119\u015b\u0107 warsztatow\u0105 i konsultacyjn\u0105. B\u0119d\u0105 mogli zmierzy\u0107 si\u0119 m.in. z brakiem informacji o: aktywno\u015bci\u00a0<\/span><span style=\"font-size: 16px;\">i prawach <\/span><span style=\"font-size: 12pt;\">obywatelskich, problemach m\u0142odzie\u017cy, wp\u0142ywaniu na przedstawicieli w\u0142adz, k\u0142opotach z integracj\u0105 os\u00f3b uchod\u017aczych z Ukrainy i zaanga\u017cowaniem ich w \u017cycie obywatelskie. Wszyscy uczestnicy otrzymaj\u0105 certyfikaty udzia\u0142u. Formularz rejestracyjny znajduje si\u0119 pod <\/span><a style=\"font-size: 12pt;\" href=\"https:\/\/docs.google.com\/forms\/d\/1cpuxzRMle5VDt6qNHdxqLQDve59XsKhNdwZrRzMZKrg\/viewform?edit_requested=true\">linkiem<\/a><span style=\"font-size: 12pt;\">, wi\u0119cej informacji: <\/span><a style=\"font-size: 12pt;\" href=\"https:\/\/erasmusukr.pl\/\">erasmusukr.pl<\/a><span style=\"font-size: 12pt;\">.<\/span><\/p>\n<p style=\"text-align: center;\"><span style=\"font-size: 12pt;\"><a href=\"https:\/\/us.edu.pl\/student\/wp-content\/uploads\/sites\/3\/Bez-kategorii\/Prezentacja-programu.pdf\" class=\"mtli_attachment mtli_pdf\" data-mtli=\"mtli_filesize5,82MB\">Prezentacja programu<\/a><\/span><\/p>\n<p><\/p>\n<style type=\"text\/css\">a[data-mtli~=\"mtli_filesize5,82MB\"]:after {content:\" (5,82 MB)\"}<\/style>","protected":false},"excerpt":{"rendered":"<p>Wystartowa\u0142a Polsko-Ukrai\u0144ska Inicjatywa M\u0142odzie\u017cowa na Rzecz Rozwoju Wojew\u00f3dztwa \u015al\u0105skiego, projekt dofinansowany ze \u015brodk\u00f3w programu Erasmus+. Jego celem jest diagnoza i identyfikacja problem\u00f3w m\u0142odzie\u017cy w nast\u0119puj\u0105cych obszarach:\u00a0 prawo i ustawodawstwo edukacja rynek pracy ochrona \u015brodowiska. Uczestniczki i uczestnicy spotkaj\u0105 si\u0119 na 3-dniowych zjazdach, podzielonych na cz\u0119\u015b\u0107 warsztatow\u0105 i konsultacyjn\u0105. B\u0119d\u0105 mogli zmierzy\u0107 si\u0119 m.in. z brakiem [&#8230;]<\/p>\n<p><a class=\"btn btn-secondary understrap-read-more-link\" href=\"https:\/\/us.edu.pl\/student\/polsko-ukrainski-mlodziezowy-projekt-obywatelski\/\">Read More&#8230;<\/a><\/p>\n","protected":false},"author":96,"featured_media":37408,"comment_status":"open","ping_status":"open","sticky":false,"template":"","format":"standard","meta":{"_expiration-date-status":"","_expiration-date":0,"_expiration-date-type":"","_expiration-date-categories":[],"_expiration-date-options":[]},"categories":[493,31,41],"tags":[541],"acf":[],"_links":{"self":[{"href":"https:\/\/us.edu.pl\/student\/wp-json\/wp\/v2\/posts\/37406"}],"collection":[{"href":"https:\/\/us.edu.pl\/student\/wp-json\/wp\/v2\/posts"}],"about":[{"href":"https:\/\/us.edu.pl\/student\/wp-json\/wp\/v2\/types\/post"}],"author":[{"embeddable":true,"href":"https:\/\/us.edu.pl\/student\/wp-json\/wp\/v2\/users\/96"}],"replies":[{"embeddable":true,"href":"https:\/\/us.edu.pl\/student\/wp-json\/wp\/v2\/comments?post=37406"}],"version-history":[{"count":1,"href":"https:\/\/us.edu.pl\/student\/wp-json\/wp\/v2\/posts\/37406\/revisions"}],"predecessor-version":[{"id":37409,"href":"https:\/\/us.edu.pl\/student\/wp-json\/wp\/v2\/posts\/37406\/revisions\/37409"}],"wp:featuredmedia":[{"embeddable":true,"href":"https:\/\/us.edu.pl\/student\/wp-json\/wp\/v2\/media\/37408"}],"wp:attachment":[{"href":"https:\/\/us.edu.pl\/student\/wp-json\/wp\/v2\/media?parent=37406"}],"wp:term":[{"taxonomy":"category","embeddable":true,"href":"https:\/\/us.edu.pl\/student\/wp-json\/wp\/v2\/categories?post=37406"},{"taxonomy":"post_tag","embeddable":true,"href":"https:\/\/us.edu.pl\/student\/wp-json\/wp\/v2\/tags?post=37406"}],"curies":[{"name":"wp","href":"https:\/\/api.w.org\/{rel}","templated":true}]}}