{"id":40486,"date":"2023-06-07T13:15:15","date_gmt":"2023-06-07T11:15:15","guid":{"rendered":"https:\/\/us.edu.pl\/student\/?p=40486"},"modified":"2023-06-07T13:15:15","modified_gmt":"2023-06-07T11:15:15","slug":"list-jm-rektora-prof-dr-hab-ryszarda-koziolka-z-okazji-urodzin-naszego-uniwersytetu","status":"publish","type":"post","link":"https:\/\/us.edu.pl\/student\/list-jm-rektora-prof-dr-hab-ryszarda-koziolka-z-okazji-urodzin-naszego-uniwersytetu\/","title":{"rendered":"List JM Rektora prof. dr. hab. Ryszarda Kozio\u0142ka z okazji urodzin naszego Uniwersytetu"},"content":{"rendered":"<p><\/p>\n<p style=\"font-weight: 400; text-align: left;\"><span style=\"font-size: 12pt;\">Drodzy \u2013 Studentki i Studenci Uniwersytetu \u015al\u0105skiego!<\/span><\/p>\n<p style=\"font-weight: 400; text-align: left;\"><span style=\"font-size: 12pt;\">Od 55 lat Wy i Wasi poprzednicy macie sw\u00f3j Uniwersytet. W najprostszy i najbardziej naturalny spos\u00f3b wyra\u017camy to, odpowiadaj\u0105c na pytanie o przedmiot naszych studi\u00f3w. Wymieniamy wtedy zwykle nazw\u0119 kierunku i uzupe\u0142niamy \u2013 \u201eNa \u015al\u0105skim\u201d. S\u0105 odpowiedzi, kt\u00f3re trwaj\u0105 ju\u017c setki lat, jak w przypadku pokole\u0144 student\u00f3w Uniwersytetu Jagiello\u0144skiego, ale s\u0105 te\u017c takie, kt\u00f3re wybrzmiewaj\u0105 po raz pierwszy w nowych uczelniach. Za ka\u017cdym razem warto pyta\u0107 i szuka\u0107 odpowiedzi, co znaczy dzi\u015b dla mnie fakt, \u017ce studiuj\u0119 na \u201emoim\u201d Uniwersytecie?<\/span><\/p>\n<p style=\"font-weight: 400; text-align: left;\"><span style=\"font-size: 12pt;\">Staramy si\u0119 intensywnie, aby ta odpowied\u017a przychodzi\u0142a wam \u0142atwo oraz \u017ceby\u015bcie mogli wypowiada\u0107 j\u0105 z poczuciem sensu dokonanego wyboru oraz dumy z uczelni, kt\u00f3r\u0105 wsp\u00f3\u0142tworzycie. My\u015bl\u0119, \u017ce kolejny rok funkcjonowania Uniwersytetu \u015al\u0105skiego dostarczy\u0142 Wam nowych argument\u00f3w. Studiujecie bowiem w Uniwersytecie, kt\u00f3ry stan\u0105\u0142 na czele siedmiu uczelni publicznych Katowic, aby zdoby\u0107 tytu\u0142 Europejskiego Miasta Nauki na rok 2024. To wielki sukces miasta, jego uczelni, ca\u0142ego akademickiego regionu, w kt\u00f3rym mamy swoje wydzia\u0142y. Czerpiemy z bogactwa naszych miast akademickich: Chorzowa, Cieszyna, Katowic, Sosnowca; mo\u017cemy dzi\u0119ki nim wp\u0142ywa\u0107 na przysz\u0142o\u015b\u0107 ca\u0142ego regionu.\u00a0<\/span><\/p>\n<p style=\"font-weight: 400; text-align: left;\"><span style=\"font-size: 12pt;\">W nadchodz\u0105cym roku b\u0119dziecie zatem studiowa\u0107 w Uniwersytecie, kt\u00f3ry wsp\u00f3\u0142tworzy Europejskie Miasto Nauki. Program 50 Tygodni Miasta Nauki b\u0119dzie po\u015bwi\u0119cony najwa\u017cniejszym zagadnieniom polskiej i \u015bwiatowej nauki, kt\u00f3re maj\u0105 bezpo\u015bredni wp\u0142yw na nasze \u017cycie \u2013 tu, w regionie, w kraju i na \u015bwiecie. Zapraszam Was do wsp\u00f3lnej pracy przy tych wydarzeniach.<\/span><\/p>\n<p style=\"font-weight: 400; text-align: left;\"><span style=\"font-size: 12pt;\">Chcia\u0142bym jednak, aby\u015bcie mogli odczuwa\u0107 po\u017cytek ze swojego Uniwersytetu tak\u017ce wtedy, gdy minie rok 2024, a Wy sko\u0144czycie ju\u017c studia. I to nie tylko po\u017cytki w pracy zawodowej. Stanie si\u0119 tak, je\u015bli Miasto Nauki nie b\u0119dzie jedynie tytu\u0142em, ale stanie si\u0119 rzeczywisto\u015bci\u0105 naszego wsp\u00f3lnego \u017cycia, wsz\u0119dzie tam, gdzie je wiedziemy.<\/span><\/p>\n<p style=\"font-weight: 400; text-align: left;\"><span style=\"font-size: 12pt;\">Potraktujmy rok 2024, jak naukow\u0105 hipotez\u0119: czy potrafimy stworzy\u0107 warunki, aby ka\u017cdy, kto znajdzie si\u0119 w przestrzeni Miasta Nauki, m\u00f3g\u0142 zada\u0107 dowolne pytanie i uzyska\u0107 na nie najbardziej wiarygodn\u0105 odpowied\u017a \u2013 dzi\u0119ki \u201eswojemu\u201d Uniwersytetowi. Spr\u00f3bujmy przekszta\u0142ci\u0107 na ten rok nasze miasta akademickie w otwart\u0105 przestrze\u0144, gdzie obywatele miasta, jego go\u015bcie i przyjezdni, uczeni, studenci i doktoranci rozmawiaj\u0105, spotykaj\u0105 si\u0119, eksperymentuj\u0105 nad sposobami poprawy \u017cycia jednostkowego i spo\u0142ecznego. I czyni\u0105 to w spos\u00f3b w\u0142a\u015bciwy dla rozmowy i pracy akademickiej.<\/span><\/p>\n<p style=\"font-weight: 400; text-align: left;\"><span style=\"font-size: 12pt;\">Takie s\u0105 moje \u017cyczenia dla Was z okazji urodzin Uniwersytetu \u015al\u0105skiego \u2013 Naszego Uniwersytetu.<\/span><\/p>\n<p style=\"font-weight: 400; text-align: left;\"><span style=\"font-size: 12pt;\">Z wyrazami szacunku<\/span><\/p>\n<p style=\"font-weight: 400;\">\n<p style=\"font-weight: 400;\">\n<p style=\"font-weight: 400; text-align: left;\"><span style=\"font-size: 12pt;\"><strong><em>Ryszard Kozio\u0142ek<\/em><\/strong><\/span><\/p>\n<p style=\"font-weight: 400; text-align: left;\"><span style=\"font-size: 12pt;\"><strong><em>Rektor Uniwersytetu \u015al\u0105skiego<\/em><\/strong><\/span><\/p>\n<p><\/p>","protected":false},"excerpt":{"rendered":"<p>Drodzy \u2013 Studentki i Studenci Uniwersytetu \u015al\u0105skiego! Od 55 lat Wy i Wasi poprzednicy macie sw\u00f3j Uniwersytet. W najprostszy i najbardziej naturalny spos\u00f3b wyra\u017camy to, odpowiadaj\u0105c na pytanie o przedmiot naszych studi\u00f3w. Wymieniamy wtedy zwykle nazw\u0119 kierunku i uzupe\u0142niamy \u2013 \u201eNa \u015al\u0105skim\u201d. S\u0105 odpowiedzi, kt\u00f3re trwaj\u0105 ju\u017c setki lat, jak w przypadku pokole\u0144 student\u00f3w Uniwersytetu [&#8230;]<\/p>\n<p><a class=\"btn btn-secondary understrap-read-more-link\" href=\"https:\/\/us.edu.pl\/student\/list-jm-rektora-prof-dr-hab-ryszarda-koziolka-z-okazji-urodzin-naszego-uniwersytetu\/\">Read More&#8230;<\/a><\/p>\n","protected":false},"author":187,"featured_media":40487,"comment_status":"open","ping_status":"open","sticky":false,"template":"","format":"standard","meta":{"_expiration-date-status":"","_expiration-date":0,"_expiration-date-type":"","_expiration-date-categories":[],"_expiration-date-options":[]},"categories":[26,508],"tags":[],"acf":[],"_links":{"self":[{"href":"https:\/\/us.edu.pl\/student\/wp-json\/wp\/v2\/posts\/40486"}],"collection":[{"href":"https:\/\/us.edu.pl\/student\/wp-json\/wp\/v2\/posts"}],"about":[{"href":"https:\/\/us.edu.pl\/student\/wp-json\/wp\/v2\/types\/post"}],"author":[{"embeddable":true,"href":"https:\/\/us.edu.pl\/student\/wp-json\/wp\/v2\/users\/187"}],"replies":[{"embeddable":true,"href":"https:\/\/us.edu.pl\/student\/wp-json\/wp\/v2\/comments?post=40486"}],"version-history":[{"count":1,"href":"https:\/\/us.edu.pl\/student\/wp-json\/wp\/v2\/posts\/40486\/revisions"}],"predecessor-version":[{"id":40488,"href":"https:\/\/us.edu.pl\/student\/wp-json\/wp\/v2\/posts\/40486\/revisions\/40488"}],"wp:featuredmedia":[{"embeddable":true,"href":"https:\/\/us.edu.pl\/student\/wp-json\/wp\/v2\/media\/40487"}],"wp:attachment":[{"href":"https:\/\/us.edu.pl\/student\/wp-json\/wp\/v2\/media?parent=40486"}],"wp:term":[{"taxonomy":"category","embeddable":true,"href":"https:\/\/us.edu.pl\/student\/wp-json\/wp\/v2\/categories?post=40486"},{"taxonomy":"post_tag","embeddable":true,"href":"https:\/\/us.edu.pl\/student\/wp-json\/wp\/v2\/tags?post=40486"}],"curies":[{"name":"wp","href":"https:\/\/api.w.org\/{rel}","templated":true}]}}