{"id":40664,"date":"2023-06-29T09:11:13","date_gmt":"2023-06-29T07:11:13","guid":{"rendered":"https:\/\/us.edu.pl\/student\/?p=40664"},"modified":"2023-06-29T09:11:13","modified_gmt":"2023-06-29T07:11:13","slug":"jak-zostac-studentka-studentem-roku-rozmowa-w-polskim-radiu","status":"publish","type":"post","link":"https:\/\/us.edu.pl\/student\/jak-zostac-studentka-studentem-roku-rozmowa-w-polskim-radiu\/","title":{"rendered":"Jak zosta\u0107 Studentk\u0105\/Studentem Roku \u2013 rozmowa w Polskim Radiu"},"content":{"rendered":"<p><\/p>\n<p style=\"text-align: left;\"><span style=\"font-size: 12pt;\">Poznali\u015bmy ju\u017c laureat\u00f3w tegorocznej edycji Wyr\u00f3\u017cnie\u0144 JM Rektora U\u015a \u2013 <a href=\"https:\/\/us.edu.pl\/studentka-student-i-doktorant-roku-2023-wyniki-glosowania\/\">Studentk\u0105 i Studentem Roku<\/a> zostali ex aequo Daria Socha oraz Tomasz Janocha z Wydzia\u0142u Prawa i Administracji. O swojej dzia\u0142alno\u015bci oraz plebiscycie opowiedzieli podczas rozmowy w Polskim Radiu.<\/span><\/p>\n<p style=\"text-align: left;\"><span style=\"font-size: 12pt;\">Nagranie oraz artyku\u0142 dotycz\u0105cy Wyr\u00f3\u017cnie\u0144 dost\u0119pne s\u0105 <a href=\"https:\/\/www.polskieradio.pl\/10\/8905\/Artykul\/3197851,student-roku-co-robic-zeby-nim-zostac\">pod linkiem<\/a>.<\/span><\/p>\n<p><\/p>","protected":false},"excerpt":{"rendered":"<p>Poznali\u015bmy ju\u017c laureat\u00f3w tegorocznej edycji Wyr\u00f3\u017cnie\u0144 JM Rektora U\u015a \u2013 Studentk\u0105 i Studentem Roku zostali ex aequo Daria Socha oraz Tomasz Janocha z Wydzia\u0142u Prawa i Administracji. O swojej dzia\u0142alno\u015bci oraz plebiscycie opowiedzieli podczas rozmowy w Polskim Radiu. Nagranie oraz artyku\u0142 dotycz\u0105cy Wyr\u00f3\u017cnie\u0144 dost\u0119pne s\u0105 pod linkiem. [&#8230;]<\/p>\n<p><a class=\"btn btn-secondary understrap-read-more-link\" href=\"https:\/\/us.edu.pl\/student\/jak-zostac-studentka-studentem-roku-rozmowa-w-polskim-radiu\/\">Read More&#8230;<\/a><\/p>\n","protected":false},"author":187,"featured_media":40665,"comment_status":"open","ping_status":"open","sticky":false,"template":"","format":"standard","meta":{"_expiration-date-status":"","_expiration-date":0,"_expiration-date-type":"","_expiration-date-categories":[],"_expiration-date-options":[]},"categories":[526,45],"tags":[],"acf":[],"_links":{"self":[{"href":"https:\/\/us.edu.pl\/student\/wp-json\/wp\/v2\/posts\/40664"}],"collection":[{"href":"https:\/\/us.edu.pl\/student\/wp-json\/wp\/v2\/posts"}],"about":[{"href":"https:\/\/us.edu.pl\/student\/wp-json\/wp\/v2\/types\/post"}],"author":[{"embeddable":true,"href":"https:\/\/us.edu.pl\/student\/wp-json\/wp\/v2\/users\/187"}],"replies":[{"embeddable":true,"href":"https:\/\/us.edu.pl\/student\/wp-json\/wp\/v2\/comments?post=40664"}],"version-history":[{"count":1,"href":"https:\/\/us.edu.pl\/student\/wp-json\/wp\/v2\/posts\/40664\/revisions"}],"predecessor-version":[{"id":40666,"href":"https:\/\/us.edu.pl\/student\/wp-json\/wp\/v2\/posts\/40664\/revisions\/40666"}],"wp:featuredmedia":[{"embeddable":true,"href":"https:\/\/us.edu.pl\/student\/wp-json\/wp\/v2\/media\/40665"}],"wp:attachment":[{"href":"https:\/\/us.edu.pl\/student\/wp-json\/wp\/v2\/media?parent=40664"}],"wp:term":[{"taxonomy":"category","embeddable":true,"href":"https:\/\/us.edu.pl\/student\/wp-json\/wp\/v2\/categories?post=40664"},{"taxonomy":"post_tag","embeddable":true,"href":"https:\/\/us.edu.pl\/student\/wp-json\/wp\/v2\/tags?post=40664"}],"curies":[{"name":"wp","href":"https:\/\/api.w.org\/{rel}","templated":true}]}}