{"id":41596,"date":"2023-10-04T11:04:08","date_gmt":"2023-10-04T09:04:08","guid":{"rendered":"https:\/\/us.edu.pl\/student\/?p=41596"},"modified":"2023-10-04T11:04:08","modified_gmt":"2023-10-04T09:04:08","slug":"gala-nagrody-im-prof-jozefa-pietera","status":"publish","type":"post","link":"https:\/\/us.edu.pl\/student\/gala-nagrody-im-prof-jozefa-pietera\/","title":{"rendered":"Gala Nagrody im. prof. J\u00f3zefa Pietera"},"content":{"rendered":"<p><\/p>\n<p style=\"font-weight: 400; text-align: left;\"><span style=\"font-size: 12pt;\">W sobot\u0119 14 pa\u017adziernika o godz. 17:00 w Teatrze \u015al\u0105skim odb\u0119dzie si\u0119 Gala Nagrody im. prof. J\u00f3zefa Pietera. Podczas uroczysto\u015bci og\u0142oszony(-a) zostanie laureat b\u0105d\u017a laureatka konkursu, otrzymuj\u0105c tym samym nagrod\u0119 pieni\u0119\u017cn\u0105 w wysoko\u015bci 20 tys. z\u0142, ufundowan\u0105 przez Fundacj\u0119 im. prof. J\u00f3zefa Pietera.<\/span><\/p>\n<p style=\"font-weight: 400; text-align: left;\"><span style=\"font-size: 12pt;\">Finalistami Nagrody zostali:<\/span><\/p>\n<ol style=\"font-weight: 400;\">\n<li><span style=\"font-size: 12pt;\">Pani Edyta Duffek \u2013 nauczycielka j\u0119zyka angielskiego w II Liceum Og\u00f3lnokszta\u0142c\u0105cym im. Stefana \u017beromskiego w D\u0105browie G\u00f3rniczej.<\/span><\/li>\n<li><span style=\"font-size: 12pt;\">Pani Ewa Wawoczny \u2013 nauczycielka j\u0119zyka polskiego w Szkole Podstawowej nr 1 z Oddzia\u0142ami Integracyjnymi w Raciborzu.<\/span><\/li>\n<li><span style=\"font-size: 12pt;\">Pani Katarzyna Paliga \u2013 nauczycielka bibliotekarka w Szkole Podstawowej nr 29 z Oddzia\u0142ami Sportowymi im. Alfreda Szklarskiego w D\u0105browie G\u00f3rniczej.<\/span><\/li>\n<li><span style=\"font-size: 12pt;\">Pani Halina Pospiesza\u0142owska \u2013 nauczycielka w Og\u00f3lnokszta\u0142c\u0105cej Szkole Muzycznej im. Fryderyka Chopina w Bytomiu oraz w Pa\u0144stwowej Og\u00f3lnokszta\u0142c\u0105cej Szkole Muzycznej II stopnia im. Karola Szymanowskiego w Katowicach.<\/span><\/li>\n<li><span style=\"font-size: 12pt;\">Pan Krzysztof Smyczek \u2013 nauczyciel w Zespole Szk\u00f3\u0142 nr 6 im. Kr\u00f3la Jana III Sobieskiego w Jastrz\u0119biu-Zdroju oraz w Centrum Kszta\u0142cenia Praktycznego w Jastrz\u0119biu-Zdroju.<\/span><\/li>\n<\/ol>\n<p style=\"font-weight: 400; text-align: left;\"><span style=\"font-size: 12pt;\">Nagroda im. prof. J\u00f3zefa Pietera honoruje co roku wybitn\u0105 nauczycielk\u0119 b\u0105d\u017a wybitnego nauczyciela, kt\u00f3rzy pracuj\u0105 w szkole podstawowej lub ponadpodstawowej w wojew\u00f3dztwie \u015bl\u0105skim. Jest przyznawana osobom, kt\u00f3rych praca wykazuje fundamentalne znaczenie edukacji dla rozwoju dzieci i m\u0142odzie\u017cy, kt\u00f3re skutecznie dziel\u0105 si\u0119 swoj\u0105 mi\u0142o\u015bci\u0105 do wiedzy, \u0142\u0105cz\u0105 cechy i umiej\u0119tno\u015bci wybitnych nauczycieli przedmiotu oraz zaanga\u017cowanych pedagog\u00f3w, a tak\u017ce s\u0105 otwarte, tolerancyjne i sprawiedliwe. Prezentuj\u0105 tym samym postaw\u0119 i warto\u015bci bliskie patronowi Nagrody \u2013 prof. J\u00f3zefowi Pieterowi<a href=\"https:\/\/us.edu.pl\/nagrodapietera\/\">.<\/a><\/span><\/p>\n<p style=\"font-weight: 400; text-align: left;\"><span style=\"font-size: 12pt;\">Wszyscy zainteresowani udzia\u0142em w Gali proszeni s\u0105 o potwierdzenie swojej obecno\u015bci na adres: <a href=\"mailto:nagrodapietera@us.edu.pl\">nagrodapietera@us.edu.pl<\/a><\/span><span style=\"font-size: 12pt;\">. <\/span><\/p>\n<p style=\"font-weight: 400; text-align: left;\"><span style=\"font-size: 12pt;\">Wi\u0119cej o konkursie oraz\u00a0finalistach mo\u017cna przeczyta\u0107 <a href=\"https:\/\/us.edu.pl\/nagrodapietera\/\">na stronie internetowej<\/a>.<\/span><\/p>\n<p><\/p>","protected":false},"excerpt":{"rendered":"<p>W sobot\u0119 14 pa\u017adziernika o godz. 17:00 w Teatrze \u015al\u0105skim odb\u0119dzie si\u0119 Gala Nagrody im. prof. J\u00f3zefa Pietera. Podczas uroczysto\u015bci og\u0142oszony(-a) zostanie laureat b\u0105d\u017a laureatka konkursu, otrzymuj\u0105c tym samym nagrod\u0119 pieni\u0119\u017cn\u0105 w wysoko\u015bci 20 tys. z\u0142, ufundowan\u0105 przez Fundacj\u0119 im. prof. J\u00f3zefa Pietera. Finalistami Nagrody zostali: Pani Edyta Duffek \u2013 nauczycielka j\u0119zyka angielskiego w II [&#8230;]<\/p>\n<p><a class=\"btn btn-secondary understrap-read-more-link\" href=\"https:\/\/us.edu.pl\/student\/gala-nagrody-im-prof-jozefa-pietera\/\">Read More&#8230;<\/a><\/p>\n","protected":false},"author":187,"featured_media":41597,"comment_status":"open","ping_status":"open","sticky":false,"template":"","format":"standard","meta":{"_expiration-date-status":"","_expiration-date":0,"_expiration-date-type":"","_expiration-date-categories":[],"_expiration-date-options":[]},"categories":[19,26,40],"tags":[],"acf":[],"_links":{"self":[{"href":"https:\/\/us.edu.pl\/student\/wp-json\/wp\/v2\/posts\/41596"}],"collection":[{"href":"https:\/\/us.edu.pl\/student\/wp-json\/wp\/v2\/posts"}],"about":[{"href":"https:\/\/us.edu.pl\/student\/wp-json\/wp\/v2\/types\/post"}],"author":[{"embeddable":true,"href":"https:\/\/us.edu.pl\/student\/wp-json\/wp\/v2\/users\/187"}],"replies":[{"embeddable":true,"href":"https:\/\/us.edu.pl\/student\/wp-json\/wp\/v2\/comments?post=41596"}],"version-history":[{"count":1,"href":"https:\/\/us.edu.pl\/student\/wp-json\/wp\/v2\/posts\/41596\/revisions"}],"predecessor-version":[{"id":41598,"href":"https:\/\/us.edu.pl\/student\/wp-json\/wp\/v2\/posts\/41596\/revisions\/41598"}],"wp:featuredmedia":[{"embeddable":true,"href":"https:\/\/us.edu.pl\/student\/wp-json\/wp\/v2\/media\/41597"}],"wp:attachment":[{"href":"https:\/\/us.edu.pl\/student\/wp-json\/wp\/v2\/media?parent=41596"}],"wp:term":[{"taxonomy":"category","embeddable":true,"href":"https:\/\/us.edu.pl\/student\/wp-json\/wp\/v2\/categories?post=41596"},{"taxonomy":"post_tag","embeddable":true,"href":"https:\/\/us.edu.pl\/student\/wp-json\/wp\/v2\/tags?post=41596"}],"curies":[{"name":"wp","href":"https:\/\/api.w.org\/{rel}","templated":true}]}}