{"id":43210,"date":"2024-02-06T09:58:35","date_gmt":"2024-02-06T08:58:35","guid":{"rendered":"https:\/\/us.edu.pl\/student\/?p=43210"},"modified":"2024-02-06T09:58:35","modified_gmt":"2024-02-06T08:58:35","slug":"zaproszenie-jm-rektora-us-do-skladania-postulatow-ministrowi-nauki-i-szkolnictwa-wyzszego","status":"publish","type":"post","link":"https:\/\/us.edu.pl\/student\/zaproszenie-jm-rektora-us-do-skladania-postulatow-ministrowi-nauki-i-szkolnictwa-wyzszego\/","title":{"rendered":"Zaproszenie JM Rektora U\u015a do sk\u0142adania postulat\u00f3w Ministrowi Nauki i Szkolnictwa Wy\u017cszego"},"content":{"rendered":"<p><\/p>\n<p style=\"text-align: left;\"><span style=\"font-size: 12pt;\">Szanowni Pa\u0144stwo,<\/span><\/p>\n<p style=\"text-align: left;\"><span style=\"font-size: 12pt;\">Drogie Studentki,<\/span><\/p>\n<p style=\"text-align: left;\"><span style=\"font-size: 12pt;\">Drodzy Studenci,<\/span><\/p>\n<p style=\"text-align: left;\"><span style=\"font-size: 12pt;\">Wszystkie Osoby kszta\u0142c\u0105ce si\u0119 w Uniwersytecie \u015al\u0105skim,<\/span><br \/>\n<span style=\"font-size: 12pt;\">\u00a0<\/span><br \/>\n<span style=\"font-size: 12pt;\">Uniwersytet \u015al\u0105ski w dniu 27 marca 2024 r. b\u0119dzie gospodarzem spotkania Ministra Nauki i Szkolnictwa Wy\u017cszego Dariusza Wieczorka z rektorami i osobami studiuj\u0105cymi w uczelniach wojew\u00f3dztwa \u015bl\u0105skiego. To dobry moment, aby przedstawi\u0107 ministrowi opinie i postulaty odnosz\u0105ce si\u0119 do wszystkich problem\u00f3w dotycz\u0105cych studiowania, kt\u00f3re Waszym zdaniem powinny zosta\u0107 wys\u0142uchane i rozwi\u0105zane przy wsp\u00f3lnym zaanga\u017cowaniu uniwersytetu i ministerstwa. S\u0105 w\u015br\u00f3d nich prawdopodobnie regulacje odno\u015bnie do stypendi\u00f3w socjalnych, a tak\u017ce rosn\u0105cych koszt\u00f3w mieszka\u0144, transportu, wy\u017cywienia i podstawowych us\u0142ug, kt\u00f3re sk\u0142aniaj\u0105 Was do podejmowania pracy, a przez to ograniczaj\u0105 mo\u017cliwo\u015bci czerpania w pe\u0142ni z \u017cycia studenckiego.<\/span><\/p>\n<p style=\"text-align: left;\"><span style=\"font-size: 12pt;\">Ju\u017c teraz zapraszam Was do bezpo\u015bredniego udzia\u0142u w spotkaniu, a wcze\u015bniej do nadsy\u0142ania postulat\u00f3w, kt\u00f3re wsp\u00f3lnie przed\u0142o\u017cymy ministrowi (na adres e-mail:\u00a0<a href=\"mailto:glos.studencki@us.edu.pl\" rel=\"noreferrer\">glos.studencki@us.edu.pl<\/a>).<\/span><\/p>\n<p style=\"text-align: left;\"><span style=\"font-size: 12pt;\">Zanim porozmawiamy o nich z ministrem, wcze\u015bniej spotkajmy si\u0119 w naszym U\u015a-owym gronie, aby si\u0119 wzajemnie wys\u0142ucha\u0107 i przedyskutowa\u0107, co mo\u017ce zrobi\u0107 dla studentek i student\u00f3w uniwersytet, a do czego potrzebowa\u0107 b\u0119dziemy pomocy ministerstwa lub lokalnych w\u0142adz. Chcia\u0142bym om\u00f3wi\u0107 z Wami m.in. mo\u017cliwo\u015b\u0107 i potrzeb\u0119 budowy dom\u00f3w studenckich w centrum Katowic oraz rozszerzenia us\u0142ug wsparcia socjalnego oferowanych w Uniwersytecie. B\u0119dzie to te\u017c okazja do przedstawienia Wam projekt\u00f3w Europejskiego Miasta Nauki tworzonych przez osoby studiuj\u0105ce i dla nich \u2013 w tym m.in. fundusz na granty studenckie, uniwersytecki bud\u017cet obywatelski dla os\u00f3b studiuj\u0105cych oraz program rozwoju proponowany przez Rad\u0119 M\u0142odych Miasta Nauki. Programy te zostan\u0105 uruchomione w najbli\u017cszych dniach dzi\u0119ki funduszom, kt\u00f3re przekaza\u0142 Uniwersytetowi na te cele Sejmik Wojew\u00f3dztwa \u015al\u0105skiego i Metropolia.<\/span><\/p>\n<p style=\"text-align: left;\"><span style=\"font-size: 12pt;\">Spotkajmy si\u0119 27 lutego 2024 r. o godzinie 13.00 w nowym uniwersyteckim budynku\u00a0<a href=\"https:\/\/us.edu.pl\/wspolpraca\/wspolpraca-z-biznesem\/spinplace\/\" target=\"_blank\" rel=\"noopener noreferrer\">spinPLACE<\/a> przy ul. Bankowej 5, w Klubie Rawa na poddaszu (spotkanie ma charakter otwarty dla wszystkich studentek i student\u00f3w U\u015a). Tego dnia przed po\u0142udniem nast\u0105pi oficjalne otwarcie tego miejsca, kt\u00f3re powsta\u0142o z my\u015bl\u0105 o stworzeniu dla wszystkich cz\u0142onki\u0144 i cz\u0142onk\u00f3w wsp\u00f3lnoty U\u015a przestrzeni do spotka\u0144, integracji, wygodnej pracy indywidualnej i zespo\u0142owej.<\/span><\/p>\n<p style=\"text-align: left;\"><span style=\"font-size: 12pt;\">Chcia\u0142bym, aby\u015bcie poczu\u0142y\/poczuli, \u017ce studiowa\u0107 w Uniwersytecie \u015al\u0105skim oznacza mie\u0107 wp\u0142yw nie tylko na swoje osobiste \u017cycie, ale na to, aby Wasz uniwersytet i region sta\u0142y si\u0119 prawdziwie przyjazne dla m\u0142odych ludzi.<\/span><\/p>\n<p>&nbsp;<\/p>\n<p style=\"text-align: left;\"><span style=\"font-size: 12pt;\">Z serdecznymi pozdrowieniami<\/span><\/p>\n<p style=\"text-align: left;\"><span style=\"font-size: 12pt;\">prof. dr hab. Ryszard Kozio\u0142ek<\/span><\/p>\n<p style=\"text-align: left;\"><span style=\"font-size: 12pt;\">Rektor Uniwersytetu \u015al\u0105skiego w Katowicach<\/span><\/p>\n<p><\/p>","protected":false},"excerpt":{"rendered":"<p>Szanowni Pa\u0144stwo, Drogie Studentki, Drodzy Studenci, Wszystkie Osoby kszta\u0142c\u0105ce si\u0119 w Uniwersytecie \u015al\u0105skim, \u00a0 Uniwersytet \u015al\u0105ski w dniu 27 marca 2024 r. b\u0119dzie gospodarzem spotkania Ministra Nauki i Szkolnictwa Wy\u017cszego Dariusza Wieczorka z rektorami i osobami studiuj\u0105cymi w uczelniach wojew\u00f3dztwa \u015bl\u0105skiego. To dobry moment, aby przedstawi\u0107 ministrowi opinie i postulaty odnosz\u0105ce si\u0119 do wszystkich problem\u00f3w [&#8230;]<\/p>\n<p><a class=\"btn btn-secondary understrap-read-more-link\" href=\"https:\/\/us.edu.pl\/student\/zaproszenie-jm-rektora-us-do-skladania-postulatow-ministrowi-nauki-i-szkolnictwa-wyzszego\/\">Read More&#8230;<\/a><\/p>\n","protected":false},"author":187,"featured_media":43211,"comment_status":"open","ping_status":"open","sticky":false,"template":"","format":"standard","meta":{"_expiration-date-status":"","_expiration-date":0,"_expiration-date-type":"","_expiration-date-categories":[],"_expiration-date-options":[]},"categories":[19,26],"tags":[],"acf":[],"_links":{"self":[{"href":"https:\/\/us.edu.pl\/student\/wp-json\/wp\/v2\/posts\/43210"}],"collection":[{"href":"https:\/\/us.edu.pl\/student\/wp-json\/wp\/v2\/posts"}],"about":[{"href":"https:\/\/us.edu.pl\/student\/wp-json\/wp\/v2\/types\/post"}],"author":[{"embeddable":true,"href":"https:\/\/us.edu.pl\/student\/wp-json\/wp\/v2\/users\/187"}],"replies":[{"embeddable":true,"href":"https:\/\/us.edu.pl\/student\/wp-json\/wp\/v2\/comments?post=43210"}],"version-history":[{"count":1,"href":"https:\/\/us.edu.pl\/student\/wp-json\/wp\/v2\/posts\/43210\/revisions"}],"predecessor-version":[{"id":43212,"href":"https:\/\/us.edu.pl\/student\/wp-json\/wp\/v2\/posts\/43210\/revisions\/43212"}],"wp:featuredmedia":[{"embeddable":true,"href":"https:\/\/us.edu.pl\/student\/wp-json\/wp\/v2\/media\/43211"}],"wp:attachment":[{"href":"https:\/\/us.edu.pl\/student\/wp-json\/wp\/v2\/media?parent=43210"}],"wp:term":[{"taxonomy":"category","embeddable":true,"href":"https:\/\/us.edu.pl\/student\/wp-json\/wp\/v2\/categories?post=43210"},{"taxonomy":"post_tag","embeddable":true,"href":"https:\/\/us.edu.pl\/student\/wp-json\/wp\/v2\/tags?post=43210"}],"curies":[{"name":"wp","href":"https:\/\/api.w.org\/{rel}","templated":true}]}}