{"id":46822,"date":"2024-10-18T16:49:00","date_gmt":"2024-10-18T14:49:00","guid":{"rendered":"https:\/\/us.edu.pl\/student\/?p=46822"},"modified":"2024-10-18T16:49:00","modified_gmt":"2024-10-18T14:49:00","slug":"miedzynarodowy-kongres-jakosci-ksztalcenia-zaproszenie-dla-studentek-i-studentow","status":"publish","type":"post","link":"https:\/\/us.edu.pl\/student\/miedzynarodowy-kongres-jakosci-ksztalcenia-zaproszenie-dla-studentek-i-studentow\/","title":{"rendered":"Mi\u0119dzynarodowy Kongres Jako\u015bci Kszta\u0142cenia \u2013 zaproszenie dla studentek i student\u00f3w"},"content":{"rendered":"<p><\/p>\n<p style=\"text-align: left;\"><span style=\"font-size: 12pt;\">Przed nami III edycja Mi\u0119dzynarodowego Kongresu Jako\u015bci Kszta\u0142cenia \u2013 wydarzenia dla os\u00f3b zainteresowanych zagadnieniami, kt\u00f3re dotycz\u0105 doskonalenia i monitorowania jako\u015bci kszta\u0142cenia<!--more-->, akredytacji, umi\u0119dzynarodowienia kszta\u0142cenia, rozwoju kompetencji dydaktycznych oraz kszta\u0142cenia zdalnego.<\/span><\/p>\n<p style=\"text-align: left;\">\n<p style=\"text-align: left;\"><span style=\"font-size: 12pt;\">W programie znalaz\u0142o si\u0119 wiele aktywno\u015bci zaplanowanych dla os\u00f3b studiuj\u0105cych, w tym prowadzone przez Akademick\u0105 Sie\u0107 R\u00f3wno\u015bci i Bezpiecze\u0144stwa (ASBiR).<\/span><\/p>\n<p style=\"text-align: left;\"><span style=\"font-size: 12pt;\">W \u015brod\u0119 23 pa\u017adziernika szczeg\u00f3lnie zapraszamy na szkolenia:<\/span><\/p>\n<ul>\n<li><span style=\"font-size: 12pt;\"><a href=\"https:\/\/iceq.pl\/produkt\/rozumienie-jezyka-prawnego\/\" target=\"_blank\" rel=\"noopener noreferrer\">Rozumienie j\u0119zyka prawnego jako j\u0119zyka regulamin\u00f3w i decyzji wydawanych na uczelni w sprawach indywidualnych (w tym podstawy stosowania KPA)<\/a> \u2013 szkolenie pozwoli Wam lepiej zaznajomi\u0107 si\u0119 z podstawowymi zasadami j\u0119zyka prawnego.<\/span><\/li>\n<li><span style=\"font-size: 12pt;\"><a href=\"https:\/\/iceq.pl\/produkt\/wplyw-realizacji-ustawowych-praw-na-jakosc-ksztalcenia-i-szerzej-na-zmiane-uczelni-na-lepsze-w-tym-istota-ankietyzacji\/\" target=\"_blank\" rel=\"noopener noreferrer\">Wp\u0142yw realizacji ustawowych praw na jako\u015b\u0107 kszta\u0142cenia i szerzej na zmian\u0119 uczelni na lepsze (w tym istota ankietyzacji)<\/a> \u2013 podczas szkolenia dowiecie si\u0119, jakie uprawnienia w procesie kszta\u0142cenia Wam przys\u0142uguj\u0105 oraz w jaki spos\u00f3b z nich korzysta\u0107, aby rzeczywi\u015bcie poprawia\u0142y efektywno\u015b\u0107 Waszego kszta\u0142cenia.\u00a0<\/span><\/li>\n<li><span style=\"font-size: 12pt;\"><a href=\"https:\/\/iceq.pl\/produkt\/akademickie-instytucje-i-procedury-wsparcia-realizacji-praw-osob-studiujacych-i-przygotowujacych-rozprawy-doktorskie\/\" target=\"_blank\" rel=\"noopener noreferrer\">Akademickie instytucje i procedury wsparcia realizacji praw os\u00f3b studiuj\u0105cych i przygotowuj\u0105cych rozprawy doktorskie<\/a> \u2013 szkolenie zwi\u0119kszy Wasz\u0105 \u015bwiadomo\u015b\u0107 w zakresie mo\u017cliwych form zwracania si\u0119 o rad\u0119 i pomoc na uczelni.<\/span><\/li>\n<li><span style=\"font-size: 12pt;\"><a href=\"https:\/\/iceq.pl\/produkt\/postepowania-dyscyplinarne-w-pigulce-za-co-i-dlaczego-uczelnia-moze-karac-osoby-studiujace-i-przygotowujace-rozprawy-doktorskie\/\" target=\"_blank\" rel=\"noopener noreferrer\">Post\u0119powania dyscyplinarne w pigu\u0142ce \u2013 za co i dlaczego uczelnia mo\u017ce kara\u0107 osoby studiuj\u0105ce i przygotowuj\u0105ce rozprawy doktorskie<\/a> \u2013 szkolenie pozwoli Wam naby\u0107 wiedz\u0119 i \u015bwiadomo\u015b\u0107 w zakresie istoty i procedury post\u0119powa\u0144 dyscyplinarnych.\u00a0<\/span><\/li>\n<li><span style=\"font-size: 12pt;\"><a href=\"https:\/\/iceq.pl\/produkt\/samorzad-studencki-i-organizacje-akademickie-jako-organizacje-straznicze-i-wspoltworzace-polityki-uczelniane\/\" target=\"_blank\" rel=\"noopener noreferrer\">Samorz\u0105d studencki i organizacje akademickie jako organizacje stra\u017cnicze i wsp\u00f3\u0142tworz\u0105ce polityki uczelniane<\/a> \u2013 liderki i liderzy \u015brodowiska studenckiego i doktoranckiego dowiedz\u0105 si\u0119, jak wp\u0142ywa\u0107 na bie\u017c\u0105ce funkcjonalnie uczelni wy\u017cszych oraz na d\u0142ugofalowe kszta\u0142towanie ich polityk.<\/span><\/li>\n<\/ul>\n<p style=\"text-align: left;\"><span style=\"font-size: 12pt;\">Z kolei w czwartek 24 pa\u017adziernika szczeg\u00f3lnie zapraszamy na:<\/span><\/p>\n<ul>\n<li><span style=\"font-size: 12pt;\"><a href=\"https:\/\/iceq.pl\/produkt\/spotkanie-robocze-rady-mlodych-europejskiego-miasta-nauki-katowice-2024\/\" target=\"_blank\" rel=\"noopener noreferrer\">Spotkanie Rady M\u0142odych Europejskiego Miasta Nauko Katowice 2024 \u2013 dlaczego Katowice to dobre miejsce do studiowania? Czym kampus \u015bl\u0105ski zachwyca student\u00f3w przyje\u017cd\u017caj\u0105cych w ramach programu Erasmus+?<\/a> \u2013 osoby uczestnicz\u0105ce przekonaj\u0105 si\u0119, dlaczego warto studiowa\u0107 w Katowicach.<\/span><\/li>\n<li><span style=\"font-size: 12pt;\"><a href=\"https:\/\/iceq.pl\/produkt\/uroczysta-inauguracja-kongresu\/\" target=\"_blank\" rel=\"noopener noreferrer\">Uroczyst\u0105 Inauguracj\u0119 Kongresu w Muzeum \u015al\u0105skim<\/a> \u2013 osoby uczestnicz\u0105ce w panelu, reprezentuj\u0105ce uczelnie z r\u00f3\u017cnych kraj\u00f3w, opowiedz\u0105 o najskuteczniejszych sposobach wspierania mobilno\u015bci mi\u0119dzynarodowych, a tak\u017ce podziel\u0105 si\u0119 do\u015bwiadczeniami i sprawdzonymi rozwi\u0105zaniami w tym zakresie.<\/span><\/li>\n<\/ul>\n<p style=\"text-align: left;\"><span style=\"font-size: 12pt;\">UWAGA! Z my\u015bl\u0105 o tym, \u017ceby u\u0142atwi\u0107 Wam udzia\u0142 w aktywno\u015bciach kongresowych, mo\u017cecie ubiega\u0107 si\u0119 o usprawiedliwienie nieobecno\u015bci na zaj\u0119ciach.<\/span><\/p>\n<p style=\"text-align: left;\"><span style=\"font-size: 12pt;\">Kongres odbywa\u0107 si\u0119 b\u0119dzie od 23 do 25 pa\u017adziernika. Udzia\u0142 w wydarzeniu jest bezp\u0142atny, jednak na wszystkie aktywno\u015bci obowi\u0105zuje rejestracja poprzez <a href=\"https:\/\/systemcoffee.pl\/?lang=pl&amp;go2rej=1&amp;kid=1649\" target=\"_blank\" rel=\"noopener noreferrer\">formularz<\/a>.\u00a0<\/span><\/p>\n<p style=\"text-align: left;\"><span style=\"font-size: 12pt;\">Tegoroczny Kongres \u2013 organizowany w Europejskim Mie\u015bcie Nauki Katowice 2024 \u2013 b\u0119dzie \u015bwietn\u0105 okazj\u0105 do dzielenia si\u0119 do\u015bwiadczeniem i dobrymi praktykami w zakresie umi\u0119dzynarodowienia kszta\u0142cenia, efektami mi\u0119dzynarodowych projekt\u00f3w edukacyjnych, a tak\u017ce innowacjami dydaktycznymi z powodzeniem wdro\u017conymi przez polskie i zagraniczne uczelnie. Wa\u017cna dla Kongresu jest r\u00f3wnie\u017c idea Uniwersytet\u00f3w Europejskich realizowana przez wiele polskich uczelni. Inne kluczowe zagadnienia dotycz\u0105 podw\u00f3jnych dyplom\u00f3w studi\u00f3w, dyplom\u00f3w europejskich, mobilno\u015bci studenckich i pracowniczych, a tak\u017ce budowania silnych partnerstw mi\u0119dzynarodowych wok\u00f3\u0142 strategicznych aspekt\u00f3w kszta\u0142cenia.\u00a0<\/span><\/p>\n<p style=\"text-align: left;\"><span style=\"font-size: 12pt;\">Pe\u0142ny program Kongresu mo\u017cna znale\u017a\u0107 na stronie\u00a0<a href=\"http:\/\/iceq.pl\/\" target=\"_blank\" rel=\"noopener noreferrer\">iceq.pl<\/a>.\u00a0<\/span><\/p>\n<p style=\"text-align: left;\"><span style=\"font-size: 12pt;\">Organizatorami Mi\u0119dzynarodowego Kongresu Jako\u015bci Kszta\u0142cenia s\u0105 uczelnie wchodz\u0105ce w sk\u0142ad Konsorcjum Akademickiego \u2013 Katowice Miasto Nauki:<\/span><\/p>\n<ul>\n<li><span style=\"font-size: 12pt;\">Uniwersytet \u015al\u0105ski w Katowicach,<\/span><\/li>\n<li><span style=\"font-size: 12pt;\">Akademia Muzyczna im. Karola Szymanowskiego w\u202fKatowicach,<\/span><\/li>\n<li><span style=\"font-size: 12pt;\">Akademia Sztuk Pi\u0119knych w\u202fKatowicach,<\/span><\/li>\n<li><span style=\"font-size: 12pt;\">Akademia Wychowania Fizycznego im. Jerzego Kukuczki w Katowicach,<\/span><\/li>\n<li><span style=\"font-size: 12pt;\">Politechnika \u015al\u0105ska,<\/span><\/li>\n<li><span style=\"font-size: 12pt;\">\u015al\u0105ski Uniwersytet Medyczny w\u202fKatowicach,<\/span><\/li>\n<li><span style=\"font-size: 12pt;\">Uniwersytet Ekonomiczny w\u202fKatowicach.<\/span><\/li>\n<\/ul>\n<p style=\"text-align: left;\"><span style=\"font-size: 12pt;\">Wydarzenie jest dofinansowanie ze \u015brodk\u00f3w Wojew\u00f3dztwa \u015al\u0105skiego \u2013 Wsp\u00f3\u0142organizatora Europejskiego Miasta Nauki Katowice 2024.<\/span><\/p>\n<p><\/p>","protected":false},"excerpt":{"rendered":"<p>Przed nami III edycja Mi\u0119dzynarodowego Kongresu Jako\u015bci Kszta\u0142cenia \u2013 wydarzenia dla os\u00f3b zainteresowanych zagadnieniami, kt\u00f3re dotycz\u0105 doskonalenia i monitorowania jako\u015bci kszta\u0142cenia [&#8230;]<\/p>\n<p><a class=\"btn btn-secondary understrap-read-more-link\" href=\"https:\/\/us.edu.pl\/student\/miedzynarodowy-kongres-jakosci-ksztalcenia-zaproszenie-dla-studentek-i-studentow\/\">Read More&#8230;<\/a><\/p>\n","protected":false},"author":187,"featured_media":46649,"comment_status":"closed","ping_status":"open","sticky":false,"template":"","format":"standard","meta":{"_expiration-date-status":"","_expiration-date":0,"_expiration-date-type":"","_expiration-date-categories":[],"_expiration-date-options":[]},"categories":[19,43],"tags":[],"acf":[],"_links":{"self":[{"href":"https:\/\/us.edu.pl\/student\/wp-json\/wp\/v2\/posts\/46822"}],"collection":[{"href":"https:\/\/us.edu.pl\/student\/wp-json\/wp\/v2\/posts"}],"about":[{"href":"https:\/\/us.edu.pl\/student\/wp-json\/wp\/v2\/types\/post"}],"author":[{"embeddable":true,"href":"https:\/\/us.edu.pl\/student\/wp-json\/wp\/v2\/users\/187"}],"replies":[{"embeddable":true,"href":"https:\/\/us.edu.pl\/student\/wp-json\/wp\/v2\/comments?post=46822"}],"version-history":[{"count":1,"href":"https:\/\/us.edu.pl\/student\/wp-json\/wp\/v2\/posts\/46822\/revisions"}],"predecessor-version":[{"id":46829,"href":"https:\/\/us.edu.pl\/student\/wp-json\/wp\/v2\/posts\/46822\/revisions\/46829"}],"wp:featuredmedia":[{"embeddable":true,"href":"https:\/\/us.edu.pl\/student\/wp-json\/wp\/v2\/media\/46649"}],"wp:attachment":[{"href":"https:\/\/us.edu.pl\/student\/wp-json\/wp\/v2\/media?parent=46822"}],"wp:term":[{"taxonomy":"category","embeddable":true,"href":"https:\/\/us.edu.pl\/student\/wp-json\/wp\/v2\/categories?post=46822"},{"taxonomy":"post_tag","embeddable":true,"href":"https:\/\/us.edu.pl\/student\/wp-json\/wp\/v2\/tags?post=46822"}],"curies":[{"name":"wp","href":"https:\/\/api.w.org\/{rel}","templated":true}]}}