{"id":47988,"date":"2024-11-25T16:23:49","date_gmt":"2024-11-25T15:23:49","guid":{"rendered":"https:\/\/us.edu.pl\/student\/?p=47988"},"modified":"2024-11-25T16:23:49","modified_gmt":"2024-11-25T15:23:49","slug":"przewodniczacy-urss-michal-szczesny-w-nowych-wladzach-parlamentu-studentow-rp","status":"publish","type":"post","link":"https:\/\/us.edu.pl\/student\/przewodniczacy-urss-michal-szczesny-w-nowych-wladzach-parlamentu-studentow-rp\/","title":{"rendered":"Przewodnicz\u0105cy URSS Micha\u0142 Szcz\u0119sny w nowych w\u0142adzach Parlamentu Student\u00f3w RP"},"content":{"rendered":"<p><\/p>\n<p style=\"text-align: left;\"><span style=\"font-size: 12pt;\">Z przyjemno\u015bci\u0105 og\u0142aszamy, \u017ce Micha\u0142 Szcz\u0119sny \u2013 przewodnicz\u0105cy Uczelnianej Rady Samorz\u0105du Student\u00f3w U\u015a \u2013 zosta\u0142 cz\u0142onkiem Rady Wykonawczej Parlamentu Student\u00f3w Rzeczypospolitej Polskiej.<\/span><\/p>\n<p style=\"text-align: left;\"><span style=\"font-size: 12pt;\">Wybory w\u0142adz Parlamentu Student\u00f3w RP na kadencj\u0119 2025\/2026 odby\u0142y si\u0119 22 listopada podczas XXVIII Zjazdu Delegat\u00f3w w Warszawie.<\/span><\/p>\n<p style=\"text-align: left;\"><span style=\"font-size: 12pt;\">Z ca\u0142ego serca gratulujemy i \u017cyczymy dalszych sukces\u00f3w!<\/span><\/p>\n<p style=\"text-align: left;\"><span style=\"font-size: 12pt;\">Parlament Student\u00f3w Rzeczypospolitej Polskiej jest niezale\u017cn\u0105 og\u00f3lnopolsk\u0105 organizacj\u0105, b\u0119d\u0105c\u0105 ustawowym reprezentantem wszystkich student\u00f3w w Polsce. Zrzesza samorz\u0105dy studenckie ze wszystkich uczelni publicznych i niepublicznych w kraju. Istnieje nieprzerwanie od 1995 roku. W tym okresie zorganizowa\u0142 setki projekt\u00f3w, wyszkoli\u0142 kilkadziesi\u0105t tysi\u0119cy samorz\u0105dowc\u00f3w studenckich oraz wsp\u00f3\u0142tworzy\u0142 akty prawne kluczowe dla \u015brodowiska akademickiego.<\/span><\/p>\n<p style=\"text-align: left;\"><span style=\"font-size: 12pt;\">Wi\u0119cej o nowych w\u0142adzach Parlamentu Student\u00f3w RP mo\u017cna przeczyta\u0107 na stronie <a href=\"https:\/\/forumakademickie.pl\/zycie-akademickie\/wybrano-nowe-wladze-parlamentu-studentow-rp\/?fbclid=IwZXh0bgNhZW0CMTAAAR0E8pFdJwaIMmP_1ow2JW-7oG-xWOI2_seF4BWG1IoBOdqPTtmaTa3xw4Q_aem_sUUUKdeAzUi1jHJL_BFRJg\">Forum Akademickiego<\/a>.<\/span><\/p>\n<p><\/p>","protected":false},"excerpt":{"rendered":"<p>Z przyjemno\u015bci\u0105 og\u0142aszamy, \u017ce Micha\u0142 Szcz\u0119sny \u2013 przewodnicz\u0105cy Uczelnianej Rady Samorz\u0105du Student\u00f3w U\u015a \u2013 zosta\u0142 cz\u0142onkiem Rady Wykonawczej Parlamentu Student\u00f3w Rzeczypospolitej Polskiej. Wybory w\u0142adz Parlamentu Student\u00f3w RP na kadencj\u0119 2025\/2026 odby\u0142y si\u0119 22 listopada podczas XXVIII Zjazdu Delegat\u00f3w w Warszawie. Z ca\u0142ego serca gratulujemy i \u017cyczymy dalszych sukces\u00f3w! Parlament Student\u00f3w Rzeczypospolitej Polskiej jest niezale\u017cn\u0105 og\u00f3lnopolsk\u0105 [&#8230;]<\/p>\n<p><a class=\"btn btn-secondary understrap-read-more-link\" href=\"https:\/\/us.edu.pl\/student\/przewodniczacy-urss-michal-szczesny-w-nowych-wladzach-parlamentu-studentow-rp\/\">Read More&#8230;<\/a><\/p>\n","protected":false},"author":187,"featured_media":47990,"comment_status":"closed","ping_status":"open","sticky":false,"template":"","format":"standard","meta":{"_expiration-date-status":"","_expiration-date":0,"_expiration-date-type":"","_expiration-date-categories":[],"_expiration-date-options":[]},"categories":[19,27],"tags":[],"acf":[],"_links":{"self":[{"href":"https:\/\/us.edu.pl\/student\/wp-json\/wp\/v2\/posts\/47988"}],"collection":[{"href":"https:\/\/us.edu.pl\/student\/wp-json\/wp\/v2\/posts"}],"about":[{"href":"https:\/\/us.edu.pl\/student\/wp-json\/wp\/v2\/types\/post"}],"author":[{"embeddable":true,"href":"https:\/\/us.edu.pl\/student\/wp-json\/wp\/v2\/users\/187"}],"replies":[{"embeddable":true,"href":"https:\/\/us.edu.pl\/student\/wp-json\/wp\/v2\/comments?post=47988"}],"version-history":[{"count":1,"href":"https:\/\/us.edu.pl\/student\/wp-json\/wp\/v2\/posts\/47988\/revisions"}],"predecessor-version":[{"id":47993,"href":"https:\/\/us.edu.pl\/student\/wp-json\/wp\/v2\/posts\/47988\/revisions\/47993"}],"wp:featuredmedia":[{"embeddable":true,"href":"https:\/\/us.edu.pl\/student\/wp-json\/wp\/v2\/media\/47990"}],"wp:attachment":[{"href":"https:\/\/us.edu.pl\/student\/wp-json\/wp\/v2\/media?parent=47988"}],"wp:term":[{"taxonomy":"category","embeddable":true,"href":"https:\/\/us.edu.pl\/student\/wp-json\/wp\/v2\/categories?post=47988"},{"taxonomy":"post_tag","embeddable":true,"href":"https:\/\/us.edu.pl\/student\/wp-json\/wp\/v2\/tags?post=47988"}],"curies":[{"name":"wp","href":"https:\/\/api.w.org\/{rel}","templated":true}]}}