{"id":51730,"date":"2025-03-25T11:38:04","date_gmt":"2025-03-25T10:38:04","guid":{"rendered":"https:\/\/us.edu.pl\/student\/?p=51730"},"modified":"2025-04-01T15:13:41","modified_gmt":"2025-04-01T13:13:41","slug":"stypendium-ministra-nauki-i-szkolnictwa-wyzszego-dla-studentek-i-studentow-us","status":"publish","type":"post","link":"https:\/\/us.edu.pl\/student\/stypendium-ministra-nauki-i-szkolnictwa-wyzszego-dla-studentek-i-studentow-us\/","title":{"rendered":"Stypendium Ministra Nauki i Szkolnictwa Wy\u017cszego dla studentek i student\u00f3w U\u015a"},"content":{"rendered":"<p><\/p>\n<p style=\"text-align: left;\"><span style=\"font-size: 12pt;\">Z rado\u015bci\u0105 og\u0142aszamy, \u017ce 10 studentek i student\u00f3w Uniwersytetu \u015al\u0105skiego otrzyma\u0142o stypendium Ministra Nauki i Szkolnictwa Wy\u017cszego na rok akademicki 2024\/2025!\u00a0<\/span><\/p>\n<p style=\"text-align: left;\"><span style=\"font-size: 12pt;\">W\u015br\u00f3d laureatek i laureat\u00f3w stypendium znale\u017ali si\u0119:<\/span><\/p>\n<ol>\n<li style=\"font-weight: 400;\"><span style=\"font-size: 12pt;\">Kamila Adamik \u2013 biologia<\/span><\/li>\n<li style=\"font-weight: 400;\"><span style=\"font-size: 12pt;\">Daria Delanowska \u2013 filologia wschodnios\u0142owia\u0144ska<\/span><\/li>\n<li style=\"font-weight: 400;\"><span style=\"font-size: 12pt;\">Katarzyna Gryncewicz \u2013 filologia polska<\/span><\/li>\n<li style=\"font-weight: 400;\"><span style=\"font-size: 12pt;\">Alicja Klasik \u2013 zarz\u0105dzanie zasobami ludzkimi w organizacji<\/span><\/li>\n<li style=\"font-weight: 400;\"><span style=\"font-size: 12pt;\">Aleksandra Kociszewska \u2013 grafika<\/span><\/li>\n<li style=\"font-weight: 400;\"><span style=\"font-size: 12pt;\">Dominik Ko\u0142odziej \u2013 prawo<\/span><\/li>\n<li style=\"font-weight: 400;\"><span style=\"font-size: 12pt;\">Nina Kumorek \u2013 edukacja artystyczna w zakresie sztuki muzycznej<\/span><\/li>\n<li style=\"font-weight: 400;\"><span style=\"font-size: 12pt;\">Pawe\u0142 Regiewicz \u2013 filologia polska<\/span><\/li>\n<li style=\"font-weight: 400;\"><span style=\"font-size: 12pt;\">Daria Socha \u2013 prawo<\/span><\/li>\n<li style=\"font-weight: 400;\"><span style=\"font-size: 12pt;\">Kornelia Warakomska \u2013 filologia wschodnios\u0142owia\u0144ska<\/span><\/li>\n<\/ol>\n<p style=\"text-align: left;\"><span style=\"font-size: 12pt;\">Serdecznie gratulujemy sukcesu!<\/span><\/p>\n<p style=\"text-align: left;\"><span style=\"font-size: 12pt;\">Wi\u0119cej informacji oraz pe\u0142n\u0105 list\u0119 laureatek i laureat\u00f3w stypendium mo\u017cna znale\u017a\u0107 <a href=\"https:\/\/www.gov.pl\/web\/nauka\/ogloszenie-wynikow-postepowania-w-sprawie-przyznania-stypendiow-ministra-nauki-i-szkolnictwa-wyzszego-dla-studentow-na-rok-akademicki-20242025-konkurs-sst05\">na portalu Gov.pl<\/a>.<\/span><\/p>\n<p><\/p>","protected":false},"excerpt":{"rendered":"<p>Z rado\u015bci\u0105 og\u0142aszamy, \u017ce 10 studentek i student\u00f3w Uniwersytetu \u015al\u0105skiego otrzyma\u0142o stypendium Ministra Nauki i Szkolnictwa Wy\u017cszego na rok akademicki 2024\/2025!\u00a0 W\u015br\u00f3d laureatek i laureat\u00f3w stypendium znale\u017ali si\u0119: Kamila Adamik \u2013 biologia Daria Delanowska \u2013 filologia wschodnios\u0142owia\u0144ska Katarzyna Gryncewicz \u2013 filologia polska Alicja Klasik \u2013 zarz\u0105dzanie zasobami ludzkimi w organizacji Aleksandra Kociszewska \u2013 grafika Dominik [&#8230;]<\/p>\n<p><a class=\"btn btn-secondary understrap-read-more-link\" href=\"https:\/\/us.edu.pl\/student\/stypendium-ministra-nauki-i-szkolnictwa-wyzszego-dla-studentek-i-studentow-us\/\">Read More&#8230;<\/a><\/p>\n","protected":false},"author":187,"featured_media":51743,"comment_status":"closed","ping_status":"open","sticky":false,"template":"","format":"standard","meta":{"_expiration-date-status":"","_expiration-date":0,"_expiration-date-type":"","_expiration-date-categories":[],"_expiration-date-options":[]},"categories":[19,27],"tags":[],"acf":[],"_links":{"self":[{"href":"https:\/\/us.edu.pl\/student\/wp-json\/wp\/v2\/posts\/51730"}],"collection":[{"href":"https:\/\/us.edu.pl\/student\/wp-json\/wp\/v2\/posts"}],"about":[{"href":"https:\/\/us.edu.pl\/student\/wp-json\/wp\/v2\/types\/post"}],"author":[{"embeddable":true,"href":"https:\/\/us.edu.pl\/student\/wp-json\/wp\/v2\/users\/187"}],"replies":[{"embeddable":true,"href":"https:\/\/us.edu.pl\/student\/wp-json\/wp\/v2\/comments?post=51730"}],"version-history":[{"count":2,"href":"https:\/\/us.edu.pl\/student\/wp-json\/wp\/v2\/posts\/51730\/revisions"}],"predecessor-version":[{"id":51934,"href":"https:\/\/us.edu.pl\/student\/wp-json\/wp\/v2\/posts\/51730\/revisions\/51934"}],"wp:featuredmedia":[{"embeddable":true,"href":"https:\/\/us.edu.pl\/student\/wp-json\/wp\/v2\/media\/51743"}],"wp:attachment":[{"href":"https:\/\/us.edu.pl\/student\/wp-json\/wp\/v2\/media?parent=51730"}],"wp:term":[{"taxonomy":"category","embeddable":true,"href":"https:\/\/us.edu.pl\/student\/wp-json\/wp\/v2\/categories?post=51730"},{"taxonomy":"post_tag","embeddable":true,"href":"https:\/\/us.edu.pl\/student\/wp-json\/wp\/v2\/tags?post=51730"}],"curies":[{"name":"wp","href":"https:\/\/api.w.org\/{rel}","templated":true}]}}