{"id":60044,"date":"2025-11-14T11:24:44","date_gmt":"2025-11-14T10:24:44","guid":{"rendered":"https:\/\/us.edu.pl\/student\/?p=60044"},"modified":"2025-11-14T14:26:44","modified_gmt":"2025-11-14T13:26:44","slug":"komunikat-rektora-us-z-dnia-14-listopada-2025-r-ws-uczestnictwa-pracownikow-i-studentow-w-9-sfn-katowice-w-dniach-6-8-grudnia","status":"publish","type":"post","link":"https:\/\/us.edu.pl\/student\/komunikat-rektora-us-z-dnia-14-listopada-2025-r-ws-uczestnictwa-pracownikow-i-studentow-w-9-sfn-katowice-w-dniach-6-8-grudnia\/","title":{"rendered":"Komunikat Rektora U\u015a z dnia 14 listopada 2025 r. ws. uczestnictwa wsp\u00f3lnoty akademickiej w 9. \u015aFN Katowice w dniach 6\u20138 grudnia"},"content":{"rendered":"<p><\/p>\n<p style=\"text-align: left;\"><span style=\"font-size: 12pt;\">W dniach 6\u20138 grudnia 2025 r. w Mi\u0119dzynarodowym Centrum Kongresowym w Katowicach odb\u0119dzie si\u0119 9. \u015al\u0105ski Festiwal Nauki Katowice \u2013 jedno z najwi\u0119kszych i najbardziej inspiruj\u0105cych wydarze\u0144 popularnonaukowych w Polsce i Europie. To \u015bwi\u0119to nauki, pasji i kreatywno\u015bci, kt\u00f3re co roku gromadzi tysi\u0105ce os\u00f3b \u2013 naukowczy\u0144 i naukowc\u00f3w, studentek i student\u00f3w, doktorantek i doktorant\u00f3w, uczennic i uczni\u00f3w oraz wszystkich mi\u0142o\u015bniczek i mi\u0142o\u015bnik\u00f3w wiedzy.<\/span><\/p>\n<p style=\"text-align: left;\"><span style=\"font-size: 12pt;\">W zwi\u0105zku z tym wyj\u0105tkowym wydarzeniem zwracam si\u0119 do Pa\u0144stwa Dziekan\u00f3w z uprzejm\u0105 pro\u015bb\u0105 o umo\u017cliwienie udzia\u0142u w Festiwalu wszystkim osobom prowadz\u0105cym zaj\u0119cia dydaktyczne, osobom studiuj\u0105cym oraz osobom kszta\u0142c\u0105cym si\u0119 w szko\u0142ach doktorskich.<\/span><\/p>\n<p style=\"text-align: left;\"><span style=\"font-size: 12pt;\">W poniedzia\u0142ek, 8 grudnia 2025 r., poznamy laureatki i laureat\u00f3w konkursu dla os\u00f3b studiuj\u0105cych \u201eInvent the future. Katowice \u2013 Miasto Nauki przysz\u0142o\u015bci\u201d oraz osob\u0119, kt\u00f3ra otrzyma Nagrod\u0119 Publiczno\u015bci. Tego dnia odb\u0119dzie si\u0119 tak\u017ce prezentacja wynik\u00f3w prac projektowych w ramach konkursu \u201eWsp\u00f3\u0142my\u015blenie, Wsp\u00f3\u0142dzia\u0142anie (szybka \u015bcie\u017cka)\u201d, organizowanego w ramach Systemu Motywacyjnego w Dydaktyce Akademickiej (SMoDA). B\u0119dzie to doskona\u0142a okazja do zaprezentowania efekt\u00f3w wsp\u00f3lnych dzia\u0142a\u0144 naukowych, dydaktycznych, spo\u0142ecznych i artystycznych naszych zespo\u0142\u00f3w akademickich. Dodatkowo w poniedzia\u0142kowym programie przewidziano aktywno\u015bci dla os\u00f3b studiuj\u0105cych oraz m\u0142odych naukowczy\u0144 i naukowc\u00f3w, takie jak: strefa konsultacji i mentoringu naukowego Kulisy Nauki, w kt\u00f3rej mo\u017cliwe b\u0119d\u0105 konsultacje indywidualne dot. m.in. pozyskiwania grant\u00f3w, oraz strefa poradnictwa studi\u00f3w i kariery pn. Gabinet Planowania Przysz\u0142o\u015bci.<\/span><\/p>\n<p style=\"text-align: left;\"><span style=\"font-size: 12pt;\">Maj\u0105c na uwadze konieczno\u015b\u0107 realizacji zaj\u0119\u0107 zgodnie z programem studi\u00f3w, a jednocze\u015bnie pragn\u0105c umo\u017cliwi\u0107 ca\u0142ej wsp\u00f3lnocie akademickiej udzia\u0142 w tym wa\u017cnym wydarzeniu, prosz\u0119 o elastyczne podej\u015bcie do formy prowadzenia zaj\u0119\u0107 dydaktycznych w dniach 6\u20138 grudnia 2025 roku.<\/span><\/p>\n<p style=\"text-align: left;\"><span style=\"font-size: 12pt;\">W tym czasie zaj\u0119cia mog\u0105 zosta\u0107 zrealizowane poprzez:<\/span><\/p>\n<ul>\n<li><span style=\"font-size: 12pt;\">aktywny udzia\u0142 w \u015al\u0105skim Festiwalu Nauki Katowice \u2013 np. w formie prowadzenia lub uczestnictwa w wydarzeniach festiwalowych,<\/span><\/li>\n<li><span style=\"font-size: 12pt;\">form\u0119 asynchroniczn\u0105 \u2013 poprzez udost\u0119pnienie materia\u0142\u00f3w dydaktycznych, przygotowanie indywidualnych lub grupowych zada\u0144 do wykonania, kt\u00f3re nast\u0119pnie zostan\u0105 om\u00f3wione w p\u00f3\u017aniejszym terminie.<\/span><\/li>\n<\/ul>\n<p style=\"text-align: left;\"><span style=\"font-size: 12pt;\">Ka\u017cda osoba prowadz\u0105ca zaj\u0119cia mo\u017ce samodzielnie dobra\u0107 odpowiedni\u0105 form\u0119, dostosowan\u0105 do specyfiki przedmiotu. Program Festiwalu jest niezwykle r\u00f3\u017cnorodny \u2013 ka\u017cdy znajdzie w nim co\u015b inspiruj\u0105cego, co mo\u017ce wzbogaci\u0107 proces dydaktyczny i rozwija\u0107 kluczowe kompetencje os\u00f3b studiuj\u0105cych i kszta\u0142c\u0105cych si\u0119 w szko\u0142ach doktorskich.<\/span><\/p>\n<p style=\"text-align: left;\"><span style=\"font-size: 12pt;\">Podobnie jak w poprzednim roku, na poniedzia\u0142ek 8 grudnia dla os\u00f3b uczestnicz\u0105cych w Festiwalu uruchomiona zostanie rejestracja, umo\u017cliwiaj\u0105ca potwierdzenie obecno\u015bci.<\/span><\/p>\n<ul>\n<li><span style=\"font-size: 12pt;\"><strong>Rejestracji dla grupy zaj\u0119ciowej<\/strong> mo\u017cne dokona\u0107 osoba prowadz\u0105ca zaj\u0119cia <a href=\"https:\/\/formularze.us.edu.pl\/form\/index\/6803\">poprzez formularz<\/a>.<\/span><\/li>\n<li><span style=\"font-size: 12pt;\">Mo\u017cliwa jest te\u017c <a href=\"https:\/\/formularze.us.edu.pl\/form\/index\/6804\">rejestracja indywidualna dla os\u00f3b studiuj\u0105cych<\/a>, w przypadku gdy nie ma mo\u017cliwo\u015bci udzia\u0142u ca\u0142ej grupy.<\/span><\/li>\n<\/ul>\n<p style=\"text-align: left;\"><span style=\"font-size: 12pt;\">Uczestnictwo w aktywno\u015bciach obj\u0119tych limitem uczestnik\u00f3w nale\u017cy dokona\u0107 poprzez <a href=\"https:\/\/slaskifestiwalnauki.pl\/zarejestruj-sie-na-9-sfn\">system rejestracyjny dost\u0119pny na stronie \u015aFN<\/a>.<\/span><\/p>\n<p style=\"text-align: left;\"><span style=\"font-size: 12pt;\">\u015al\u0105ski Festiwal Nauki Katowice to nie tylko wydarzenie \u2013 to \u015bwi\u0119to wsp\u00f3lnoty akademickiej, okazja do dzielenia si\u0119 wiedz\u0105, pasj\u0105 i odkryciami. Liczymy na aktywny udzia\u0142 ca\u0142ej spo\u0142eczno\u015bci Uniwersytetu \u015al\u0105skiego \u2013 zar\u00f3wno w roli os\u00f3b organizuj\u0105cych i prowadz\u0105cych aktywno\u015bci popularnonaukowe, jak i os\u00f3b aktywnie uczestnicz\u0105cych. Razem mo\u017cemy pokaza\u0107, jak inspiruj\u0105ca i r\u00f3\u017cnorodna jest nauka tworzona w Katowicach!<\/span><\/p>\n<p style=\"text-align: left;\"><span style=\"font-size: 12pt;\">Z up. Rektora<br \/>\n<\/span><span style=\"font-size: 12pt;\">Prorektor ds. studenckich i kszta\u0142cenia<br \/>\n<\/span><span style=\"font-size: 12pt;\">dr Katarzyna Trynda, prof. U\u015a<\/span><\/p>\n<p style=\"text-align: left;\"><span style=\"font-size: 12pt;\"><a href=\"https:\/\/us.edu.pl\/student\/wp-content\/uploads\/sites\/3\/Bez-kategorii\/Komunikat-studencki-9.SFN-sig.pdf\" class=\"mtli_attachment mtli_pdf\" data-mtli=\"mtli_filesize616,21kB\">Komunikat 9. \u015aFN Katowice<\/a><\/span><\/p>\n<p><\/p>\n<style type=\"text\/css\">a[data-mtli~=\"mtli_filesize616,21kB\"]:after {content:\" (616,21 kB)\"}<\/style>","protected":false},"excerpt":{"rendered":"<p>W dniach 6\u20138 grudnia 2025 r. w Mi\u0119dzynarodowym Centrum Kongresowym w Katowicach odb\u0119dzie si\u0119 9. \u015al\u0105ski Festiwal Nauki Katowice \u2013 jedno z najwi\u0119kszych i najbardziej inspiruj\u0105cych wydarze\u0144 popularnonaukowych w Polsce i Europie. To \u015bwi\u0119to nauki, pasji i kreatywno\u015bci, kt\u00f3re co roku gromadzi tysi\u0105ce os\u00f3b \u2013 naukowczy\u0144 i naukowc\u00f3w, studentek i student\u00f3w, doktorantek i doktorant\u00f3w, uczennic [&#8230;]<\/p>\n<p><a class=\"btn btn-secondary understrap-read-more-link\" href=\"https:\/\/us.edu.pl\/student\/komunikat-rektora-us-z-dnia-14-listopada-2025-r-ws-uczestnictwa-pracownikow-i-studentow-w-9-sfn-katowice-w-dniach-6-8-grudnia\/\">Read More&#8230;<\/a><\/p>\n","protected":false},"author":187,"featured_media":60027,"comment_status":"closed","ping_status":"open","sticky":false,"template":"","format":"standard","meta":{"_expiration-date-status":"","_expiration-date":0,"_expiration-date-type":"","_expiration-date-categories":[],"_expiration-date-options":[]},"categories":[19,26,537],"tags":[],"acf":[],"_links":{"self":[{"href":"https:\/\/us.edu.pl\/student\/wp-json\/wp\/v2\/posts\/60044"}],"collection":[{"href":"https:\/\/us.edu.pl\/student\/wp-json\/wp\/v2\/posts"}],"about":[{"href":"https:\/\/us.edu.pl\/student\/wp-json\/wp\/v2\/types\/post"}],"author":[{"embeddable":true,"href":"https:\/\/us.edu.pl\/student\/wp-json\/wp\/v2\/users\/187"}],"replies":[{"embeddable":true,"href":"https:\/\/us.edu.pl\/student\/wp-json\/wp\/v2\/comments?post=60044"}],"version-history":[{"count":5,"href":"https:\/\/us.edu.pl\/student\/wp-json\/wp\/v2\/posts\/60044\/revisions"}],"predecessor-version":[{"id":60055,"href":"https:\/\/us.edu.pl\/student\/wp-json\/wp\/v2\/posts\/60044\/revisions\/60055"}],"wp:featuredmedia":[{"embeddable":true,"href":"https:\/\/us.edu.pl\/student\/wp-json\/wp\/v2\/media\/60027"}],"wp:attachment":[{"href":"https:\/\/us.edu.pl\/student\/wp-json\/wp\/v2\/media?parent=60044"}],"wp:term":[{"taxonomy":"category","embeddable":true,"href":"https:\/\/us.edu.pl\/student\/wp-json\/wp\/v2\/categories?post=60044"},{"taxonomy":"post_tag","embeddable":true,"href":"https:\/\/us.edu.pl\/student\/wp-json\/wp\/v2\/tags?post=60044"}],"curies":[{"name":"wp","href":"https:\/\/api.w.org\/{rel}","templated":true}]}}