{"id":61022,"date":"2026-03-19T12:28:39","date_gmt":"2026-03-19T11:28:39","guid":{"rendered":"https:\/\/us.edu.pl\/student\/?p=61022"},"modified":"2026-03-19T12:29:53","modified_gmt":"2026-03-19T11:29:53","slug":"studentki-i-studenci-us-wsrod-stypendystek-i-stypendystow-ministra-nauki-i-szkolnictwa-wyzszego","status":"publish","type":"post","link":"https:\/\/us.edu.pl\/student\/studentki-i-studenci-us-wsrod-stypendystek-i-stypendystow-ministra-nauki-i-szkolnictwa-wyzszego\/","title":{"rendered":"Studentki i studenci U\u015a w\u015br\u00f3d stypendystek i stypendyst\u00f3w Ministra Nauki i Szkolnictwa Wy\u017cszego"},"content":{"rendered":"<p><\/p>\n<p style=\"text-align: left;\"><span style=\"font-size: 12pt;\">Nasze studentki i nasi studenci po raz kolejny znale\u017ali si\u0119 w gronie stypendystek i stypendyst\u00f3w Ministra Nauki i Szkolnictwa Wy\u017cszego! W roku akademickim 2025\/2026 za znacz\u0105ce osi\u0105gni\u0119cia naukowe, artystyczne lub sportowe wyr\u00f3\u017cnieni zostali:<\/span><\/p>\n<ol style=\"font-weight: 400;\">\n<li><span style=\"font-size: 12pt;\">Aleksandra Zofia Jarosz (filologia germa\u0144ska)<\/span><\/li>\n<li><span style=\"font-size: 12pt;\">Patryk Kominek (filologia polska)<\/span><\/li>\n<li><span style=\"font-size: 12pt;\">Katarzyna Dominika Matlas (filologia angielska \u2013 indywidualne mi\u0119dzywydzia\u0142owe)<\/span><\/li>\n<li><span style=\"font-size: 12pt;\">Artur Albert Szl\u0119zak (geologia \u2013 indywidualne mi\u0119dzywydzia\u0142owe)<\/span><\/li>\n<\/ol>\n<p style=\"text-align: left;\"><span style=\"font-size: 12pt;\">Z ca\u0142ego serca gratulujemy i trzymamy kciuki za kolejne sukcesy!<\/span><\/p>\n<p style=\"text-align: left;\"><span style=\"font-size: 12pt;\">Pe\u0142na lista stypendystek i stypendyst\u00f3w dost\u0119pna jest <a href=\"https:\/\/www.gov.pl\/web\/nauka\/ogloszenie-wynikow-postepowania-w-sprawie-przyznania-stypendiow-ministra-nauki-i-szkolnictwa-wyzszego-dla-studentow-na-rok-akademicki-20252026-konkurs-sst06\">na portalu gov.pl<\/a> oraz w pliku: <a href=\"https:\/\/us.edu.pl\/student\/wp-content\/uploads\/sites\/3\/Bez-kategorii\/20260318__2__SST06_lista_stypendystow.pdf\" class=\"mtli_attachment mtli_pdf\" data-mtli=\"mtli_filesize750,25kB\">Lista stypendystek i stypendyst\u00f3w 2025\/2026<\/a>.<\/span><\/p>\n<p><\/p>\n<style type=\"text\/css\">a[data-mtli~=\"mtli_filesize750,25kB\"]:after {content:\" (750,25 kB)\"}<\/style>","protected":false},"excerpt":{"rendered":"<p>Nasze studentki i nasi studenci po raz kolejny znale\u017ali si\u0119 w gronie stypendystek i stypendyst\u00f3w Ministra Nauki i Szkolnictwa Wy\u017cszego! W roku akademickim 2025\/2026 za znacz\u0105ce osi\u0105gni\u0119cia naukowe, artystyczne lub sportowe wyr\u00f3\u017cnieni zostali: Aleksandra Zofia Jarosz (filologia germa\u0144ska) Patryk Kominek (filologia polska) Katarzyna Dominika Matlas (filologia angielska \u2013 indywidualne mi\u0119dzywydzia\u0142owe) Artur Albert Szl\u0119zak (geologia \u2013 [&#8230;]<\/p>\n<p><a class=\"btn btn-secondary understrap-read-more-link\" href=\"https:\/\/us.edu.pl\/student\/studentki-i-studenci-us-wsrod-stypendystek-i-stypendystow-ministra-nauki-i-szkolnictwa-wyzszego\/\">Read More&#8230;<\/a><\/p>\n","protected":false},"author":187,"featured_media":61024,"comment_status":"closed","ping_status":"open","sticky":false,"template":"","format":"standard","meta":{"_expiration-date-status":"","_expiration-date":0,"_expiration-date-type":"","_expiration-date-categories":[],"_expiration-date-options":[]},"categories":[19,27],"tags":[],"acf":[],"_links":{"self":[{"href":"https:\/\/us.edu.pl\/student\/wp-json\/wp\/v2\/posts\/61022"}],"collection":[{"href":"https:\/\/us.edu.pl\/student\/wp-json\/wp\/v2\/posts"}],"about":[{"href":"https:\/\/us.edu.pl\/student\/wp-json\/wp\/v2\/types\/post"}],"author":[{"embeddable":true,"href":"https:\/\/us.edu.pl\/student\/wp-json\/wp\/v2\/users\/187"}],"replies":[{"embeddable":true,"href":"https:\/\/us.edu.pl\/student\/wp-json\/wp\/v2\/comments?post=61022"}],"version-history":[{"count":2,"href":"https:\/\/us.edu.pl\/student\/wp-json\/wp\/v2\/posts\/61022\/revisions"}],"predecessor-version":[{"id":61026,"href":"https:\/\/us.edu.pl\/student\/wp-json\/wp\/v2\/posts\/61022\/revisions\/61026"}],"wp:featuredmedia":[{"embeddable":true,"href":"https:\/\/us.edu.pl\/student\/wp-json\/wp\/v2\/media\/61024"}],"wp:attachment":[{"href":"https:\/\/us.edu.pl\/student\/wp-json\/wp\/v2\/media?parent=61022"}],"wp:term":[{"taxonomy":"category","embeddable":true,"href":"https:\/\/us.edu.pl\/student\/wp-json\/wp\/v2\/categories?post=61022"},{"taxonomy":"post_tag","embeddable":true,"href":"https:\/\/us.edu.pl\/student\/wp-json\/wp\/v2\/tags?post=61022"}],"curies":[{"name":"wp","href":"https:\/\/api.w.org\/{rel}","templated":true}]}}