{"id":61604,"date":"2026-04-27T12:17:28","date_gmt":"2026-04-27T10:17:28","guid":{"rendered":"https:\/\/us.edu.pl\/student\/?p=61604"},"modified":"2026-04-27T12:17:28","modified_gmt":"2026-04-27T10:17:28","slug":"studentki-i-studenci-us-laureatami-stypendium-ministra-nauki","status":"publish","type":"post","link":"https:\/\/us.edu.pl\/student\/studentki-i-studenci-us-laureatami-stypendium-ministra-nauki\/","title":{"rendered":"Studentki i studenci U\u015a laureatami Stypendium Ministra Nauki"},"content":{"rendered":"<p>[vc_row][vc_column][vc_column_text]<\/p>\n<p style=\"text-align: left;\"><span style=\"font-size: 12pt;\">Mi\u0142o nam poinformowa\u0107, \u017ce w\u015br\u00f3d tegorocznych zdobywczy\u0144 i zdobywc\u00f3w stypendium Ministra Nauki za znacz\u0105ce osi\u0105gni\u0119cia na rok akademicki 2025\/2026 znalaz\u0142y si\u0119 osoby studiuj\u0105ce z Uniwersytetu \u015al\u0105skiego. Laureatkami i laureatami zostali:<\/span><\/p>\n<ul>\n<li><span style=\"font-size: 12pt;\">Aleksandra Zofia Jarosz (filologia germa\u0144ska),<\/span><\/li>\n<li><span style=\"font-size: 12pt;\">Patryk Kominek (filologia polska),<\/span><\/li>\n<li><span style=\"font-size: 12pt;\">Katarzyna Dominika Matlas (filologia angielska \u2013 indywidualne mi\u0119dzywydzia\u0142owe),<\/span><\/li>\n<li><span style=\"font-size: 12pt;\">Artur Albert Szl\u0119zak (geologia \u2013 indywidualne mi\u0119dzywydzia\u0142owe).<\/span><\/li>\n<\/ul>\n<p style=\"text-align: left;\"><span style=\"font-size: 12pt;\">W czwartek 23 kwietnia odby\u0142o si\u0119 spotkanie JM Rektora Uniwersytetu \u015al\u0105skiego prof. dr. hab. Ryszarda Kozio\u0142ka oraz Prorektor ds. studenckich i kszta\u0142cenia dr Katarzyny Tryndy, prof. U\u015a ze stypendystkami i stypendystami, podczas kt\u00f3rego zosta\u0142y wr\u0119czone dyplomy potwierdzaj\u0105ce otrzymanie stypendium, listy gratulacyjne oraz gad\u017cety uniwersyteckie.<\/span><\/p>\n<p style=\"text-align: left;\"><span style=\"font-size: 12pt;\">Serdecznie gratulujemy naszym zwyci\u0119\u017cczyniom i zwyci\u0119zcom! To ogromny pow\u00f3d do rado\u015bci i dumy z tego, \u017ce tworzycie wsp\u00f3lnot\u0119 akademick\u0105 Uniwersytetu \u015al\u0105skiego. Jeste\u015bcie inspiracj\u0105 i dowodem na to, \u017ce droga do sukcesu wymaga nie tylko talentu, ale przede wszystkim ci\u0119\u017ckiej pracy i po\u015bwi\u0119cenia.<\/span><\/p>\n<p>[\/vc_column_text]            \r\n                    <div class=\"container\">\r\n                        <div class=\"gallery gallery_3\" data-images-in-row=\"3\">\r\n                            \r\n                            <div class=\"row m-0\">\r\n                                <a data-fancybox-group=\"button\" title=\"Laureatki i laureaci Stypendium Ministra Nauki wraz z JM Rektorem Uniwersytetu \u015al\u0105skiego prof. dr. hab. Ryszardem Kozio\u0142kiem oraz Prorektor ds. studenckich i kszta\u0142cenia dr Katarzyn\u0105 Trynd\u0105, prof. U\u015a. Fot. Matylda Klos\" data-fancybox=\"5610\" href=\"https:\/\/us.edu.pl\/student\/wp-content\/uploads\/sites\/3\/Bez-kategorii\/Fot._Matylda-Klos_11-scaled-e1777284726293.jpg\" class=\"gallery__item thumbnail\"\r\n                                    style=\"background-image: url(https:\/\/us.edu.pl\/student\/wp-content\/uploads\/sites\/3\/Bez-kategorii\/Fot._Matylda-Klos_11-1024x683.jpg)\"> <span class=\"d-none\">https:\/\/us.edu.pl\/student\/wp-content\/uploads\/sites\/3\/Bez-kategorii\/Fot._Matylda-Klos_11-scaled-e1777284726293.jpg<\/span> <\/a><a data-fancybox-group=\"button\" title=\"Laureatki i laureaci Stypendium Ministra Nauki. Fot. Matylda Klos\" data-fancybox=\"5610\" href=\"https:\/\/us.edu.pl\/student\/wp-content\/uploads\/sites\/3\/Bez-kategorii\/Fot._Matylda-Klos_23-scaled-e1777284679814.jpg\" class=\"gallery__item thumbnail\"\r\n                                    style=\"background-image: url(https:\/\/us.edu.pl\/student\/wp-content\/uploads\/sites\/3\/Bez-kategorii\/Fot._Matylda-Klos_23-1024x683.jpg)\"> <span class=\"d-none\">https:\/\/us.edu.pl\/student\/wp-content\/uploads\/sites\/3\/Bez-kategorii\/Fot._Matylda-Klos_23-scaled-e1777284679814.jpg<\/span> <\/a><a data-fancybox-group=\"button\" title=\"Laureatka Stypendium Ministra Nauki wraz z JM Rektorem Uniwersytetu \u015al\u0105skiego prof. dr. hab. Ryszardem Kozio\u0142kiem. Fot. Matylda Klos\" data-fancybox=\"5610\" href=\"https:\/\/us.edu.pl\/student\/wp-content\/uploads\/sites\/3\/Bez-kategorii\/Fot._Matylda-Klos_03-scaled-e1777284773585.jpg\" class=\"gallery__item thumbnail\"\r\n                                    style=\"background-image: url(https:\/\/us.edu.pl\/student\/wp-content\/uploads\/sites\/3\/Bez-kategorii\/Fot._Matylda-Klos_03-1024x819.jpg)\"> <span class=\"d-none\">https:\/\/us.edu.pl\/student\/wp-content\/uploads\/sites\/3\/Bez-kategorii\/Fot._Matylda-Klos_03-scaled-e1777284773585.jpg<\/span> <\/a><a data-fancybox-group=\"button\" title=\"Laureat Stypendium Ministra Nauki wraz z JM Rektorem Uniwersytetu \u015al\u0105skiego prof. dr. hab. Ryszardem Kozio\u0142kiem. Fot. Matylda Klos\" data-fancybox=\"5610\" href=\"https:\/\/us.edu.pl\/student\/wp-content\/uploads\/sites\/3\/Bez-kategorii\/Fot._Matylda-Klos_08-scaled-e1777284743144.jpg\" class=\"gallery__item thumbnail\"\r\n                                    style=\"background-image: url(https:\/\/us.edu.pl\/student\/wp-content\/uploads\/sites\/3\/Bez-kategorii\/Fot._Matylda-Klos_08-1024x819.jpg)\"> <span class=\"d-none\">https:\/\/us.edu.pl\/student\/wp-content\/uploads\/sites\/3\/Bez-kategorii\/Fot._Matylda-Klos_08-scaled-e1777284743144.jpg<\/span> <\/a><a data-fancybox-group=\"button\" title=\"Laureatka Stypendium Ministra Nauki wraz z JM Rektorem Uniwersytetu \u015al\u0105skiego prof. dr. hab. Ryszardem Kozio\u0142kiem. Fot. Matylda Klos\" data-fancybox=\"5610\" href=\"https:\/\/us.edu.pl\/student\/wp-content\/uploads\/sites\/3\/Bez-kategorii\/Fot._Matylda-Klos_01-scaled-e1777284790547.jpg\" class=\"gallery__item thumbnail\"\r\n                                    style=\"background-image: url(https:\/\/us.edu.pl\/student\/wp-content\/uploads\/sites\/3\/Bez-kategorii\/Fot._Matylda-Klos_01-1024x683.jpg)\"> <span class=\"d-none\">https:\/\/us.edu.pl\/student\/wp-content\/uploads\/sites\/3\/Bez-kategorii\/Fot._Matylda-Klos_01-scaled-e1777284790547.jpg<\/span> <\/a><a data-fancybox-group=\"button\" title=\"Laureat Stypendium Ministra Nauki wraz z JM Rektorem Uniwersytetu \u015al\u0105skiego prof. dr. hab. Ryszardem Kozio\u0142kiem. Fot. Matylda Klos\" data-fancybox=\"5610\" href=\"https:\/\/us.edu.pl\/student\/wp-content\/uploads\/sites\/3\/Bez-kategorii\/Fot._Matylda-Klos_07-scaled-e1777284761334.jpg\" class=\"gallery__item thumbnail\"\r\n                                    style=\"background-image: url(https:\/\/us.edu.pl\/student\/wp-content\/uploads\/sites\/3\/Bez-kategorii\/Fot._Matylda-Klos_07-1024x683.jpg)\"> <span class=\"d-none\">https:\/\/us.edu.pl\/student\/wp-content\/uploads\/sites\/3\/Bez-kategorii\/Fot._Matylda-Klos_07-scaled-e1777284761334.jpg<\/span> <\/a><a data-fancybox-group=\"button\" title=\"Laureatki i laureaci Stypendium Ministra Nauki. Fot. Matylda Klos\" data-fancybox=\"5610\" href=\"https:\/\/us.edu.pl\/student\/wp-content\/uploads\/sites\/3\/Bez-kategorii\/Fot._Matylda-Klos_14-scaled-e1777284712491.jpg\" class=\"gallery__item thumbnail\"\r\n                                    style=\"background-image: url(https:\/\/us.edu.pl\/student\/wp-content\/uploads\/sites\/3\/Bez-kategorii\/Fot._Matylda-Klos_14-1024x683.jpg)\"> <span class=\"d-none\">https:\/\/us.edu.pl\/student\/wp-content\/uploads\/sites\/3\/Bez-kategorii\/Fot._Matylda-Klos_14-scaled-e1777284712491.jpg<\/span> <\/a>\r\n                            <\/div>\r\n                    <\/div>\r\n                <\/div>[\/vc_column][\/vc_row]<\/p>","protected":false},"excerpt":{"rendered":"<p>[vc_row][vc_column][vc_column_text] Mi\u0142o nam poinformowa\u0107, \u017ce w\u015br\u00f3d tegorocznych zdobywczy\u0144 i zdobywc\u00f3w stypendium Ministra Nauki za znacz\u0105ce osi\u0105gni\u0119cia na rok akademicki 2025\/2026 znalaz\u0142y si\u0119 osoby studiuj\u0105ce z Uniwersytetu \u015al\u0105skiego. Laureatkami i laureatami zostali: Aleksandra Zofia Jarosz (filologia germa\u0144ska), Patryk Kominek (filologia polska), Katarzyna Dominika Matlas (filologia angielska \u2013 indywidualne mi\u0119dzywydzia\u0142owe), Artur Albert Szl\u0119zak (geologia \u2013 indywidualne mi\u0119dzywydzia\u0142owe). [&#8230;]<\/p>\n<p><a class=\"btn btn-secondary understrap-read-more-link\" href=\"https:\/\/us.edu.pl\/student\/studentki-i-studenci-us-laureatami-stypendium-ministra-nauki\/\">Read More&#8230;<\/a><\/p>\n","protected":false},"author":187,"featured_media":61609,"comment_status":"closed","ping_status":"open","sticky":false,"template":"","format":"standard","meta":{"_expiration-date-status":"","_expiration-date":0,"_expiration-date-type":"","_expiration-date-categories":[],"_expiration-date-options":[]},"categories":[19,27],"tags":[],"acf":[],"_links":{"self":[{"href":"https:\/\/us.edu.pl\/student\/wp-json\/wp\/v2\/posts\/61604"}],"collection":[{"href":"https:\/\/us.edu.pl\/student\/wp-json\/wp\/v2\/posts"}],"about":[{"href":"https:\/\/us.edu.pl\/student\/wp-json\/wp\/v2\/types\/post"}],"author":[{"embeddable":true,"href":"https:\/\/us.edu.pl\/student\/wp-json\/wp\/v2\/users\/187"}],"replies":[{"embeddable":true,"href":"https:\/\/us.edu.pl\/student\/wp-json\/wp\/v2\/comments?post=61604"}],"version-history":[{"count":1,"href":"https:\/\/us.edu.pl\/student\/wp-json\/wp\/v2\/posts\/61604\/revisions"}],"predecessor-version":[{"id":61612,"href":"https:\/\/us.edu.pl\/student\/wp-json\/wp\/v2\/posts\/61604\/revisions\/61612"}],"wp:featuredmedia":[{"embeddable":true,"href":"https:\/\/us.edu.pl\/student\/wp-json\/wp\/v2\/media\/61609"}],"wp:attachment":[{"href":"https:\/\/us.edu.pl\/student\/wp-json\/wp\/v2\/media?parent=61604"}],"wp:term":[{"taxonomy":"category","embeddable":true,"href":"https:\/\/us.edu.pl\/student\/wp-json\/wp\/v2\/categories?post=61604"},{"taxonomy":"post_tag","embeddable":true,"href":"https:\/\/us.edu.pl\/student\/wp-json\/wp\/v2\/tags?post=61604"}],"curies":[{"name":"wp","href":"https:\/\/api.w.org\/{rel}","templated":true}]}}