{"id":61614,"date":"2026-04-27T12:33:34","date_gmt":"2026-04-27T10:33:34","guid":{"rendered":"https:\/\/us.edu.pl\/student\/?p=61614"},"modified":"2026-04-27T12:36:49","modified_gmt":"2026-04-27T10:36:49","slug":"iii-ogolnopolski-zjazd-samorzadow-wydzialow-prawa","status":"publish","type":"post","link":"https:\/\/us.edu.pl\/student\/iii-ogolnopolski-zjazd-samorzadow-wydzialow-prawa\/","title":{"rendered":"III Og\u00f3lnopolski Zjazd Samorz\u0105d\u00f3w Wydzia\u0142\u00f3w Prawa"},"content":{"rendered":"<p>[vc_row][vc_column][vc_column_text]<\/p>\n<div>\n<p class=\"v1v1MsoNormal\" style=\"text-align: left;\"><span style=\"font-size: 12pt;\">W dniach 17\u201319 kwietnia w Katowicach odby\u0142 si\u0119 III Og\u00f3lnopolski Zjazd Samorz\u0105d\u00f3w Wydzia\u0142\u00f3w Prawa organizowany przez Wydzia\u0142ow\u0105 Rad\u0119 Samorz\u0105du Studenckiego Wydzia\u0142u Prawa i Administracji Uniwersytetu \u015al\u0105skiego w Katowicach. Wydarzenie zgromadzi\u0142o przedstawicielki i przedstawicieli studenckich samorz\u0105d\u00f3w z uczelni o profilu prawniczym z ca\u0142ego kraju, staj\u0105c si\u0119 platform\u0105 wymiany do\u015bwiadcze\u0144 oraz integracji \u015brodowiska m\u0142odych prawniczek i prawnik\u00f3w.<\/span><\/p>\n<p class=\"v1v1MsoNormal\" style=\"text-align: left;\"><span style=\"font-size: 12pt;\">Merytoryczn\u0105 cz\u0119\u015b\u0107 zjazdu otworzy\u0142y trzy debaty po\u015bwi\u0119cone kierunkom zmian w edukacji prawniczej w Polsce. W dyskusjach udzia\u0142 wzi\u0119li nauczycielki i nauczyciele akademiccy, praktyczki i praktycy rynku prawniczego oraz reprezentantki i reprezentanci k\u00f3\u0142 naukowych i organizacji studenckich.<\/span><\/p>\n<p class=\"v1v1MsoNormal\" style=\"text-align: left;\"><span style=\"font-size: 12pt;\">Dyskusji poddano obecny model kszta\u0142cenia w kontek\u015bcie dynamicznie zmieniaj\u0105cych si\u0119 wymaga\u0144 rynku pracy oraz kompetencji niezb\u0119dnych w zawodach prawniczych. <\/span><span style=\"font-size: 12pt;\">Najistotniejszym efektem zjazdu by\u0142a praca nad statutem Og\u00f3lnopolskiego Porozumienia Samorz\u0105d\u00f3w Studenckich Wydzia\u0142\u00f3w Prawa.<\/span><\/p>\n<p class=\"v1v1MsoNormal\" style=\"text-align: left;\"><span style=\"font-size: 12pt;\">Efektem ko\u0144cowym sta\u0142o si\u0119 podj\u0119cie decyzji o powo\u0142aniu komisji statutowej. Jej zadaniem b\u0119dzie opracowanie ostatecznego kszta\u0142tu regulacji prawnych, kt\u00f3re pozwol\u0105 na sformalizowanie og\u00f3lnopolskiej wsp\u00f3\u0142pracy mi\u0119dzy wydzia\u0142ami prawa w przysz\u0142o\u015bci.<\/span><\/p>\n<\/div>\n<div>\n<p>&nbsp;<\/p>\n<\/div>\n<p>[\/vc_column_text]            \r\n                    <div class=\"container\">\r\n                        <div class=\"gallery gallery_3\" data-images-in-row=\"3\">\r\n                            \r\n                            <div class=\"row m-0\">\r\n                                <a data-fancybox-group=\"button\" title=\"Uczestniczki i uczestnicy III Og\u00f3lnopolskiego Zjazdu Samorz\u0105d\u00f3w Wydzia\u0142\u00f3w Prawa\" data-fancybox=\"3346\" href=\"https:\/\/us.edu.pl\/student\/wp-content\/uploads\/sites\/3\/Bez-kategorii\/image001-1.png\" class=\"gallery__item thumbnail\"\r\n                                    style=\"background-image: url(https:\/\/us.edu.pl\/student\/wp-content\/uploads\/sites\/3\/Bez-kategorii\/image001-1.png)\"> <span class=\"d-none\">https:\/\/us.edu.pl\/student\/wp-content\/uploads\/sites\/3\/Bez-kategorii\/image001-1.png<\/span> <\/a><a data-fancybox-group=\"button\" title=\"Uczestniczki i uczestnicy III Og\u00f3lnopolskiego Zjazdu Samorz\u0105d\u00f3w Wydzia\u0142\u00f3w Prawa\" data-fancybox=\"3346\" href=\"https:\/\/us.edu.pl\/student\/wp-content\/uploads\/sites\/3\/Bez-kategorii\/image003.jpg\" class=\"gallery__item thumbnail\"\r\n                                    style=\"background-image: url(https:\/\/us.edu.pl\/student\/wp-content\/uploads\/sites\/3\/Bez-kategorii\/image003.jpg)\"> <span class=\"d-none\">https:\/\/us.edu.pl\/student\/wp-content\/uploads\/sites\/3\/Bez-kategorii\/image003.jpg<\/span> <\/a><a data-fancybox-group=\"button\" title=\"Uczestniczki i uczestnicy III Og\u00f3lnopolskiego Zjazdu Samorz\u0105d\u00f3w Wydzia\u0142\u00f3w Prawa\" data-fancybox=\"3346\" href=\"https:\/\/us.edu.pl\/student\/wp-content\/uploads\/sites\/3\/Bez-kategorii\/image002.jpg\" class=\"gallery__item thumbnail\"\r\n                                    style=\"background-image: url(https:\/\/us.edu.pl\/student\/wp-content\/uploads\/sites\/3\/Bez-kategorii\/image002.jpg)\"> <span class=\"d-none\">https:\/\/us.edu.pl\/student\/wp-content\/uploads\/sites\/3\/Bez-kategorii\/image002.jpg<\/span> <\/a>\r\n                            <\/div>\r\n                    <\/div>\r\n                <\/div>[\/vc_column][\/vc_row]<\/p>","protected":false},"excerpt":{"rendered":"<p>[vc_row][vc_column][vc_column_text] W dniach 17\u201319 kwietnia w Katowicach odby\u0142 si\u0119 III Og\u00f3lnopolski Zjazd Samorz\u0105d\u00f3w Wydzia\u0142\u00f3w Prawa organizowany przez Wydzia\u0142ow\u0105 Rad\u0119 Samorz\u0105du Studenckiego Wydzia\u0142u Prawa i Administracji Uniwersytetu \u015al\u0105skiego w Katowicach. Wydarzenie zgromadzi\u0142o przedstawicielki i przedstawicieli studenckich samorz\u0105d\u00f3w z uczelni o profilu prawniczym z ca\u0142ego kraju, staj\u0105c si\u0119 platform\u0105 wymiany do\u015bwiadcze\u0144 oraz integracji \u015brodowiska m\u0142odych prawniczek i [&#8230;]<\/p>\n<p><a class=\"btn btn-secondary understrap-read-more-link\" href=\"https:\/\/us.edu.pl\/student\/iii-ogolnopolski-zjazd-samorzadow-wydzialow-prawa\/\">Read More&#8230;<\/a><\/p>\n","protected":false},"author":187,"featured_media":61617,"comment_status":"closed","ping_status":"open","sticky":false,"template":"","format":"standard","meta":{"_expiration-date-status":"","_expiration-date":0,"_expiration-date-type":"","_expiration-date-categories":[],"_expiration-date-options":[]},"categories":[19,215],"tags":[],"acf":[],"_links":{"self":[{"href":"https:\/\/us.edu.pl\/student\/wp-json\/wp\/v2\/posts\/61614"}],"collection":[{"href":"https:\/\/us.edu.pl\/student\/wp-json\/wp\/v2\/posts"}],"about":[{"href":"https:\/\/us.edu.pl\/student\/wp-json\/wp\/v2\/types\/post"}],"author":[{"embeddable":true,"href":"https:\/\/us.edu.pl\/student\/wp-json\/wp\/v2\/users\/187"}],"replies":[{"embeddable":true,"href":"https:\/\/us.edu.pl\/student\/wp-json\/wp\/v2\/comments?post=61614"}],"version-history":[{"count":2,"href":"https:\/\/us.edu.pl\/student\/wp-json\/wp\/v2\/posts\/61614\/revisions"}],"predecessor-version":[{"id":61622,"href":"https:\/\/us.edu.pl\/student\/wp-json\/wp\/v2\/posts\/61614\/revisions\/61622"}],"wp:featuredmedia":[{"embeddable":true,"href":"https:\/\/us.edu.pl\/student\/wp-json\/wp\/v2\/media\/61617"}],"wp:attachment":[{"href":"https:\/\/us.edu.pl\/student\/wp-json\/wp\/v2\/media?parent=61614"}],"wp:term":[{"taxonomy":"category","embeddable":true,"href":"https:\/\/us.edu.pl\/student\/wp-json\/wp\/v2\/categories?post=61614"},{"taxonomy":"post_tag","embeddable":true,"href":"https:\/\/us.edu.pl\/student\/wp-json\/wp\/v2\/tags?post=61614"}],"curies":[{"name":"wp","href":"https:\/\/api.w.org\/{rel}","templated":true}]}}