{"id":61633,"date":"2026-04-28T12:19:19","date_gmt":"2026-04-28T10:19:19","guid":{"rendered":"https:\/\/us.edu.pl\/student\/?p=61633"},"modified":"2026-04-28T12:33:05","modified_gmt":"2026-04-28T10:33:05","slug":"sukces-studentki-us-w-konfrontacjach-mlodych-dyrygentow-chormistrzow","status":"publish","type":"post","link":"https:\/\/us.edu.pl\/student\/sukces-studentki-us-w-konfrontacjach-mlodych-dyrygentow-chormistrzow\/","title":{"rendered":"Sukces studentki U\u015a w Konfrontacjach M\u0142odych Ch\u00f3rmistrz\u00f3w"},"content":{"rendered":"<p>[vc_row][vc_column][vc_column_text]<\/p>\n<p style=\"text-align: left;\"><span style=\"font-size: 12pt;\">Wspania\u0142a wiadomo\u015b\u0107 dotar\u0142a do nas z Wydzia\u0142u Sztuki i Nauk o Edukacji w Cieszynie!<\/span><\/p>\n<p style=\"text-align: left;\"><span style=\"font-size: 12pt;\"><strong>Kinga Drabek<\/strong>, studentka 2. roku studi\u00f3w magisterskich na kierunku edukacja artystyczna w zakresie sztuk muzycznych, uzyska\u0142a <strong>III miejsce<\/strong> w konkursie <strong>Uniwersyteckie Forum Dyrygenckie \u2013 Konfrontacje M\u0142odych Ch\u00f3rmistrz\u00f3w<\/strong>, kt\u00f3ry odby\u0142 si\u0119 w Kaliszu na Wydziale Pedagogiczno-Artystycznym Uniwersytetu Adama Mickiewicza w Poznaniu.<\/span><\/p>\n<p style=\"text-align: left;\"><span style=\"font-size: 12pt;\">Studentk\u0119 przygotowa\u0142a prof. dr hab. Izabella Zielecka-Panek z Instytutu Sztuk Muzycznych Uniwersytetu \u015al\u0105skiego w Cieszynie.<\/span><\/p>\n<p style=\"text-align: left;\"><span style=\"font-size: 12pt;\">Konfrontacje M\u0142odych Ch\u00f3rmistrz\u00f3w to presti\u017cowy, og\u00f3lnopolski konkurs b\u0119d\u0105cy sercem projektu Uniwersyteckie Forum Dyrygenckie. Wydarzenie jest skierowane do studentek i student\u00f3w kierunku edukacja artystyczna w zakresie sztuki muzycznej <\/span><span style=\"font-size: 12pt;\">z polskich uniwersytet\u00f3w. <\/span><\/p>\n<p style=\"text-align: left;\"><span style=\"font-size: 12pt;\">Uniwersyteckie Forum Dyrygenckie ma charakter \u201ew\u0119druj\u0105cy\u201d \u2013 co roku organizuje je inny o\u015brodek akademicki w Polsce. S\u0142u\u017cy wymianie pogl\u0105d\u00f3w na temat wsp\u00f3\u0142czesnej ch\u00f3ralistyki i metodyki prowadzenia zespo\u0142\u00f3w. Osoby uczestnicz\u0105ce maj\u0105 rzadk\u0105 okazj\u0119 pracy z r\u00f3\u017cnorodnymi sk\u0142adami wykonawczymi (ch\u00f3ry dzieci\u0119ce, akademickie, mieszane, czasem orkiestra d\u0119ta lub smyczkowa) pod okiem profesjonalnego jury, kt\u00f3re bierze pod uwag\u0119 efektywno\u015b\u0107 metod pracy, innowacyjno\u015b\u0107 oraz umiej\u0119tno\u015b\u0107 nawi\u0105zania kontaktu z zespo\u0142em przez adeptki i adept\u00f3w sztuki dyrygenckiej.<\/span><\/p>\n<p style=\"text-align: left;\"><span style=\"font-size: 12pt;\">W Forum M\u0142odych Dyrygent\u00f3w, Kalisz 2026 \u2013 wydarzeniu w\u0119druj\u0105cym przez polskie uniwersytety \u2013 do konkursu dyrygenckiego stan\u0119\u0142o 11 os\u00f3b studiuj\u0105cych reprezentuj\u0105cych:<\/span><\/p>\n<ul>\n<li><span style=\"font-size: 12pt;\">Uniwersytet Rzeszowski,<\/span><\/li>\n<li><span style=\"font-size: 12pt;\">Uniwersytet Zielonog\u00f3rski,<\/span><\/li>\n<li><span style=\"font-size: 12pt;\">Uniwersytet Marii Curie-Sk\u0142odowskiej w Lublinie,<\/span><\/li>\n<li><span style=\"font-size: 12pt;\">Uniwersytet Warmi\u0144sko-Mazurskiego w Olsztynie,<\/span><\/li>\n<li><span style=\"font-size: 12pt;\">Uniwersytet \u015al\u0105ski w Katowicach \u2013 Filia w Cieszynie,<\/span><\/li>\n<li><span style=\"font-size: 12pt;\">Uniwersytet Jana Kochanowskiego w Kielcach,<\/span><\/li>\n<li><span style=\"font-size: 12pt;\">Uniwersytet im. A. Mickiewicza w Poznaniu \u2013 Filia w Kaliszu,<\/span><\/li>\n<li><span style=\"font-size: 12pt;\">Uniwersytet Kazimierza Wielkiego w Bydgoszczy.<\/span><\/li>\n<\/ul>\n<p style=\"text-align: left;\"><span style=\"font-size: 12pt;\">Zwyci\u0119\u017cczyni\u0105 zosta\u0142a studentka reprezentuj\u0105ca Uniwersytet Jana Kochanowskiego <\/span><span style=\"font-size: 12pt;\">w Kielcach, Joanna Str\u0105k.<\/span><\/p>\n<p style=\"text-align: left;\"><span style=\"font-size: 12pt;\">Wielkie gratulacje dla naszej studentki Kingi Drabek!<\/span><\/p>\n<p>[\/vc_column_text]            \r\n                    <div class=\"container\">\r\n                        <div class=\"gallery gallery_3\" data-images-in-row=\"3\">\r\n                            \r\n                            <div class=\"row m-0\">\r\n                                <a data-fancybox-group=\"button\" title=\"Kinga Drabek, laureatka III miejsca, z dyplomem\" data-fancybox=\"9389\" href=\"https:\/\/us.edu.pl\/student\/wp-content\/uploads\/sites\/3\/Bez-kategorii\/Messenger_creation_F243D2E7-F3E1-4FA1-B651-1546CC6E4962-e1777371798202.jpeg\" class=\"gallery__item thumbnail\"\r\n                                    style=\"background-image: url(https:\/\/us.edu.pl\/student\/wp-content\/uploads\/sites\/3\/Bez-kategorii\/Messenger_creation_F243D2E7-F3E1-4FA1-B651-1546CC6E4962-768x1024.jpeg)\"> <span class=\"d-none\">https:\/\/us.edu.pl\/student\/wp-content\/uploads\/sites\/3\/Bez-kategorii\/Messenger_creation_F243D2E7-F3E1-4FA1-B651-1546CC6E4962-e1777371798202.jpeg<\/span> <\/a><a data-fancybox-group=\"button\" title=\"Kinga Drabek, laureatka III miejsca, z prof. dr hab. Izabell\u0105 Zieleck\u0105-Panek\" data-fancybox=\"9389\" href=\"https:\/\/us.edu.pl\/student\/wp-content\/uploads\/sites\/3\/Bez-kategorii\/IMG_20260424_165816_Easy-Resize.com_-e1777371820835.jpg\" class=\"gallery__item thumbnail\"\r\n                                    style=\"background-image: url(https:\/\/us.edu.pl\/student\/wp-content\/uploads\/sites\/3\/Bez-kategorii\/IMG_20260424_165816_Easy-Resize.com_-593x1024.jpg)\"> <span class=\"d-none\">https:\/\/us.edu.pl\/student\/wp-content\/uploads\/sites\/3\/Bez-kategorii\/IMG_20260424_165816_Easy-Resize.com_-e1777371820835.jpg<\/span> <\/a><a data-fancybox-group=\"button\" title=\"Dyplom Kingi Drabek, laureatki III miejsca\" data-fancybox=\"9389\" href=\"https:\/\/us.edu.pl\/student\/wp-content\/uploads\/sites\/3\/Bez-kategorii\/IMG_20260424_165729_Easy-Resize.com_-e1777371838310.jpg\" class=\"gallery__item thumbnail\"\r\n                                    style=\"background-image: url(https:\/\/us.edu.pl\/student\/wp-content\/uploads\/sites\/3\/Bez-kategorii\/IMG_20260424_165729_Easy-Resize.com_-706x1024.jpg)\"> <span class=\"d-none\">https:\/\/us.edu.pl\/student\/wp-content\/uploads\/sites\/3\/Bez-kategorii\/IMG_20260424_165729_Easy-Resize.com_-e1777371838310.jpg<\/span> <\/a><a data-fancybox-group=\"button\" title=\"Kinga Drabek, laureatka III miejsca\" data-fancybox=\"9389\" href=\"https:\/\/us.edu.pl\/student\/wp-content\/uploads\/sites\/3\/Bez-kategorii\/IMG_20260423_181352_Easy-Resize.com_-e1777371855483.jpg\" class=\"gallery__item thumbnail\"\r\n                                    style=\"background-image: url(https:\/\/us.edu.pl\/student\/wp-content\/uploads\/sites\/3\/Bez-kategorii\/IMG_20260423_181352_Easy-Resize.com_-768x1024.jpg)\"> <span class=\"d-none\">https:\/\/us.edu.pl\/student\/wp-content\/uploads\/sites\/3\/Bez-kategorii\/IMG_20260423_181352_Easy-Resize.com_-e1777371855483.jpg<\/span> <\/a>\r\n                            <\/div>\r\n                    <\/div>\r\n                <\/div>[\/vc_column][\/vc_row]<\/p>","protected":false},"excerpt":{"rendered":"<p>[vc_row][vc_column][vc_column_text] Wspania\u0142a wiadomo\u015b\u0107 dotar\u0142a do nas z Wydzia\u0142u Sztuki i Nauk o Edukacji w Cieszynie! Kinga Drabek, studentka 2. roku studi\u00f3w magisterskich na kierunku edukacja artystyczna w zakresie sztuk muzycznych, uzyska\u0142a III miejsce w konkursie Uniwersyteckie Forum Dyrygenckie \u2013 Konfrontacje M\u0142odych Ch\u00f3rmistrz\u00f3w, kt\u00f3ry odby\u0142 si\u0119 w Kaliszu na Wydziale Pedagogiczno-Artystycznym Uniwersytetu Adama Mickiewicza w Poznaniu. [&#8230;]<\/p>\n<p><a class=\"btn btn-secondary understrap-read-more-link\" href=\"https:\/\/us.edu.pl\/student\/sukces-studentki-us-w-konfrontacjach-mlodych-dyrygentow-chormistrzow\/\">Read More&#8230;<\/a><\/p>\n","protected":false},"author":187,"featured_media":61638,"comment_status":"closed","ping_status":"open","sticky":false,"template":"","format":"standard","meta":{"_expiration-date-status":"","_expiration-date":0,"_expiration-date-type":"","_expiration-date-categories":[],"_expiration-date-options":[]},"categories":[19,27],"tags":[],"acf":[],"_links":{"self":[{"href":"https:\/\/us.edu.pl\/student\/wp-json\/wp\/v2\/posts\/61633"}],"collection":[{"href":"https:\/\/us.edu.pl\/student\/wp-json\/wp\/v2\/posts"}],"about":[{"href":"https:\/\/us.edu.pl\/student\/wp-json\/wp\/v2\/types\/post"}],"author":[{"embeddable":true,"href":"https:\/\/us.edu.pl\/student\/wp-json\/wp\/v2\/users\/187"}],"replies":[{"embeddable":true,"href":"https:\/\/us.edu.pl\/student\/wp-json\/wp\/v2\/comments?post=61633"}],"version-history":[{"count":3,"href":"https:\/\/us.edu.pl\/student\/wp-json\/wp\/v2\/posts\/61633\/revisions"}],"predecessor-version":[{"id":61640,"href":"https:\/\/us.edu.pl\/student\/wp-json\/wp\/v2\/posts\/61633\/revisions\/61640"}],"wp:featuredmedia":[{"embeddable":true,"href":"https:\/\/us.edu.pl\/student\/wp-json\/wp\/v2\/media\/61638"}],"wp:attachment":[{"href":"https:\/\/us.edu.pl\/student\/wp-json\/wp\/v2\/media?parent=61633"}],"wp:term":[{"taxonomy":"category","embeddable":true,"href":"https:\/\/us.edu.pl\/student\/wp-json\/wp\/v2\/categories?post=61633"},{"taxonomy":"post_tag","embeddable":true,"href":"https:\/\/us.edu.pl\/student\/wp-json\/wp\/v2\/tags?post=61633"}],"curies":[{"name":"wp","href":"https:\/\/api.w.org\/{rel}","templated":true}]}}