{"id":61649,"date":"2026-04-29T11:19:44","date_gmt":"2026-04-29T09:19:44","guid":{"rendered":"https:\/\/us.edu.pl\/student\/?p=61649"},"modified":"2026-04-29T11:23:10","modified_gmt":"2026-04-29T09:23:10","slug":"tydzien-projektowy-11-15-maja","status":"publish","type":"post","link":"https:\/\/us.edu.pl\/student\/tydzien-projektowy-11-15-maja\/","title":{"rendered":"Tydzie\u0144 Projektowy (11\u201315 maja)"},"content":{"rendered":"<p><span style=\"font-size: 12pt;\">W dniach 11\u201315 maja zaplanowany jest Tydzie\u0144 Projektowy, kt\u00f3ry pozwoli osobom studiuj\u0105cym na U\u015a zdoby\u0107 umiej\u0119tno\u015bci i kompetencje oraz uzupe\u0142ni\u0107 wiedz\u0119 w ramach wybranego wcze\u015bniej modu\u0142u.<\/span><\/p>\n<p><span style=\"font-size: 12pt;\">Studentki i student\u00f3w realizuj\u0105cych <strong>studia stacjonarne<\/strong> czeka <strong>15 godzin zaj\u0119\u0107 warsztatowych lub projektowych<\/strong>. Z kolei osoby <strong>studiuj\u0105ce niestacjonarnie<\/strong> wezm\u0105 udzia\u0142 w <strong>8 godzinach warsztatowych<\/strong>.<\/span><\/p>\n<p><span style=\"font-size: 12pt;\">Zaj\u0119cia b\u0119d\u0105 odbywa\u0107 si\u0119 <strong>stacjonarnie<\/strong> (w kampusach katowickim i sosnowieckim) w dw\u00f3ch blokach \u2013 <strong>porannym (9.00\u201311.30)<\/strong> oraz <strong>popo\u0142udniowym (12.30\u201315.00)<\/strong>. Dla os\u00f3b studiuj\u0105cych, kt\u00f3re nie uczestnicz\u0105 w Tygodniu Projektowym, przewidziane s\u0105 <strong>zaj\u0119cia stacjonarne lub zdalne synchroniczne<\/strong> \u2013 o sposobie realizacji zaj\u0119\u0107 decyduj\u0105 poszczeg\u00f3lne wydzia\u0142y.<\/span><\/p>\n<p><span style=\"font-size: 12pt;\">Wi\u0119cej informacji o Tygodniu Projektowym, w tym opisy modu\u0142\u00f3w obszarowych, mo\u017cna znale\u017a\u0107 <a href=\"https:\/\/us.edu.pl\/kolegium\/kdo\/ksztalcenie-obszarowe\/tydzien-projektowy-2024\/\">na stronie Kolegium Dydaktyki Og\u00f3lnouniwersyteckiej<\/a>.<\/span><\/p>","protected":false},"excerpt":{"rendered":"<p>W dniach 11\u201315 maja zaplanowany jest Tydzie\u0144 Projektowy, kt\u00f3ry pozwoli osobom studiuj\u0105cym na U\u015a zdoby\u0107 umiej\u0119tno\u015bci i kompetencje oraz uzupe\u0142ni\u0107 wiedz\u0119 w ramach wybranego wcze\u015bniej modu\u0142u. Studentki i student\u00f3w realizuj\u0105cych studia stacjonarne czeka 15 godzin zaj\u0119\u0107 warsztatowych lub projektowych. Z kolei osoby studiuj\u0105ce niestacjonarnie wezm\u0105 udzia\u0142 w 8 godzinach warsztatowych. Zaj\u0119cia b\u0119d\u0105 odbywa\u0107 si\u0119 stacjonarnie [&#8230;]<\/p>\n<p><a class=\"btn btn-secondary understrap-read-more-link\" href=\"https:\/\/us.edu.pl\/student\/tydzien-projektowy-11-15-maja\/\">Read More&#8230;<\/a><\/p>\n","protected":false},"author":187,"featured_media":61650,"comment_status":"closed","ping_status":"open","sticky":false,"template":"","format":"standard","meta":{"_expiration-date-status":"","_expiration-date":0,"_expiration-date-type":"","_expiration-date-categories":[],"_expiration-date-options":[]},"categories":[19,26,215],"tags":[],"acf":[],"_links":{"self":[{"href":"https:\/\/us.edu.pl\/student\/wp-json\/wp\/v2\/posts\/61649"}],"collection":[{"href":"https:\/\/us.edu.pl\/student\/wp-json\/wp\/v2\/posts"}],"about":[{"href":"https:\/\/us.edu.pl\/student\/wp-json\/wp\/v2\/types\/post"}],"author":[{"embeddable":true,"href":"https:\/\/us.edu.pl\/student\/wp-json\/wp\/v2\/users\/187"}],"replies":[{"embeddable":true,"href":"https:\/\/us.edu.pl\/student\/wp-json\/wp\/v2\/comments?post=61649"}],"version-history":[{"count":2,"href":"https:\/\/us.edu.pl\/student\/wp-json\/wp\/v2\/posts\/61649\/revisions"}],"predecessor-version":[{"id":61652,"href":"https:\/\/us.edu.pl\/student\/wp-json\/wp\/v2\/posts\/61649\/revisions\/61652"}],"wp:featuredmedia":[{"embeddable":true,"href":"https:\/\/us.edu.pl\/student\/wp-json\/wp\/v2\/media\/61650"}],"wp:attachment":[{"href":"https:\/\/us.edu.pl\/student\/wp-json\/wp\/v2\/media?parent=61649"}],"wp:term":[{"taxonomy":"category","embeddable":true,"href":"https:\/\/us.edu.pl\/student\/wp-json\/wp\/v2\/categories?post=61649"},{"taxonomy":"post_tag","embeddable":true,"href":"https:\/\/us.edu.pl\/student\/wp-json\/wp\/v2\/tags?post=61649"}],"curies":[{"name":"wp","href":"https:\/\/api.w.org\/{rel}","templated":true}]}}