{"id":63080,"date":"2026-08-11T09:46:16","date_gmt":"2026-08-11T07:46:16","guid":{"rendered":"https:\/\/us.edu.pl\/student\/?p=63080"},"modified":"2026-08-11T09:51:23","modified_gmt":"2026-08-11T07:51:23","slug":"terminy-kwaterowania-w-akademikach-na-rok-akademicki-2026-2027","status":"publish","type":"post","link":"https:\/\/us.edu.pl\/student\/terminy-kwaterowania-w-akademikach-na-rok-akademicki-2026-2027\/","title":{"rendered":"Terminy kwaterowania w akademikach na rok akademicki 2026\/2027"},"content":{"rendered":"<p><\/p>\n<p style=\"text-align: left;\"><span style=\"font-size: 12pt;\">Macie miejsce w akademiku? Sprawd\u017acie, kiedy mo\u017cecie si\u0119 zakwaterowa\u0107 w poszczeg\u00f3lnych domach studenta!<\/span><\/p>\n<p style=\"text-align: left;\"><strong><span style=\"font-size: 12pt;\">Osiedle Akademickie w Katowicach-Ligocie:<\/span><\/strong><\/p>\n<ul>\n<li><span style=\"font-size: 12pt;\">30.09 (\u015broda): 8.00\u201317.00;<\/span><\/li>\n<li><span style=\"font-size: 12pt;\">1.10. (czwartek): 8.00\u201317.00.<\/span><\/li>\n<\/ul>\n<p style=\"text-align: left;\"><span style=\"font-size: 12pt;\">Przerwy b\u0119d\u0105 ustalane na miejscu; za nocleg z 30.09 na 1.10 nie b\u0119dzie pobierana op\u0142ata.<\/span><\/p>\n<p style=\"text-align: left;\"><span style=\"font-size: 12pt;\">W pozosta\u0142e dni kwaterowanie odbywa si\u0119 w godzinach pracy administracji: 8.00\u201315.00.<\/span><\/p>\n<p style=\"text-align: left;\"><strong><span style=\"font-size: 12pt;\">DS5 Katowice, Paderewskiego 32:<\/span><\/strong><\/p>\n<ul>\n<li><span style=\"font-size: 12pt;\">30.09 (\u015broda): 8.00\u201317.00;<\/span><\/li>\n<li><span style=\"font-size: 12pt;\">1.10. (czwartek) 8.00\u201317.00.<\/span><\/li>\n<\/ul>\n<p style=\"text-align: left;\"><span style=\"font-size: 12pt;\">Kontakt telefoniczny w sprawie kwaterowania: 32 200 91 01; 32 200 91 11.<\/span><\/p>\n<p style=\"text-align: left;\"><strong><span style=\"font-size: 12pt;\">Osiedle Akademickie w Sosnowcu:<\/span><\/strong><\/p>\n<ul>\n<li><span style=\"font-size: 12pt;\">30.09 (\u015broda): 8.00\u201317.00;<\/span><\/li>\n<li><span style=\"font-size: 12pt;\">1.10. (czwartek): 8.00\u201317.00.<\/span><\/li>\n<\/ul>\n<p style=\"text-align: left;\"><span style=\"font-size: 12pt;\">Przerwy b\u0119d\u0105 ustalane na miejscu; za nocleg z 30.09 na 1.10 nie b\u0119dzie pobierana op\u0142ata.<\/span><\/p>\n<p style=\"text-align: left;\"><span style=\"font-size: 12pt;\">W pozosta\u0142e dni kwaterowanie odbywa si\u0119 w godzinach pracy administracji: 8.00\u201315.00.<\/span><\/p>\n<p style=\"text-align: left;\"><strong><span style=\"font-size: 12pt;\">Osiedle Akademickie w Cieszynie (DSN, U\u015aKA):<\/span><\/strong><\/p>\n<ul>\n<li><span style=\"font-size: 12pt;\">30.09 (\u015broda): 10.00\u201318.00;<\/span><\/li>\n<li><span style=\"font-size: 12pt;\">1.10 (czwartek): 10.00\u201318.00.<\/span><\/li>\n<\/ul>\n<p style=\"text-align: left;\"><span style=\"font-size: 12pt;\">Kontakt telefoniczny w sprawie kwaterowania w OA Cieszyn: 33 8546130 (DSN); 33 854 6128 (DS U\u015aKA).<\/span><\/p>\n<p><\/p>","protected":false},"excerpt":{"rendered":"<p>Macie miejsce w akademiku? Sprawd\u017acie, kiedy mo\u017cecie si\u0119 zakwaterowa\u0107 w poszczeg\u00f3lnych domach studenta! Osiedle Akademickie w Katowicach-Ligocie: 30.09 (\u015broda): 8.00\u201317.00; 1.10. (czwartek): 8.00\u201317.00. Przerwy b\u0119d\u0105 ustalane na miejscu; za nocleg z 30.09 na 1.10 nie b\u0119dzie pobierana op\u0142ata. W pozosta\u0142e dni kwaterowanie odbywa si\u0119 w godzinach pracy administracji: 8.00\u201315.00. DS5 Katowice, Paderewskiego 32: 30.09 (\u015broda): [&#8230;]<\/p>\n<p><a class=\"btn btn-secondary understrap-read-more-link\" href=\"https:\/\/us.edu.pl\/student\/terminy-kwaterowania-w-akademikach-na-rok-akademicki-2026-2027\/\">Read More&#8230;<\/a><\/p>\n","protected":false},"author":187,"featured_media":63081,"comment_status":"closed","ping_status":"open","sticky":false,"template":"","format":"standard","meta":{"_expiration-date-status":"","_expiration-date":0,"_expiration-date-type":"","_expiration-date-categories":[],"_expiration-date-options":[]},"categories":[189,19],"tags":[],"acf":[],"_links":{"self":[{"href":"https:\/\/us.edu.pl\/student\/wp-json\/wp\/v2\/posts\/63080"}],"collection":[{"href":"https:\/\/us.edu.pl\/student\/wp-json\/wp\/v2\/posts"}],"about":[{"href":"https:\/\/us.edu.pl\/student\/wp-json\/wp\/v2\/types\/post"}],"author":[{"embeddable":true,"href":"https:\/\/us.edu.pl\/student\/wp-json\/wp\/v2\/users\/187"}],"replies":[{"embeddable":true,"href":"https:\/\/us.edu.pl\/student\/wp-json\/wp\/v2\/comments?post=63080"}],"version-history":[{"count":1,"href":"https:\/\/us.edu.pl\/student\/wp-json\/wp\/v2\/posts\/63080\/revisions"}],"predecessor-version":[{"id":63082,"href":"https:\/\/us.edu.pl\/student\/wp-json\/wp\/v2\/posts\/63080\/revisions\/63082"}],"wp:featuredmedia":[{"embeddable":true,"href":"https:\/\/us.edu.pl\/student\/wp-json\/wp\/v2\/media\/63081"}],"wp:attachment":[{"href":"https:\/\/us.edu.pl\/student\/wp-json\/wp\/v2\/media?parent=63080"}],"wp:term":[{"taxonomy":"category","embeddable":true,"href":"https:\/\/us.edu.pl\/student\/wp-json\/wp\/v2\/categories?post=63080"},{"taxonomy":"post_tag","embeddable":true,"href":"https:\/\/us.edu.pl\/student\/wp-json\/wp\/v2\/tags?post=63080"}],"curies":[{"name":"wp","href":"https:\/\/api.w.org\/{rel}","templated":true}]}}