{"id":6085,"date":"2026-02-19T14:13:51","date_gmt":"2026-02-19T13:13:51","guid":{"rendered":"https:\/\/us.edu.pl\/t4e\/?p=6085"},"modified":"2026-02-19T14:13:51","modified_gmt":"2026-02-19T13:13:51","slug":"letnia-szkola-2026-beyond-barriers-rola-nauk-spolecznych-w-budowaniu-dostepnosci","status":"publish","type":"post","link":"https:\/\/us.edu.pl\/t4e\/en\/letnia-szkola-2026-beyond-barriers-rola-nauk-spolecznych-w-budowaniu-dostepnosci\/","title":{"rendered":"Seasonal School 2026 \u201cBeyond Barriers: the Role of Social Sciences in Building Accessibility\u201d"},"content":{"rendered":"<p><\/p>\n<p>[vc_row][vc_column width=&#8221;2\/3&#8243;]\r\n                <div class=\"text-modules\">\r\n                    <div class=\"container\">\r\n                        \r\n                        <div class=\"text-modules__content\"><p>Seasonal School 2026 \u201cBeyond Barriers: the Role of Social Sciences in Building Accessibility\u201d\u00a0organized by the\u00a0Doctoral School at the University of Silesia in Katowice\u00a0will take place on\u00a08\u201312 June 2026.<\/p>\n<p>Who can participate?<\/p>\n<ul>\n<li>Master\u2019s and PhD students from across Europe in the fields of social sciences and humanities who are interested in interdisciplinary research, social challenges, and international academic collaboration.<\/li>\n<\/ul>\n<p>The event has an interdisciplinary character and focuses on accessibility as a key challenge for contemporary societies, including access to education, public space, digital technologies, social participation, and cultural resources.<\/p>\n<p>The programme offers a rich and engaging academic experience, combining lectures, interactive workshops, seminars, participant presentations, and collaborative group work.<\/p>\n<p>Detailed information about the event, programme, and application procedure is available at: <a href=\"https:\/\/us.edu.pl\/szkola-doktorska\/ster\/seasonal-schools\/beyond-barriers\/\" target=\"_blank\" rel=\"noopener\">us.edu.pl\/szkola-doktorska\/ster\/seasonal-schools\/beyond-barriers<\/a>.<\/p>\n<p>The Seasonal School 2026 is organised within the framework of the Blended Intensive Programme (Erasmus+) and the project \u201cInternational from the beginning \u2013 support of internationalization\u201d under NAWA STER programme, supporting international academic mobility and the development of research competences among early-career researchers.<\/p>\n<p>Participation in the event is free of charge.<\/p>\n<p>Participants from European universities may also receive\u00a0Erasmus+ BIP funding to support their travel and subsistence costs and will have the opportunity to obtain ECTS credits and a certificate of participation.<\/p>\n<p>Registration is open until 9 March 2026 via the <a href=\"https:\/\/formularze.us.edu.pl\/form\/index\/7002\">application form<\/a>.<\/p>\n<p>The number of places is limited.<\/p>\n<\/div>\r\n                    <\/div>\r\n                <\/div>[\/vc_column][vc_column width=&#8221;1\/3&#8243;]\r\n                <div class=\"text-modules\">\r\n                    <div class=\"container\">\r\n                        \r\n                        <div class=\"text-modules__content\"><p><img class=\"alignnone size-full wp-image-1694\" src=\"https:\/\/us.edu.pl\/t4e\/wp-content\/uploads\/sites\/59\/fotografie\/m-accelerator-zJYMJIrQYTE-unsplash.jpg\" alt=\"Grupa os\u00f3b s\u0142uchaj\u0105cych wyk\u0142adu\" width=\"100%\" height=\"auto\" srcset=\"https:\/\/us.edu.pl\/t4e\/wp-content\/uploads\/sites\/59\/fotografie\/m-accelerator-zJYMJIrQYTE-unsplash.jpg 800w, https:\/\/us.edu.pl\/t4e\/wp-content\/uploads\/sites\/59\/fotografie\/m-accelerator-zJYMJIrQYTE-unsplash-768x576.jpg 768w, https:\/\/us.edu.pl\/t4e\/wp-content\/uploads\/sites\/59\/fotografie\/m-accelerator-zJYMJIrQYTE-unsplash-575x431.jpg 575w\" sizes=\"(max-width: 800px) 100vw, 800px\" \/><\/p>\n<\/div>\r\n                    <\/div>\r\n                <\/div>[\/vc_column][\/vc_row]<\/p>\n<p><\/p>","protected":false},"excerpt":{"rendered":"<p>[vc_row][vc_column width=&#8221;2\/3&#8243;][\/vc_column][vc_column width=&#8221;1\/3&#8243;][\/vc_column][\/vc_row] [&#8230;]<\/p>\n<p><a class=\"btn btn-secondary understrap-read-more-link\" href=\"https:\/\/us.edu.pl\/t4e\/en\/letnia-szkola-2026-beyond-barriers-rola-nauk-spolecznych-w-budowaniu-dostepnosci\/\">Read More&#8230;<\/a><\/p>\n","protected":false},"author":33,"featured_media":1694,"comment_status":"open","ping_status":"open","sticky":false,"template":"","format":"standard","meta":{"_expiration-date-status":"","_expiration-date":0,"_expiration-date-type":"","_expiration-date-categories":[],"_expiration-date-options":[]},"categories":[12],"tags":[],"acf":[],"_links":{"self":[{"href":"https:\/\/us.edu.pl\/t4e\/en\/wp-json\/wp\/v2\/posts\/6085"}],"collection":[{"href":"https:\/\/us.edu.pl\/t4e\/en\/wp-json\/wp\/v2\/posts"}],"about":[{"href":"https:\/\/us.edu.pl\/t4e\/en\/wp-json\/wp\/v2\/types\/post"}],"author":[{"embeddable":true,"href":"https:\/\/us.edu.pl\/t4e\/en\/wp-json\/wp\/v2\/users\/33"}],"replies":[{"embeddable":true,"href":"https:\/\/us.edu.pl\/t4e\/en\/wp-json\/wp\/v2\/comments?post=6085"}],"version-history":[{"count":1,"href":"https:\/\/us.edu.pl\/t4e\/en\/wp-json\/wp\/v2\/posts\/6085\/revisions"}],"predecessor-version":[{"id":6086,"href":"https:\/\/us.edu.pl\/t4e\/en\/wp-json\/wp\/v2\/posts\/6085\/revisions\/6086"}],"wp:featuredmedia":[{"embeddable":true,"href":"https:\/\/us.edu.pl\/t4e\/en\/wp-json\/wp\/v2\/media\/1694"}],"wp:attachment":[{"href":"https:\/\/us.edu.pl\/t4e\/en\/wp-json\/wp\/v2\/media?parent=6085"}],"wp:term":[{"taxonomy":"category","embeddable":true,"href":"https:\/\/us.edu.pl\/t4e\/en\/wp-json\/wp\/v2\/categories?post=6085"},{"taxonomy":"post_tag","embeddable":true,"href":"https:\/\/us.edu.pl\/t4e\/en\/wp-json\/wp\/v2\/tags?post=6085"}],"curies":[{"name":"wp","href":"https:\/\/api.w.org\/{rel}","templated":true}]}}