{"id":1124,"date":"2021-10-14T10:58:26","date_gmt":"2021-10-14T08:58:26","guid":{"rendered":"https:\/\/us.edu.pl\/t4e\/?p=1124"},"modified":"2021-10-14T11:33:17","modified_gmt":"2021-10-14T09:33:17","slug":"transform4europe-zostan-studenckim-ambasadorem","status":"publish","type":"post","link":"https:\/\/us.edu.pl\/t4e\/transform4europe-zostan-studenckim-ambasadorem\/","title":{"rendered":"Transform4Europe | Zosta\u0144 studenckim ambasadorem"},"content":{"rendered":"<p>[vc_row css=&#8221;.vc_custom_1628696935370{margin-bottom: 0px !important;border-bottom-width: 0px !important;padding-bottom: 0px !important;}&#8221;][vc_column width=&#8221;1\/4&#8243; css=&#8221;.vc_custom_1628676746787{margin-bottom: 0px !important;border-bottom-width: 0px !important;padding-bottom: 0px !important;}&#8221;][\/vc_column][vc_column width=&#8221;3\/4&#8243; css=&#8221;.vc_custom_1628749912462{margin-right: 5px !important;padding-left: 10px !important;}&#8221;]\r\n                <div class=\"text-modules\">\r\n                    <div class=\"container\">\r\n                        \r\n                        <div class=\"text-modules__content\"><\/p>\n<p style=\"line-height: 0.9; color: #000000; font-family: 'PT Sans Narrow'; font-size: 2.5em;\"><strong>TRANSFORM4EUROPE:<br \/>\nZOSTA\u0143 STUDENCKIM AMBASADOREM <\/strong><\/p>\n<p>\n<\/div>\r\n                    <\/div>\r\n                <\/div>[vc_empty_space height=&#8221;16px&#8221;][vc_row_inner][vc_column_inner width=&#8221;2\/3&#8243;][vc_empty_space height=&#8221;1px&#8221; css=&#8221;.vc_custom_1628690988868{background-color: #71af3a !important;}&#8221;][\/vc_column_inner][vc_column_inner width=&#8221;1\/3&#8243;][\/vc_column_inner][\/vc_row_inner][\/vc_column][\/vc_row][vc_row el_class=&#8221;container&#8221;][vc_column][vc_empty_space height=&#8221;48px&#8221;]\r\n                <div class=\"text-modules\">\r\n                    <div class=\"container\">\r\n                        \r\n                        <div class=\"text-modules__content\"><\/p>\n<p style=\"line-height: 0.9; color: #000000; font-family: 'PT Sans Narrow'; font-size: 1.8em;\"><strong>DRODZY STUDENCI!<\/strong><\/p>\n<p>\n<\/div>\r\n                    <\/div>\r\n                <\/div>[\/vc_column][\/vc_row][vc_row el_class=&#8221;container&#8221;][vc_column width=&#8221;1\/4&#8243;][\/vc_column][vc_column width=&#8221;3\/4&#8243;][vc_row_inner][vc_column_inner width=&#8221;1\/2&#8243;]\r\n                <div class=\"text-modules\">\r\n                    <div class=\"container\">\r\n                        \r\n                        <div class=\"text-modules__content\"><p>W ramach realizowanego na naszej uczelni projektu \u201eTransform4Europe \u2013 T4E: The European University for Knowledge Entrepreneurs\u201d poszukujemy student\u00f3w, kt\u00f3rzy podejm\u0105 si\u0119 roli studenckiego ambasadora (ang. <em>buddy<\/em>). Rol\u0105 ambasador\u00f3w b\u0119dzie pomoc zagranicznym studentom z uczelni nale\u017c\u0105cych do sojuszu Transform4Europe w pierwszych dniach ich pobytu na Uniwersytecie \u015al\u0105skim.<\/p>\n<p>W wyniku rekrutacji wy\u0142onionych zostanie 5 student\u00f3w, kt\u00f3rych rol\u0105 b\u0119dzie wsparcie zagranicznych student\u00f3w planuj\u0105cych sw\u00f3j przyjazd na nasz\u0105 uczelni\u0119 w semestrze letnim 2022 (luty\u2013czerwiec).<\/p>\n<\/div>\r\n                    <\/div>\r\n                <\/div>[\/vc_column_inner][vc_column_inner width=&#8221;1\/2&#8243;]\r\n                <div class=\"text-modules\">\r\n                    <div class=\"container\">\r\n                        \r\n                        <div class=\"text-modules__content\"><p><img class=\"alignnone wp-image-1128 size-full\" src=\"https:\/\/us.edu.pl\/t4e\/wp-content\/uploads\/sites\/59\/grafiki\/buddies\/obrazek.png\" alt=\"A smiling girl\" width=\"100%\" height=\"auto\" srcset=\"https:\/\/us.edu.pl\/t4e\/wp-content\/uploads\/sites\/59\/grafiki\/buddies\/obrazek.png 606w, https:\/\/us.edu.pl\/t4e\/wp-content\/uploads\/sites\/59\/grafiki\/buddies\/obrazek-575x454.png 575w\" sizes=\"(max-width: 606px) 100vw, 606px\" \/><\/p>\n<\/div>\r\n                    <\/div>\r\n                <\/div>[\/vc_column_inner][\/vc_row_inner][\/vc_column][\/vc_row][vc_row el_class=&#8221;container&#8221;][vc_column][vc_separator color=&#8221;custom&#8221; accent_color=&#8221;#71af3a&#8221;][\/vc_column][\/vc_row][vc_row el_class=&#8221;container&#8221;][vc_column]\r\n                <div class=\"text-modules\">\r\n                    <div class=\"container\">\r\n                        \r\n                        <div class=\"text-modules__content\"><\/p>\n<p style=\"line-height: 0.9; color: #000000; font-family: 'PT Sans Narrow'; font-size: 1.8em;\"><strong>ZADANIA STUDENCKIEGO AMBASADORA<\/strong><\/p>\n<p>\n<\/div>\r\n                    <\/div>\r\n                <\/div>[\/vc_column][\/vc_row][vc_row el_class=&#8221;container&#8221;][vc_column width=&#8221;1\/4&#8243;][\/vc_column][vc_column width=&#8221;3\/4&#8243;]\r\n                <div class=\"text-modules\">\r\n                    <div class=\"container\">\r\n                        \r\n                        <div class=\"text-modules__content\"><p>Do zada\u0144 studenckiego ambasadora nale\u017ce\u0107 b\u0119dzie m.in. pomoc logistyczna oraz administracyjna zwi\u0105zana z organizacj\u0105 pobytu na uczelni oraz w mie\u015bcie, tj.:<br \/>\n\u2022 powitanie przyje\u017cd\u017caj\u0105cych student\u00f3w Transform4Europe;<br \/>\n\u2022 odbi\u00f3r student\u00f3w z lotniska\/dworca;<br \/>\n\u2022 oprowadzenie student\u00f3w po mie\u015bcie, w tym: pokazanie najbli\u017cszych sklep\u00f3w, udzielenie informacji o mo\u017cliwo\u015bci uprawiania sportu, wskazanie przychodni lekarskiej, posterunku policji oraz wyja\u015bnienie zasad funkcjonowania transportu miejskiego;<br \/>\n\u2022 wsparcie w kwestiach administracyjnych i akademickich, w tym: pomoc w wyborze zaj\u0119\u0107 i przygotowaniu learning agreement (porozumienia o programie zaj\u0119\u0107), jak r\u00f3wnie\u017c przy znalezieniu zakwaterowania poza uczelnianym akademikiem (je\u015bli dotyczy) oraz przy legalizacji pobytu w urz\u0119dach;<br \/>\n\u2022 wype\u0142nienie kwestionariusza ewaluacyjnego po zrealizowaniu zadania.<\/p>\n<\/div>\r\n                    <\/div>\r\n                <\/div>[vc_column_text css=&#8221;.vc_custom_1634203262222{padding-top: 20px !important;padding-right: 20px !important;padding-bottom: 20px !important;padding-left: 20px !important;background-color: #254ba1 !important;border-radius: 5px !important;}&#8221;]<span style=\"color: #ffffff; font-size: 140%;\"><strong>Jak zg\u0142osi\u0107 si\u0119 do programu \u201eStudenccy ambasadorzy Transform4Europe\u201d?<\/strong><\/span><\/p>\n<ul>\n<li><span style=\"color: #ffffff; font-size: 120%;\">wype\u0142nij formularz aplikacyjny w j\u0119zyku angielskim:<a style=\"color: #ffffff;\" href=\"https:\/\/forms.office.com\/r\/BMNFQY9zHf\"> https:\/\/forms.office.com\/r\/BMNFQY9zHf<\/a> <\/span><\/li>\n<li><span style=\"color: #ffffff; font-size: 120%;\">prze\u015blij dokumenty potwierdzaj\u0105ce spe\u0142nienie kryteri\u00f3w wyboru w formie skan\u00f3w .pdf na adres: <a style=\"color: #ffffff;\" href=\"mailto:monika.ostrowska@us.edu.pl\">monika.ostrowska@us.edu.pl<\/a>.<\/span><\/li>\n<\/ul>\n<p>[\/vc_column_text][vc_column_text css=&#8221;.vc_custom_1634203200829{margin-top: 0px !important;border-top-width: 0px !important;padding-top: 20px !important;padding-right: 20px !important;padding-bottom: 20px !important;padding-left: 20px !important;background-color: #254ba1 !important;border-radius: 5px !important;}&#8221;]<span style=\"color: #ffffff; font-size: 160%;\"><strong>TERMIN ZG\u0141OSZE\u0143:<br \/>\n<\/strong> 31 pa\u017adziernika 2021 roku<\/span>[\/vc_column_text][\/vc_column][\/vc_row][vc_row el_class=&#8221;container&#8221;][vc_column][vc_separator color=&#8221;custom&#8221; accent_color=&#8221;#71af3a&#8221;][\/vc_column][\/vc_row][vc_row el_class=&#8221;container&#8221;][vc_column]\r\n                <div class=\"text-modules\">\r\n                    <div class=\"container\">\r\n                        \r\n                        <div class=\"text-modules__content\"><\/p>\n<p style=\"line-height: 0.9; color: #000000; font-family: 'PT Sans Narrow'; font-size: 1.8em;\"><strong>DLACZEGO WARTO WZI\u0104\u0106 UDZIA\u0141 W PROGRAMIE?<\/strong><\/p>\n<p>\n<\/div>\r\n                    <\/div>\r\n                <\/div>[\/vc_column][\/vc_row][vc_row el_class=&#8221;container&#8221;][vc_column width=&#8221;1\/4&#8243;][\/vc_column][vc_column width=&#8221;3\/4&#8243;]\r\n                <div class=\"text-modules\">\r\n                    <div class=\"container\">\r\n                        \r\n                        <div class=\"text-modules__content\"><p>Wszyscy studenci, kt\u00f3rzy zostan\u0105 wybrani do pe\u0142nienia roli studenckich ambasador\u00f3w Transform4Europe, za swoje zaanga\u017cowanie otrzymaj\u0105 certyfikat wydany przez Dzia\u0142 Wsp\u00f3\u0142pracy z Zagranic\u0105, kt\u00f3ry b\u0119d\u0105 mogli uwzgl\u0119dni\u0107 w swoim CV. Informacja o udziale w programie zostanie zawarta w suplemencie do dyplomu.<\/p>\n<p>Studenci, szczeg\u00f3lnie ci z ograniczon\u0105 zdolno\u015bci\u0105 do podr\u00f3\u017cowania, np. z powodu niepe\u0142nosprawno\u015bci fizycznej lub ogranicze\u0144 finansowych, b\u0119d\u0105 mieli szans\u0119 zdoby\u0107 mi\u0119dzynarodowe do\u015bwiadczenie bez potrzeby opuszczania kraju (<em>internationalization at home<\/em>).<\/p>\n<p>Ambasadorzy ze wszystkich uczelni b\u0119d\u0105cych cz\u0142onkami sojuszu Transform4Europe b\u0119d\u0105 po\u0142\u0105czeni ze sob\u0105 poprzez Wirtualn\u0105 Sie\u0107 Ambasador\u00f3w Transform4Europe (Transform4Europe Ambassadors Virtual Network), kt\u00f3ra pozwoli im wspiera\u0107 si\u0119 nawzajem, wymienia\u0107 najlepsze praktyki, rozmawia\u0107 o swoich do\u015bwiadczeniach i rozwi\u0105zywa\u0107 wszelkie problemy, jakie mog\u0105 napotka\u0107 podczas pe\u0142nienia swojej roli ambasador\u00f3w.<\/p>\n<\/div>\r\n                    <\/div>\r\n                <\/div>[\/vc_column][\/vc_row][vc_row el_class=&#8221;container&#8221;][vc_column][vc_separator color=&#8221;custom&#8221; accent_color=&#8221;#71af3a&#8221;][\/vc_column][\/vc_row][vc_row el_class=&#8221;container&#8221;][vc_column]\r\n                <div class=\"text-modules\">\r\n                    <div class=\"container\">\r\n                        \r\n                        <div class=\"text-modules__content\"><\/p>\n<p style=\"line-height: 0.9; color: #000000; font-family: 'PT Sans Narrow'; font-size: 1.8em;\"><strong>KTO MO\u017bE ZOSTA\u0106 STUDENCKIM AMBASADOREM TRANSFORM4EUROPE?<\/strong><\/p>\n<p>\n<\/div>\r\n                    <\/div>\r\n                <\/div>[\/vc_column][\/vc_row][vc_row el_class=&#8221;container&#8221;][vc_column width=&#8221;1\/4&#8243;][\/vc_column][vc_column width=&#8221;3\/4&#8243;]\r\n                <div class=\"text-modules\">\r\n                    <div class=\"container\">\r\n                        \r\n                        <div class=\"text-modules__content\"><p>Studenccy ambasadorzy powinni:<\/p>\n<ul>\n<li>by\u0107 studentami Uniwersytetu \u015al\u0105skiego w Katowicach na studiach I, II lub doktorantami szk\u00f3\u0142 dosktrokich U\u015a;<\/li>\n<li>dobrze zna\u0107 co najmniej jedno z miast, w kt\u00f3rych mie\u015bci si\u0119 kampus Uniwersytetu \u015al\u0105skiego, tj. Katowice, Sosnowiec, Cieszyn i\/lub Chorz\u00f3w;<\/li>\n<li>wiedzie\u0107, jak funkcjonuje nasza uczelnia.<\/li>\n<\/ul>\n<p>W przypadku pyta\u0144 i w\u0105tpliwo\u015bci dotycz\u0105cych wymaganych dokument\u00f3w czy obowi\u0105zuj\u0105cych procedur oferujemy wsparcie merytoryczne. Pomoc i odpowiedzi na dodatkowe pytania b\u0119dzie mo\u017cna uzyska\u0107 w Dziale Wsp\u00f3\u0142pracy z Zagranic\u0105 (dane kontaktowe zostan\u0105 udost\u0119pnione uczestnikom zakwalifikowanym do udzia\u0142u w programie).<\/p>\n<p><strong>Kryteria wyboru i punktacja:<\/strong><\/p>\n<ul>\n<li>dobra znajomo\u015b\u0107 j\u0119zyka angielskiego w mowie (CEFR B1: 1 pkt, B2: 1,5 pkt, C1: 2 pkt, C2: 2,5 pkt);<\/li>\n<li>znajomo\u015b\u0107 j\u0119zyka kt\u00f3rejkolwiek z uczelni partnerskich sojuszu Transform4Europe (1 pkt);<\/li>\n<li>ograniczona zdolno\u015b\u0107 do podr\u00f3\u017cowania, np. ze wzgl\u0119du na niepe\u0142nosprawno\u015b\u0107 lub ograniczenia finansowe (1 punkt);<\/li>\n<li>zainteresowanie sprawami mi\u0119dzynarodowymi lub wcze\u015bniejsze do\u015bwiadczenie mi\u0119dzynarodowe (1 punkt);<\/li>\n<li>wcze\u015bniejszy udzia\u0142 w mi\u0119dzynarodowej wymianie w dowolnej uczelni Transform4Europe (2 punkty);<\/li>\n<li>zaanga\u017cowanie spo\u0142eczne lub wolontariat (2 punkty).<\/li>\n<\/ul>\n<p>Spe\u0142nienie ww. kryteri\u00f3w b\u0119dzie weryfikowane na podstawie dostarczonych przez student\u00f3w dokument\u00f3w, tj.:<\/p>\n<ul>\n<li>certyfikat\u00f3w j\u0119zykowych \u2013 po\u015bwiadczony certyfikat j\u0119zykowy lub za\u015bwiadczenie o udziale w kursie j\u0119zyka obcego (lektoracie) na uczelni, pozwalaj\u0105ce jednoznacznie okre\u015bli\u0107 poziom zaawansowania zgodnie z wymogami Europejskiego Systemu Opisu Kszta\u0142cenia J\u0119zykowego Rady Europy (skala CEFR). W przypadku braku certyfikatu lub za\u015bwiadczenia student mo\u017ce przyst\u0105pi\u0107 do testu kwalifikacyjnego za pomoc\u0105 narz\u0119dzia internetowego: <a href=\"https:\/\/dialangweb.lancaster.ac.uk\/\">https:\/\/dialangweb.lancaster.ac.uk\/<\/a>. W przypadku student\u00f3w, kt\u00f3rzy wzi\u0119li udzia\u0142 w programie Erasmus+, akceptowany b\u0119dzie r\u00f3wnie\u017c wynik testu j\u0119zykowego na platformie OLS;<\/li>\n<li>certyfikat\u00f3w uczestnictwa w wymianie mi\u0119dzynarodowej i\/lub aktywnego udzia\u0142u w wydarzeniu o charakterze mi\u0119dzynarodowym, organizowanym w kraju;<\/li>\n<li>potwierdzenia udzia\u0142u w wolontariacie lub innego zaanga\u017cowania spo\u0142ecznego;<\/li>\n<li>decyzji dziekana o przyznaniu stypendium socjalnego w semestrze poprzedzaj\u0105cym termin aktualnej rekrutacji.<\/li>\n<\/ul>\n<p>Przyznanie dodatkowego punktu ze wzgl\u0119du na niepe\u0142nosprawno\u015b\u0107 nast\u0105pi na podstawie twierdz\u0105cej odpowiedzi studenta na pytanie znajduj\u0105ce si\u0119 w formularzu aplikacyjnym. <u>Udzielenie odpowiedzi na to pytanie nie jest obligatoryjne.<\/u><\/p>\n<p>Osoby, kt\u00f3re udziel\u0105 odpowiedzi twierdz\u0105cej, mog\u0105 zosta\u0107 poproszone o przedstawienie do wgl\u0105du za\u015bwiadczenia o stopniu niepe\u0142nosprawno\u015bci, celem weryfikacji tej informacji.<\/p>\n<p><strong>Komisja weryfikuj\u0105ca<\/strong><\/p>\n<p>W sk\u0142ad komisji weryfikuj\u0105cej tre\u015b\u0107 przes\u0142anych dokument\u00f3w oraz informacji zawartych w formularzu aplikacyjnym wejd\u0105 przedstawiciele Dzia\u0142u Wsp\u00f3\u0142pracy z Zagranic\u0105 w sk\u0142adzie:<\/p>\n<ul>\n<li>kierownik Biura Wymiany Mi\u0119dzynarodowej;<\/li>\n<li>przedstawiciel Virtual Office w projekcie Transform4Europe;<\/li>\n<li>ekspert ds. studenckich ambasador\u00f3w w projekcie Transform4Europe.<\/li>\n<\/ul>\n<p>Do udzia\u0142u w programie zaproszeni zostan\u0105 studenci z najwi\u0119ksz\u0105 liczb\u0105 punkt\u00f3w.<\/p>\n<p>W przypadku r\u00f3wnej liczby punkt\u00f3w uzyskanych przez student\u00f3w o zakwalifikowaniu do programu studenckich ambasador\u00f3w Transform4Europe zadecyduje bardziej przekonuj\u0105ce uzasadnienie ch\u0119ci uczestnictwa w programie oraz wiedza kandydata nt. sojuszu Transform4Europe (pytania od 16 do 19 w formularzu aplikacyjnym).<\/p>\n<\/div>\r\n                    <\/div>\r\n                <\/div><div class=\"container\"><div class=\"separator\" style=\"background-color: #EBEBEB\"><\/div><\/div>\r\n                <div class=\"text-modules\">\r\n                    <div class=\"container\">\r\n                        \r\n                        <div class=\"text-modules__content\"><p>Za\u0142\u0105czniki:<\/p>\n<ul>\n<li><a href=\"https:\/\/us.edu.pl\/t4e\/wp-content\/uploads\/sites\/59\/pliki\/Call_for_applications_signed.pdf\" class=\"mtli_attachment mtli_pdf\" data-mtli=\"mtli_filesize613,05kB\" class=\"mtli_attachment mtli_pdf\" data-mtli=\"mtli_filesize613,05kB\">Call for applications Transform4Europe Student Ambassador Programme 2021\u20132022<\/a>;<\/li>\n<li><a href=\"https:\/\/us.edu.pl\/t4e\/wp-content\/uploads\/sites\/59\/pliki\/rekrutacja_buddy_postanowienia-dodatkowe_PL.pdf\" class=\"mtli_attachment mtli_pdf\" data-mtli=\"mtli_filesize475,69kB\" class=\"mtli_attachment mtli_pdf\" data-mtli=\"mtli_filesize475,69kB\">postanowienia dodatkowe dot. programu studenckich ambasador\u00f3w Transform4Europe<\/a>.<\/li>\n<\/ul>\n<p>\n<style type=\"text\/css\">a[data-mtli~=\"mtli_filesize613,05kB\"]:after {content:\" (613,05 kB)\"}a[data-mtli~=\"mtli_filesize475,69kB\"]:after {content:\" (475,69 kB)\"}<\/style><\/div>\r\n                    <\/div>\r\n                <\/div>\r\n                <div class=\"text-modules\">\r\n                    <div class=\"container\">\r\n                        \r\n                        <div class=\"text-modules__content\"><p>Dowiedz si\u0119 wi\u0119cej na stronie sojuszu <a href=\"http:\/\/transform4europe.eu\">Transform4Europe<\/a>.<br \/>\nPozosta\u0144my w kontakcie, \u015bled\u017a nas na <a href=\"https:\/\/www.facebook.com\/Transform4Europe\">Facebooku<\/a>.<\/p>\n<\/div>\r\n                    <\/div>\r\n                <\/div>[\/vc_column][\/vc_row][vc_row el_class=&#8221;container&#8221;][vc_column][vc_separator color=&#8221;custom&#8221; accent_color=&#8221;#71af3a&#8221;][\/vc_column][\/vc_row]<\/p>\n<style type=\"text\/css\">a[data-mtli~=\"mtli_filesize613,05kB\"]:after {content:\" (613,05 kB)\"}a[data-mtli~=\"mtli_filesize475,69kB\"]:after {content:\" (475,69 kB)\"}a[data-mtli~=\"mtli_filesize403,71kB\"]:after {content:\" (403,71 kB)\"}<\/style>","protected":false},"excerpt":{"rendered":"<p>[vc_row css=&#8221;.vc_custom_1628696935370{margin-bottom: 0px !important;border-bottom-width: 0px !important;padding-bottom: 0px !important;}&#8221;][vc_column width=&#8221;1\/4&#8243; css=&#8221;.vc_custom_1628676746787{margin-bottom: 0px !important;border-bottom-width: 0px !important;padding-bottom: 0px !important;}&#8221;][\/vc_column][vc_column width=&#8221;3\/4&#8243; css=&#8221;.vc_custom_1628749912462{margin-right: 5px !important;padding-left: 10px !important;}&#8221;][vc_empty_space height=&#8221;16px&#8221;][vc_row_inner][vc_column_inner width=&#8221;2\/3&#8243;][vc_empty_space height=&#8221;1px&#8221; css=&#8221;.vc_custom_1628690988868{background-color: #71af3a !important;}&#8221;][\/vc_column_inner][vc_column_inner width=&#8221;1\/3&#8243;][\/vc_column_inner][\/vc_row_inner][\/vc_column][\/vc_row][vc_row el_class=&#8221;container&#8221;][vc_column][vc_empty_space height=&#8221;48px&#8221;][\/vc_column][\/vc_row][vc_row el_class=&#8221;container&#8221;][vc_column width=&#8221;1\/4&#8243;][\/vc_column][vc_column width=&#8221;3\/4&#8243;][vc_row_inner][vc_column_inner width=&#8221;1\/2&#8243;][\/vc_column_inner][vc_column_inner width=&#8221;1\/2&#8243;][\/vc_column_inner][\/vc_row_inner][\/vc_column][\/vc_row][vc_row el_class=&#8221;container&#8221;][vc_column][vc_separator color=&#8221;custom&#8221; accent_color=&#8221;#71af3a&#8221;][\/vc_column][\/vc_row][vc_row el_class=&#8221;container&#8221;][vc_column][\/vc_column][\/vc_row][vc_row el_class=&#8221;container&#8221;][vc_column width=&#8221;1\/4&#8243;][\/vc_column][vc_column width=&#8221;3\/4&#8243;][vc_column_text css=&#8221;.vc_custom_1634203262222{padding-top: 20px !important;padding-right: 20px !important;padding-bottom: 20px !important;padding-left: 20px !important;background-color: #254ba1 !important;border-radius: 5px [&#8230;]<\/p>\n<p><a class=\"btn btn-secondary understrap-read-more-link\" href=\"https:\/\/us.edu.pl\/t4e\/transform4europe-zostan-studenckim-ambasadorem\/\">Read More&#8230;<\/a><\/p>\n","protected":false},"author":139,"featured_media":1127,"comment_status":"open","ping_status":"open","sticky":false,"template":"","format":"standard","meta":{"_expiration-date-status":"saved","_expiration-date":0,"_expiration-date-type":"","_expiration-date-categories":[],"_expiration-date-options":[]},"categories":[12],"tags":[51,52,50,22],"acf":[],"_links":{"self":[{"href":"https:\/\/us.edu.pl\/t4e\/wp-json\/wp\/v2\/posts\/1124"}],"collection":[{"href":"https:\/\/us.edu.pl\/t4e\/wp-json\/wp\/v2\/posts"}],"about":[{"href":"https:\/\/us.edu.pl\/t4e\/wp-json\/wp\/v2\/types\/post"}],"author":[{"embeddable":true,"href":"https:\/\/us.edu.pl\/t4e\/wp-json\/wp\/v2\/users\/139"}],"replies":[{"embeddable":true,"href":"https:\/\/us.edu.pl\/t4e\/wp-json\/wp\/v2\/comments?post=1124"}],"version-history":[{"count":12,"href":"https:\/\/us.edu.pl\/t4e\/wp-json\/wp\/v2\/posts\/1124\/revisions"}],"predecessor-version":[{"id":1143,"href":"https:\/\/us.edu.pl\/t4e\/wp-json\/wp\/v2\/posts\/1124\/revisions\/1143"}],"wp:featuredmedia":[{"embeddable":true,"href":"https:\/\/us.edu.pl\/t4e\/wp-json\/wp\/v2\/media\/1127"}],"wp:attachment":[{"href":"https:\/\/us.edu.pl\/t4e\/wp-json\/wp\/v2\/media?parent=1124"}],"wp:term":[{"taxonomy":"category","embeddable":true,"href":"https:\/\/us.edu.pl\/t4e\/wp-json\/wp\/v2\/categories?post=1124"},{"taxonomy":"post_tag","embeddable":true,"href":"https:\/\/us.edu.pl\/t4e\/wp-json\/wp\/v2\/tags?post=1124"}],"curies":[{"name":"wp","href":"https:\/\/api.w.org\/{rel}","templated":true}]}}