{"id":1377,"date":"2022-01-10T12:03:54","date_gmt":"2022-01-10T11:03:54","guid":{"rendered":"https:\/\/us.edu.pl\/t4e\/?p=1377"},"modified":"2022-01-11T09:20:51","modified_gmt":"2022-01-11T08:20:51","slug":"transform4europe-chair-exchange-nabor-jeszcze-tylko-do-15-stycznia","status":"publish","type":"post","link":"https:\/\/us.edu.pl\/t4e\/transform4europe-chair-exchange-nabor-jeszcze-tylko-do-15-stycznia\/","title":{"rendered":"Transform4Europe Chair Exchange | Nab\u00f3r jeszcze tylko do 15 stycznia"},"content":{"rendered":"<p>[vc_row css=&#8221;.vc_custom_1628696935370{margin-bottom: 0px !important;border-bottom-width: 0px !important;padding-bottom: 0px !important;}&#8221;][vc_column width=&#8221;2\/3&#8243; css=&#8221;.vc_custom_1628676746787{margin-bottom: 0px !important;border-bottom-width: 0px !important;padding-bottom: 0px !important;}&#8221;]\r\n                <div class=\"text-modules\">\r\n                    <div class=\"container\">\r\n                        \r\n                        <div class=\"text-modules__content\"><\/p>\n<p style=\"line-height: 0.9; color: #000000; font-family: 'PT Sans Narrow'; font-size: 2.5em;\"><strong>TRANSFORM4EUROPE<br \/>\nCHAIR EXCHANGE<\/strong><\/p>\n<p style=\"line-height: 1.2; color: #000000; font-family: 'PT Sans';\">NAB\u00d3R WNIOSK\u00d3W <strong>DO 15 STYCZNIA 2022 ROKU<\/strong><\/p>\n<p style=\"line-height: 0.9; color: #000000; font-family: 'PT Sans Narrow';\"><strong>SEMESTR LETNI 2021\/2022<br \/>\n<\/strong><\/p>\n<p>\n<\/div>\r\n                    <\/div>\r\n                <\/div>[vc_empty_space height=&#8221;16px&#8221;][vc_row_inner][vc_column_inner width=&#8221;2\/3&#8243;][vc_empty_space height=&#8221;1px&#8221; css=&#8221;.vc_custom_1628690988868{background-color: #71af3a !important;}&#8221;][\/vc_column_inner][vc_column_inner width=&#8221;1\/3&#8243;][\/vc_column_inner][\/vc_row_inner][\/vc_column][vc_column width=&#8221;1\/3&#8243;][\/vc_column][\/vc_row][vc_row el_class=&#8221;container&#8221;][vc_column][vc_empty_space height=&#8221;48px&#8221;]\r\n                <div class=\"text-modules\">\r\n                    <div class=\"container\">\r\n                        \r\n                        <div class=\"text-modules__content\"><\/p>\n<p style=\"line-height: 0.9; color: #000000; font-family: 'PT Sans Narrow'; font-size: 1.8em;\"><strong>INFORMACJA<\/strong><\/p>\n<p>\n<\/div>\r\n                    <\/div>\r\n                <\/div>[\/vc_column][\/vc_row][vc_row el_class=&#8221;container font-content&#8221;][vc_column width=&#8221;1\/4&#8243;][\/vc_column][vc_column width=&#8221;3\/4&#8243;]\r\n                <div class=\"text-modules\">\r\n                    <div class=\"container\">\r\n                        \r\n                        <div class=\"text-modules__content\"><p>Jeszcze tylko do soboty 15 stycznia 2022 roku mo\u017cna si\u0119 zg\u0142asza\u0107 do udzia\u0142u w programie Transform4Europe Chair Exchange. Dzi\u0119ki tej inicjatywie nauczyciele akademiccy b\u0119d\u0105 mogli poprowadzi\u0107 zaj\u0119cia w wybranej uczelni sojuszu Transform4Europe w semestrze letnim 2021\/2022. Wymiana przewiduje zar\u00f3wno zaj\u0119cia dydaktyczne, jak i dodatkowe aktywno\u015bci na zasadach okre\u015blonych przez poszczeg\u00f3lne uniwersytety partnerskie.<\/p>\n<p>Szczeg\u00f3\u0142owe informacje oraz formularze zg\u0142oszeniowe s\u0105 dost\u0119pne pod adresem: <a href=\"https:\/\/us.edu.pl\/t4e\/en-transform4europe-chair-exchange\/\">www.us.edu.pl\/t4e<\/a>.<\/p>\n<\/div>\r\n                    <\/div>\r\n                <\/div>\r\n                <div class=\"text-modules\">\r\n                    <div class=\"container\">\r\n                        \r\n                        <div class=\"text-modules__content\"><p><img class=\"alignnone wp-image-1331 size-medium\" src=\"https:\/\/us.edu.pl\/t4e\/wp-content\/uploads\/sites\/59\/grafiki\/chair-exchange-2021-2022\/slider_T4Europe-chair-exchange_EN-800x336.jpg\" alt=\"Transform4Europe Chair Exchange\" width=\"100%\" height=\"auto\" srcset=\"https:\/\/us.edu.pl\/t4e\/wp-content\/uploads\/sites\/59\/grafiki\/chair-exchange-2021-2022\/slider_T4Europe-chair-exchange_EN-800x336.jpg 800w, https:\/\/us.edu.pl\/t4e\/wp-content\/uploads\/sites\/59\/grafiki\/chair-exchange-2021-2022\/slider_T4Europe-chair-exchange_EN-768x323.jpg 768w, https:\/\/us.edu.pl\/t4e\/wp-content\/uploads\/sites\/59\/grafiki\/chair-exchange-2021-2022\/slider_T4Europe-chair-exchange_EN-1024x430.jpg 1024w, https:\/\/us.edu.pl\/t4e\/wp-content\/uploads\/sites\/59\/grafiki\/chair-exchange-2021-2022\/slider_T4Europe-chair-exchange_EN-575x242.jpg 575w, https:\/\/us.edu.pl\/t4e\/wp-content\/uploads\/sites\/59\/grafiki\/chair-exchange-2021-2022\/slider_T4Europe-chair-exchange_EN.jpg 1095w\" sizes=\"(max-width: 800px) 100vw, 800px\" \/><\/p>\n<\/div>\r\n                    <\/div>\r\n                <\/div>[\/vc_column][\/vc_row][vc_row el_class=&#8221;container&#8221;][vc_column][vc_separator color=&#8221;custom&#8221; accent_color=&#8221;#71af3a&#8221;][\/vc_column][\/vc_row]<\/p>","protected":false},"excerpt":{"rendered":"<p>[vc_row css=&#8221;.vc_custom_1628696935370{margin-bottom: 0px !important;border-bottom-width: 0px !important;padding-bottom: 0px !important;}&#8221;][vc_column width=&#8221;2\/3&#8243; css=&#8221;.vc_custom_1628676746787{margin-bottom: 0px !important;border-bottom-width: 0px !important;padding-bottom: 0px !important;}&#8221;][vc_empty_space height=&#8221;16px&#8221;][vc_row_inner][vc_column_inner width=&#8221;2\/3&#8243;][vc_empty_space height=&#8221;1px&#8221; css=&#8221;.vc_custom_1628690988868{background-color: #71af3a !important;}&#8221;][\/vc_column_inner][vc_column_inner width=&#8221;1\/3&#8243;][\/vc_column_inner][\/vc_row_inner][\/vc_column][vc_column width=&#8221;1\/3&#8243;][\/vc_column][\/vc_row][vc_row el_class=&#8221;container&#8221;][vc_column][vc_empty_space height=&#8221;48px&#8221;][\/vc_column][\/vc_row][vc_row el_class=&#8221;container font-content&#8221;][vc_column width=&#8221;1\/4&#8243;][\/vc_column][vc_column width=&#8221;3\/4&#8243;][\/vc_column][\/vc_row][vc_row el_class=&#8221;container&#8221;][vc_column][vc_separator color=&#8221;custom&#8221; accent_color=&#8221;#71af3a&#8221;][\/vc_column][\/vc_row] [&#8230;]<\/p>\n<p><a class=\"btn btn-secondary understrap-read-more-link\" href=\"https:\/\/us.edu.pl\/t4e\/transform4europe-chair-exchange-nabor-jeszcze-tylko-do-15-stycznia\/\">Read More&#8230;<\/a><\/p>\n","protected":false},"author":139,"featured_media":1378,"comment_status":"open","ping_status":"open","sticky":false,"template":"","format":"standard","meta":{"_expiration-date-status":"saved","_expiration-date":0,"_expiration-date-type":"","_expiration-date-categories":[],"_expiration-date-options":[]},"categories":[12],"tags":[69,38,68],"acf":[],"_links":{"self":[{"href":"https:\/\/us.edu.pl\/t4e\/wp-json\/wp\/v2\/posts\/1377"}],"collection":[{"href":"https:\/\/us.edu.pl\/t4e\/wp-json\/wp\/v2\/posts"}],"about":[{"href":"https:\/\/us.edu.pl\/t4e\/wp-json\/wp\/v2\/types\/post"}],"author":[{"embeddable":true,"href":"https:\/\/us.edu.pl\/t4e\/wp-json\/wp\/v2\/users\/139"}],"replies":[{"embeddable":true,"href":"https:\/\/us.edu.pl\/t4e\/wp-json\/wp\/v2\/comments?post=1377"}],"version-history":[{"count":4,"href":"https:\/\/us.edu.pl\/t4e\/wp-json\/wp\/v2\/posts\/1377\/revisions"}],"predecessor-version":[{"id":1382,"href":"https:\/\/us.edu.pl\/t4e\/wp-json\/wp\/v2\/posts\/1377\/revisions\/1382"}],"wp:featuredmedia":[{"embeddable":true,"href":"https:\/\/us.edu.pl\/t4e\/wp-json\/wp\/v2\/media\/1378"}],"wp:attachment":[{"href":"https:\/\/us.edu.pl\/t4e\/wp-json\/wp\/v2\/media?parent=1377"}],"wp:term":[{"taxonomy":"category","embeddable":true,"href":"https:\/\/us.edu.pl\/t4e\/wp-json\/wp\/v2\/categories?post=1377"},{"taxonomy":"post_tag","embeddable":true,"href":"https:\/\/us.edu.pl\/t4e\/wp-json\/wp\/v2\/tags?post=1377"}],"curies":[{"name":"wp","href":"https:\/\/api.w.org\/{rel}","templated":true}]}}